{"id":10090,"date":"2013-05-24T01:39:04","date_gmt":"2013-05-23T23:39:04","guid":{"rendered":"http:\/\/www.michael-schumacher.es\/noticias-f1\/?p=10090"},"modified":"2013-05-24T01:39:04","modified_gmt":"2013-05-23T23:39:04","slug":"entrenamientos-gp-de-monaco-monte-carlo-2013-red-bull","status":"publish","type":"post","link":"http:\/\/www.michael-schumacher.es\/noticias-f1\/2013\/05\/24\/entrenamientos-gp-de-monaco-monte-carlo-2013-red-bull\/","title":{"rendered":"Entrenamientos GP de M\u00f3naco, Monte Carlo 2013. Red Bull"},"content":{"rendered":"<p><a href=\"http:\/\/www.michael-schumacher.es\/noticias-f1\/wp-content\/uploads\/2013\/03\/mark_webber_test-bcn-2013_david-sarro.jpg\"><img loading=\"lazy\" class=\"alignleft\" alt=\"mark_webber_test-bcn-2013_david-sarro\" src=\"http:\/\/www.michael-schumacher.es\/noticias-f1\/wp-content\/uploads\/2013\/03\/mark_webber_test-bcn-2013_david-sarro.jpg\" width=\"200\" height=\"133\" \/><\/a>Red Bull ha tenido una discreta jornada de viernes, jueves en M\u00f3naco, sin destacar demasiado por su ritmo, aunque han perdido bastante tiempo realizando cambios, como es natural en la jornada de entrenamientos y tambi\u00e9n han conseguido recoger\u00a0 bastantes datos que estudiar para preparar la calificaci\u00f3n y la carrera en la que seguramente su ritmo ser\u00e1 mucho mejor.<\/p>\n<p><!--more--> <!--noteaser--><\/p>\n<p><a href=\"http:\/\/www.michael-schumacher.es\/noticias-f1\/wp-content\/uploads\/2013\/03\/mark_webber_test-bcn-2013_david-sarro.jpg\"><img loading=\"lazy\" class=\"aligncenter size-full wp-image-8304\" alt=\"mark_webber_test-bcn-2013_david-sarro\" src=\"http:\/\/www.michael-schumacher.es\/noticias-f1\/wp-content\/uploads\/2013\/03\/mark_webber_test-bcn-2013_david-sarro.jpg\" width=\"650\" height=\"433\" srcset=\"http:\/\/www.michael-schumacher.es\/noticias-f1\/wp-content\/uploads\/2013\/03\/mark_webber_test-bcn-2013_david-sarro.jpg 650w, http:\/\/www.michael-schumacher.es\/noticias-f1\/wp-content\/uploads\/2013\/03\/mark_webber_test-bcn-2013_david-sarro-300x199.jpg 300w\" sizes=\"(max-width: 650px) 100vw, 650px\" \/><\/a><\/p>\n<p>&nbsp;<\/p>\n<p>Red Bull ha tenido una discreta jornada de viernes, jueves en M\u00f3naco, sin destacar demasiado por su ritmo, aunque han perdido bastante tiempo realizando cambios, como es natural en la jornada de entrenamientos y tambi\u00e9n han conseguido recoger\u00a0 bastantes datos que estudiar para preparar la calificaci\u00f3n y la carrera en la que seguramente su ritmo ser\u00e1 mucho mejor.<\/p>\n<p>&nbsp;<\/p>\n<p>Mark Webber ha finalizado la primera sesi\u00f3n hoy en posici\u00f3n 7\u00ba y\u00a0 la segunda sesi\u00f3n de Pr\u00e1cticas en posici\u00f3n 5\u00ba, aunque el piloto considera que ha sido una de las mejores sesiones de pr\u00e1cticas de los \u00faltimos a\u00f1os en M\u00f3naco, aunque reconoce que tienen trabajo por delante. Sebastian Vettel\u00a0 que ha finalizado la primera sesi\u00f3n en posici\u00f3n 10\u00ba y la segunda sesi\u00f3n en posici\u00f3n\u00a0 9\u00ba, con bastante tiempo perdido por realizar cambios y sin KERS en la segunda sesi\u00f3n, reconoce que quiere m\u00e1s tiempo por vuelta y ser m\u00e1s competitivos, as\u00ed que sin duda el equipo tiene trabajo por hacer para mejorar de cara a clasificaci\u00f3n y carrera.<\/p>\n<p>&nbsp;<\/p>\n<p><strong>Mark Webber:<\/strong> <em>\u00abCreo que tradicionalmente nunca somos demasiado el\u00e9ctricos aqu\u00ed los jueves, por lo que hoy en realidad es uno de los mejores que hemos tenido en los \u00faltimos a\u00f1os. Tienes que estar muy, muy centrado aqu\u00ed, la concentraci\u00f3n es muy, muy alta. Es un lugar dif\u00edcil de sacar todo junto, si queremos conseguir obviamente el rendimiento a en tandas cortas, as\u00ed como la obtenci\u00f3n de datos de tandas cortas y tandas largas, que creo que es lo que tenemos. Hay algunos coches r\u00e1pidos por ah\u00ed, hemos visto los s\u00e1bados en los \u00faltimos Grandes Premios. En definitiva, un d\u00eda bastante suave para nosotros, tenemos un mont\u00f3n de trabajo ahora. \u00ab<\/em><\/p>\n<p>&nbsp;<\/p>\n<p><strong>Sebastian Vettel:<\/strong> <em>\u00abCreo que en general estaba bien. Desafortunadamente hemos perdido bastante tiempo en la tarde, mientras est\u00e1bamos haciendo algunos cambios, pero puede suceder el viernes, o en este caso el jueves. Nos gustar\u00eda ser un poco m\u00e1s competitivos, as\u00ed que tenemos que tratar de encontrar un poco m\u00e1s de tiempo por vuelta. Tuvimos un problema con el KERS esta tarde, as\u00ed que no usamos el sistema durante P2. Los chicos saben ya, cu\u00e1l era el problema\u00bb.<\/em><\/p>\n<p>&nbsp;<\/p>\n<p><strong>Imagen:<\/strong> David Sarr\u00f3<\/p>\n<div class=\"sharedaddy sd-sharing-enabled\"><div class=\"robots-nocontent sd-block sd-social sd-social-official sd-sharing\"><h3 class=\"sd-title\">Opciones Sociales:<\/h3><div class=\"sd-content\"><ul><li class=\"share-facebook\"><div class=\"fb-share-button\" data-href=\"http:\/\/www.michael-schumacher.es\/noticias-f1\/2013\/05\/24\/entrenamientos-gp-de-monaco-monte-carlo-2013-red-bull\/\" data-layout=\"button_count\"><\/div><\/li><li class=\"share-twitter\"><a href=\"https:\/\/twitter.com\/share\" class=\"twitter-share-button\" data-url=\"http:\/\/www.michael-schumacher.es\/noticias-f1\/2013\/05\/24\/entrenamientos-gp-de-monaco-monte-carlo-2013-red-bull\/\" data-text=\"Entrenamientos GP de M\u00f3naco, Monte Carlo 2013. Red Bull\"  >Tweet<\/a><\/li><li class=\"share-email\"><a rel=\"nofollow noopener noreferrer\" data-shared=\"\" class=\"share-email sd-button\" href=\"http:\/\/www.michael-schumacher.es\/noticias-f1\/2013\/05\/24\/entrenamientos-gp-de-monaco-monte-carlo-2013-red-bull\/?share=email\" target=\"_blank\" title=\"Haz clic para enviar por correo electr\u00f3nico a un amigo\"><span>Correo electr\u00f3nico<\/span><\/a><\/li><li class=\"share-end\"><\/li><\/ul><\/div><\/div><\/div>","protected":false},"excerpt":{"rendered":"<p>Red Bull ha tenido una discreta jornada de viernes, jueves en M\u00f3naco, sin destacar demasiado por su ritmo, aunque han perdido bastante tiempo realizando cambios, como es natural en la jornada de entrenamientos y tambi\u00e9n han conseguido recoger\u00a0 bastantes datos que estudiar para preparar la calificaci\u00f3n y la carrera en la que seguramente su ritmo [&hellip;]<\/p>\n<div class=\"sharedaddy sd-sharing-enabled\"><div class=\"robots-nocontent sd-block sd-social sd-social-official sd-sharing\"><h3 class=\"sd-title\">Opciones Sociales:<\/h3><div class=\"sd-content\"><ul><li class=\"share-facebook\"><div class=\"fb-share-button\" data-href=\"http:\/\/www.michael-schumacher.es\/noticias-f1\/2013\/05\/24\/entrenamientos-gp-de-monaco-monte-carlo-2013-red-bull\/\" data-layout=\"button_count\"><\/div><\/li><li class=\"share-twitter\"><a href=\"https:\/\/twitter.com\/share\" class=\"twitter-share-button\" data-url=\"http:\/\/www.michael-schumacher.es\/noticias-f1\/2013\/05\/24\/entrenamientos-gp-de-monaco-monte-carlo-2013-red-bull\/\" data-text=\"Entrenamientos GP de M\u00f3naco, Monte Carlo 2013. Red Bull\"  >Tweet<\/a><\/li><li class=\"share-email\"><a rel=\"nofollow noopener noreferrer\" data-shared=\"\" class=\"share-email sd-button\" href=\"http:\/\/www.michael-schumacher.es\/noticias-f1\/2013\/05\/24\/entrenamientos-gp-de-monaco-monte-carlo-2013-red-bull\/?share=email\" target=\"_blank\" title=\"Haz clic para enviar por correo electr\u00f3nico a un amigo\"><span>Correo electr\u00f3nico<\/span><\/a><\/li><li class=\"share-end\"><\/li><\/ul><\/div><\/div><\/div>","protected":false},"author":3,"featured_media":0,"comment_status":"open","ping_status":"open","sticky":false,"template":"","format":"standard","meta":{"_monsterinsights_skip_tracking":false,"_monsterinsights_sitenote_active":false,"_monsterinsights_sitenote_note":"","_monsterinsights_sitenote_category":0,"spay_email":"","jetpack_publicize_message":"","jetpack_is_tweetstorm":false,"jetpack_publicize_feature_enabled":true},"categories":[67,3],"tags":[373,131,393,17,15,6,8,379,72,404,405,1245,51,71,30,73],"jetpack_featured_media_url":"","jetpack_publicize_connections":[],"jetpack_sharing_enabled":true,"jetpack_shortlink":"https:\/\/wp.me\/p27q3P-2CK","_links":{"self":[{"href":"http:\/\/www.michael-schumacher.es\/noticias-f1\/wp-json\/wp\/v2\/posts\/10090"}],"collection":[{"href":"http:\/\/www.michael-schumacher.es\/noticias-f1\/wp-json\/wp\/v2\/posts"}],"about":[{"href":"http:\/\/www.michael-schumacher.es\/noticias-f1\/wp-json\/wp\/v2\/types\/post"}],"author":[{"embeddable":true,"href":"http:\/\/www.michael-schumacher.es\/noticias-f1\/wp-json\/wp\/v2\/users\/3"}],"replies":[{"embeddable":true,"href":"http:\/\/www.michael-schumacher.es\/noticias-f1\/wp-json\/wp\/v2\/comments?post=10090"}],"version-history":[{"count":0,"href":"http:\/\/www.michael-schumacher.es\/noticias-f1\/wp-json\/wp\/v2\/posts\/10090\/revisions"}],"wp:attachment":[{"href":"http:\/\/www.michael-schumacher.es\/noticias-f1\/wp-json\/wp\/v2\/media?parent=10090"}],"wp:term":[{"taxonomy":"category","embeddable":true,"href":"http:\/\/www.michael-schumacher.es\/noticias-f1\/wp-json\/wp\/v2\/categories?post=10090"},{"taxonomy":"post_tag","embeddable":true,"href":"http:\/\/www.michael-schumacher.es\/noticias-f1\/wp-json\/wp\/v2\/tags?post=10090"}],"curies":[{"name":"wp","href":"https:\/\/api.w.org\/{rel}","templated":true}]}}