{"id":10098,"date":"2013-05-25T00:41:38","date_gmt":"2013-05-24T22:41:38","guid":{"rendered":"http:\/\/www.michael-schumacher.es\/noticias-f1\/?p=10098"},"modified":"2013-05-25T00:41:38","modified_gmt":"2013-05-24T22:41:38","slug":"ecclestone-podria-haber-pedido-a-raikkonen-quitar-de-su-casco-el-homenaje-a-james-hunt","status":"publish","type":"post","link":"http:\/\/www.michael-schumacher.es\/noticias-f1\/2013\/05\/25\/ecclestone-podria-haber-pedido-a-raikkonen-quitar-de-su-casco-el-homenaje-a-james-hunt\/","title":{"rendered":"Ecclestone podr\u00eda haber pedido a Raikkonen quitar de su casco el homenaje a James Hunt"},"content":{"rendered":"<p><a href=\"http:\/\/www.michael-schumacher.es\/noticias-f1\/wp-content\/uploads\/2013\/04\/kimi_raikkonen_2_test-bcn-2013_david-sarro.jpg\"><img loading=\"lazy\" class=\"alignleft\" alt=\"Kimi Raikkonen 2 - Test Barcelona 2013 - David Sarr\u00f3\" src=\"http:\/\/www.michael-schumacher.es\/noticias-f1\/wp-content\/uploads\/2013\/04\/kimi_raikkonen_2_test-bcn-2013_david-sarro.jpg\" width=\"200\" height=\"133\" \/><\/a>Kimi Raikkonen ha querido tambi\u00e9n este a\u00f1o, hacer un homenaje\u00a0en su casco especial de M\u00f3naco a James Simon Wallis Hunt, piloto de F1 y comentarista de automovilismo en televisi\u00f3n fue conocido como un piloto r\u00e1pido y espectacular, aunque con facilidad a sufrir aparatosos accidentes, tambi\u00e9n con una personalidad especial, era conocido por ser amigo de las fiestas, fumador empedernido y un playboy.<\/p>\n<p><!--more--> <!--noteaser--><\/p>\n<p><a href=\"http:\/\/www.michael-schumacher.es\/noticias-f1\/wp-content\/uploads\/2013\/04\/kimi_raikkonen_2_test-bcn-2013_david-sarro.jpg\"><img loading=\"lazy\" class=\"aligncenter size-full wp-image-9350\" alt=\"Kimi Raikkonen 2 - Test Barcelona 2013 - David Sarr\u00f3\" src=\"http:\/\/www.michael-schumacher.es\/noticias-f1\/wp-content\/uploads\/2013\/04\/kimi_raikkonen_2_test-bcn-2013_david-sarro.jpg\" width=\"650\" height=\"433\" srcset=\"http:\/\/www.michael-schumacher.es\/noticias-f1\/wp-content\/uploads\/2013\/04\/kimi_raikkonen_2_test-bcn-2013_david-sarro.jpg 650w, http:\/\/www.michael-schumacher.es\/noticias-f1\/wp-content\/uploads\/2013\/04\/kimi_raikkonen_2_test-bcn-2013_david-sarro-300x199.jpg 300w\" sizes=\"(max-width: 650px) 100vw, 650px\" \/><\/a><\/p>\n<p>&nbsp;<\/p>\n<p>Kimi Raikkonen ha querido tambi\u00e9n este a\u00f1o, hacer un homenaje\u00a0en su casco especial de M\u00f3naco a James Simon Wallis Hunt, piloto de F1 y comentarista de automovilismo en televisi\u00f3n fue conocido como un piloto r\u00e1pido y espectacular, aunque con facilidad a sufrir aparatosos accidentes, tambi\u00e9n con una personalidad especial, era conocido por ser amigo de las fiestas, fumador empedernido y un playboy.<\/p>\n<p>&nbsp;<\/p>\n<p>Pero parece que Bernie Ecclestone no est\u00e1 muy de acuerdo, con este homenaje en el casco de Kimi, ya que la considera publicidad encubierta, teniendo en cuenta que en 2013 se estrenar\u00e1 su film, bajo el nombre de Rush, basada en la confrontaci\u00f3n entre Hunt y Niki Lauda en 1976, al que le dar\u00e1 vida el actor australiano Chris Hemsworth. Por lo que seg\u00fan aseguran medios de comunicaci\u00f3n como Speed Week y Turun Sanomat, Eclestone habr\u00eda podido pedir a Kimi tapar la zona del casco o volver a utilizar su casco original. Recordemos que en la parte de atr\u00e1s del casco de Kimi se puede ver la frase <strong>\u00abKimi on the Hunt\u00bb<\/strong> (Kimi a la caza).<\/p>\n<p>&nbsp;<\/p>\n<p>Aunque Kimi Raikkonen seg\u00fan dijo a Speed Week, cuando se le pregunt\u00f3, aseguro no tener noticias de este asunto y que iba a usar el casco todo el fin de semana:<strong> \u00abNo s\u00e9 nada de eso. Hasta donde yo s\u00e9, voy a usar el casco este fin de semana.\u00bb<\/strong><\/p>\n<p>&nbsp;<\/p>\n<p><strong>Imagen:<\/strong> David Sarr\u00f3<\/p>\n<div class=\"sharedaddy sd-sharing-enabled\"><div class=\"robots-nocontent sd-block sd-social sd-social-official sd-sharing\"><h3 class=\"sd-title\">Opciones Sociales:<\/h3><div class=\"sd-content\"><ul><li class=\"share-facebook\"><div class=\"fb-share-button\" data-href=\"http:\/\/www.michael-schumacher.es\/noticias-f1\/2013\/05\/25\/ecclestone-podria-haber-pedido-a-raikkonen-quitar-de-su-casco-el-homenaje-a-james-hunt\/\" data-layout=\"button_count\"><\/div><\/li><li class=\"share-twitter\"><a href=\"https:\/\/twitter.com\/share\" class=\"twitter-share-button\" data-url=\"http:\/\/www.michael-schumacher.es\/noticias-f1\/2013\/05\/25\/ecclestone-podria-haber-pedido-a-raikkonen-quitar-de-su-casco-el-homenaje-a-james-hunt\/\" data-text=\"Ecclestone podr\u00eda haber pedido a Raikkonen quitar de su casco el homenaje a James Hunt\"  >Tweet<\/a><\/li><li class=\"share-email\"><a rel=\"nofollow noopener noreferrer\" data-shared=\"\" class=\"share-email sd-button\" href=\"http:\/\/www.michael-schumacher.es\/noticias-f1\/2013\/05\/25\/ecclestone-podria-haber-pedido-a-raikkonen-quitar-de-su-casco-el-homenaje-a-james-hunt\/?share=email\" target=\"_blank\" title=\"Haz clic para enviar por correo electr\u00f3nico a un amigo\"><span>Correo electr\u00f3nico<\/span><\/a><\/li><li class=\"share-end\"><\/li><\/ul><\/div><\/div><\/div>","protected":false},"excerpt":{"rendered":"<p>Kimi Raikkonen ha querido tambi\u00e9n este a\u00f1o, hacer un homenaje\u00a0en su casco especial de M\u00f3naco a James Simon Wallis Hunt, piloto de F1 y comentarista de automovilismo en televisi\u00f3n fue conocido como un piloto r\u00e1pido y espectacular, aunque con facilidad a sufrir aparatosos accidentes, tambi\u00e9n con una personalidad especial, era conocido por ser amigo de [&hellip;]<\/p>\n<div class=\"sharedaddy sd-sharing-enabled\"><div class=\"robots-nocontent sd-block sd-social sd-social-official sd-sharing\"><h3 class=\"sd-title\">Opciones Sociales:<\/h3><div class=\"sd-content\"><ul><li class=\"share-facebook\"><div class=\"fb-share-button\" data-href=\"http:\/\/www.michael-schumacher.es\/noticias-f1\/2013\/05\/25\/ecclestone-podria-haber-pedido-a-raikkonen-quitar-de-su-casco-el-homenaje-a-james-hunt\/\" data-layout=\"button_count\"><\/div><\/li><li class=\"share-twitter\"><a href=\"https:\/\/twitter.com\/share\" class=\"twitter-share-button\" data-url=\"http:\/\/www.michael-schumacher.es\/noticias-f1\/2013\/05\/25\/ecclestone-podria-haber-pedido-a-raikkonen-quitar-de-su-casco-el-homenaje-a-james-hunt\/\" data-text=\"Ecclestone podr\u00eda haber pedido a Raikkonen quitar de su casco el homenaje a James Hunt\"  >Tweet<\/a><\/li><li class=\"share-email\"><a rel=\"nofollow noopener noreferrer\" data-shared=\"\" class=\"share-email sd-button\" href=\"http:\/\/www.michael-schumacher.es\/noticias-f1\/2013\/05\/25\/ecclestone-podria-haber-pedido-a-raikkonen-quitar-de-su-casco-el-homenaje-a-james-hunt\/?share=email\" target=\"_blank\" title=\"Haz clic para enviar por correo electr\u00f3nico a un amigo\"><span>Correo electr\u00f3nico<\/span><\/a><\/li><li class=\"share-end\"><\/li><\/ul><\/div><\/div><\/div>","protected":false},"author":3,"featured_media":0,"comment_status":"open","ping_status":"open","sticky":false,"template":"","format":"standard","meta":{"_monsterinsights_skip_tracking":false,"_monsterinsights_sitenote_active":false,"_monsterinsights_sitenote_note":"","_monsterinsights_sitenote_category":0,"spay_email":"","jetpack_publicize_message":"","jetpack_is_tweetstorm":false,"jetpack_publicize_feature_enabled":true},"categories":[3],"tags":[432,320,431,17,15,3443,81,404,3441,880,3442,24,879],"jetpack_featured_media_url":"","jetpack_publicize_connections":[],"jetpack_sharing_enabled":true,"jetpack_shortlink":"https:\/\/wp.me\/p27q3P-2CS","_links":{"self":[{"href":"http:\/\/www.michael-schumacher.es\/noticias-f1\/wp-json\/wp\/v2\/posts\/10098"}],"collection":[{"href":"http:\/\/www.michael-schumacher.es\/noticias-f1\/wp-json\/wp\/v2\/posts"}],"about":[{"href":"http:\/\/www.michael-schumacher.es\/noticias-f1\/wp-json\/wp\/v2\/types\/post"}],"author":[{"embeddable":true,"href":"http:\/\/www.michael-schumacher.es\/noticias-f1\/wp-json\/wp\/v2\/users\/3"}],"replies":[{"embeddable":true,"href":"http:\/\/www.michael-schumacher.es\/noticias-f1\/wp-json\/wp\/v2\/comments?post=10098"}],"version-history":[{"count":0,"href":"http:\/\/www.michael-schumacher.es\/noticias-f1\/wp-json\/wp\/v2\/posts\/10098\/revisions"}],"wp:attachment":[{"href":"http:\/\/www.michael-schumacher.es\/noticias-f1\/wp-json\/wp\/v2\/media?parent=10098"}],"wp:term":[{"taxonomy":"category","embeddable":true,"href":"http:\/\/www.michael-schumacher.es\/noticias-f1\/wp-json\/wp\/v2\/categories?post=10098"},{"taxonomy":"post_tag","embeddable":true,"href":"http:\/\/www.michael-schumacher.es\/noticias-f1\/wp-json\/wp\/v2\/tags?post=10098"}],"curies":[{"name":"wp","href":"https:\/\/api.w.org\/{rel}","templated":true}]}}