{"id":10134,"date":"2013-05-25T21:18:50","date_gmt":"2013-05-25T19:18:50","guid":{"rendered":"http:\/\/www.michael-schumacher.es\/noticias-f1\/?p=10134"},"modified":"2013-05-25T21:18:50","modified_gmt":"2013-05-25T19:18:50","slug":"calificacion-gp-de-monaco-monte-carlo-2013-marussia","status":"publish","type":"post","link":"http:\/\/www.michael-schumacher.es\/noticias-f1\/2013\/05\/25\/calificacion-gp-de-monaco-monte-carlo-2013-marussia\/","title":{"rendered":"Calificaci\u00f3n GP de M\u00f3naco, Monte Carlo 2013. Marussia"},"content":{"rendered":"<p><a href=\"http:\/\/www.michael-schumacher.es\/noticias-f1\/wp-content\/uploads\/2013\/03\/jules_bianchi_test-bcn-2013_david-sarro.jpg\"><img loading=\"lazy\" class=\"alignleft\" alt=\"Jules Bianchi  - Test Bcn 2013 - David Sarr\u00f3\" src=\"http:\/\/www.michael-schumacher.es\/noticias-f1\/wp-content\/uploads\/2013\/03\/jules_bianchi_test-bcn-2013_david-sarro.jpg\" width=\"200\" height=\"133\" \/><\/a>El equipo Marussia tras una buena jornada de entrenamientos el jueves, ha tenido hoy una decepcionante clasificaci\u00f3n, teniendo en cuenta que uno de sus coches no ha podido salir\u00a0 por problemas mec\u00e1nicos y con el otro coche las cosas no fueron muy bien y no consiguieron adaptarse a los cambios de tiempo y no utilizaron bien el mejor momento de sus neum\u00e1ticos. Ahora esperan una dura carrera pero har\u00e1n todo lo posible.<\/p>\n<p><!--more--> <!--noteaser--><\/p>\n<p><a href=\"http:\/\/www.michael-schumacher.es\/noticias-f1\/wp-content\/uploads\/2013\/03\/jules_bianchi_test-bcn-2013_david-sarro.jpg\"><img loading=\"lazy\" class=\"aligncenter size-full wp-image-8228\" alt=\"Jules Bianchi  - Test Bcn 2013 - David Sarr\u00f3\" src=\"http:\/\/www.michael-schumacher.es\/noticias-f1\/wp-content\/uploads\/2013\/03\/jules_bianchi_test-bcn-2013_david-sarro.jpg\" width=\"650\" height=\"433\" srcset=\"http:\/\/www.michael-schumacher.es\/noticias-f1\/wp-content\/uploads\/2013\/03\/jules_bianchi_test-bcn-2013_david-sarro.jpg 650w, http:\/\/www.michael-schumacher.es\/noticias-f1\/wp-content\/uploads\/2013\/03\/jules_bianchi_test-bcn-2013_david-sarro-300x199.jpg 300w\" sizes=\"(max-width: 650px) 100vw, 650px\" \/><\/a><\/p>\n<p>&nbsp;<\/p>\n<p>El equipo Marussia tras una buena jornada de entrenamientos el jueves, ha tenido hoy una decepcionante clasificaci\u00f3n, teniendo en cuenta que uno de sus coches no ha podido salir\u00a0 por problemas mec\u00e1nicos y con el otro coche las cosas no fueron muy bien y no consiguieron adaptarse a los cambios de tiempo y no utilizaron bien el mejor momento de sus neum\u00e1ticos. Ahora esperan una dura carrera pero har\u00e1n todo lo posible.<\/p>\n<p>&nbsp;<\/p>\n<p>Max Chilton\u00a0 finaliz\u00f3 en la posici\u00f3n 20\u00aa, con una calificaci\u00f3n dura para \u00e9l ya que no utilizaron lo mejor de los neum\u00e1ticos en el momento adecuado, el piloto intentara ma\u00f1ana aprovechar las oportunidades que se puedan presentar. Jules Bianchi, todav\u00eda ha tenido peor suerte que su compa\u00f1ero ya que ni siquiera pudo rodar en una clasificaci\u00f3n en casa para \u00e9l, por problemas mec\u00e1nicos, ahora aunque las circunstancias, tratara de hacer el mejor trabajo posible.<\/p>\n<p>&nbsp;<\/p>\n<p><strong>Max Chilton:<\/strong> <em>\u00abDespu\u00e9s de un buen comienzo el jueves, hoy ha sido un gran desaf\u00edo a las condiciones dif\u00edciles que tuvimos en la calificaci\u00f3n. Naturalmente, yo estaba esperando una posici\u00f3n mejor, porque se trata de posici\u00f3n en la parrilla de M\u00f3naco. Creo que saque lo mejor de los neum\u00e1ticos demasiado pronto y simplemente no estaba all\u00ed al final, cuando la pista estaba un poco seca. Es decepcionante porque va a ser una larga carrera ma\u00f1ana. El clima se ve bien, as\u00ed que con una primera vuelta limpia voy a estar esperando para aprovechar la mejor de las oportunidades que se nos presenten\u201d.<\/em><\/p>\n<p>&nbsp;<\/p>\n<p><strong>Jules Bianchi:<\/strong> <em>\u00abPor supuesto que estaba esperando una buena oportunidad de clasificarme en la carrera de casa, por lo que es muy decepcionante tener que parar tan pronto y no participar en la sesi\u00f3n. El equipo no est\u00e1 del todo seguro de la causa del problema por el momento, pero estaba claro que no habr\u00eda sido capaz de completar las vueltas, por lo que me pidieron que me detuviera. Tenemos que esperar a ver qu\u00e9 pasa. Creo que podr\u00eda ser una carrera muy emocionante para todos ma\u00f1ana, las cosas no han sido sencillas a trav\u00e9s del campo as\u00ed que tenemos que seguir centrados y ver qu\u00e9 pasa y luego hacer el mejor trabajo posible en lo que son unas circunstancias dif\u00edciles\u201d.<\/em><\/p>\n<p>&nbsp;<\/p>\n<p><strong>John Booth, director del equipo:<\/strong> <em>\u00abEn FP3 esta ma\u00f1ana nos decidimos a hacer un poco m\u00e1s de trabajo en nuestro ritmo en tandas largas, despu\u00e9s de haber sido menos feliz que este jueves. Tenemos muy poco de la opci\u00f3n de neum\u00e1ticos, as\u00ed que sab\u00edamos calificaci\u00f3n iba a ser un reto incluso antes de que el tiempo se puso en contra de nosotros. Necesit\u00e1bamos una sesi\u00f3n en seco para nuestros dos pilotos, que nunca se han pilotado en M\u00f3naco en un coche de F\u00f3rmula Uno en mojado antes. Lo sentimos mucho por el problema que imped\u00eda Jules de participar en la sesi\u00f3n y vamos a trabajar para asegurarnos de que se rectifique para el futuro. Con Max no est\u00e1bamos quiz\u00e1s muy all\u00e1 en cuanto al momento \u00f3ptimo para encajar el \u00faltimo juego de neum\u00e1ticos intermedios. Ser\u00e1 una carrera dura ma\u00f1ana, pero vamos a dar lo mejor de nosotros y ver lo que podemos hacer con \u00e9l\u201d.<\/em><\/p>\n<p>&nbsp;<\/p>\n<p><strong>Imagen:<\/strong> David Sarr\u00f3<\/p>\n<div class=\"sharedaddy sd-sharing-enabled\"><div class=\"robots-nocontent sd-block sd-social sd-social-official sd-sharing\"><h3 class=\"sd-title\">Opciones Sociales:<\/h3><div class=\"sd-content\"><ul><li class=\"share-facebook\"><div class=\"fb-share-button\" data-href=\"http:\/\/www.michael-schumacher.es\/noticias-f1\/2013\/05\/25\/calificacion-gp-de-monaco-monte-carlo-2013-marussia\/\" data-layout=\"button_count\"><\/div><\/li><li class=\"share-twitter\"><a href=\"https:\/\/twitter.com\/share\" class=\"twitter-share-button\" data-url=\"http:\/\/www.michael-schumacher.es\/noticias-f1\/2013\/05\/25\/calificacion-gp-de-monaco-monte-carlo-2013-marussia\/\" data-text=\"Calificaci\u00f3n GP de M\u00f3naco, Monte Carlo 2013. Marussia\"  >Tweet<\/a><\/li><li class=\"share-email\"><a rel=\"nofollow noopener noreferrer\" data-shared=\"\" class=\"share-email sd-button\" href=\"http:\/\/www.michael-schumacher.es\/noticias-f1\/2013\/05\/25\/calificacion-gp-de-monaco-monte-carlo-2013-marussia\/?share=email\" target=\"_blank\" title=\"Haz clic para enviar por correo electr\u00f3nico a un amigo\"><span>Correo electr\u00f3nico<\/span><\/a><\/li><li class=\"share-end\"><\/li><\/ul><\/div><\/div><\/div>","protected":false},"excerpt":{"rendered":"<p>El equipo Marussia tras una buena jornada de entrenamientos el jueves, ha tenido hoy una decepcionante clasificaci\u00f3n, teniendo en cuenta que uno de sus coches no ha podido salir\u00a0 por problemas mec\u00e1nicos y con el otro coche las cosas no fueron muy bien y no consiguieron adaptarse a los cambios de tiempo y no utilizaron [&hellip;]<\/p>\n<div class=\"sharedaddy sd-sharing-enabled\"><div class=\"robots-nocontent sd-block sd-social sd-social-official sd-sharing\"><h3 class=\"sd-title\">Opciones Sociales:<\/h3><div class=\"sd-content\"><ul><li class=\"share-facebook\"><div class=\"fb-share-button\" data-href=\"http:\/\/www.michael-schumacher.es\/noticias-f1\/2013\/05\/25\/calificacion-gp-de-monaco-monte-carlo-2013-marussia\/\" data-layout=\"button_count\"><\/div><\/li><li class=\"share-twitter\"><a href=\"https:\/\/twitter.com\/share\" class=\"twitter-share-button\" data-url=\"http:\/\/www.michael-schumacher.es\/noticias-f1\/2013\/05\/25\/calificacion-gp-de-monaco-monte-carlo-2013-marussia\/\" data-text=\"Calificaci\u00f3n GP de M\u00f3naco, Monte Carlo 2013. Marussia\"  >Tweet<\/a><\/li><li class=\"share-email\"><a rel=\"nofollow noopener noreferrer\" data-shared=\"\" class=\"share-email sd-button\" href=\"http:\/\/www.michael-schumacher.es\/noticias-f1\/2013\/05\/25\/calificacion-gp-de-monaco-monte-carlo-2013-marussia\/?share=email\" target=\"_blank\" title=\"Haz clic para enviar por correo electr\u00f3nico a un amigo\"><span>Correo electr\u00f3nico<\/span><\/a><\/li><li class=\"share-end\"><\/li><\/ul><\/div><\/div><\/div>","protected":false},"author":3,"featured_media":0,"comment_status":"open","ping_status":"open","sticky":false,"template":"","format":"standard","meta":{"_monsterinsights_skip_tracking":false,"_monsterinsights_sitenote_active":false,"_monsterinsights_sitenote_note":"","_monsterinsights_sitenote_category":0,"spay_email":"","jetpack_publicize_message":"","jetpack_is_tweetstorm":false,"jetpack_publicize_feature_enabled":true},"categories":[68,3],"tags":[373,1300,155,2346,159,17,15,6,8,120,397,139,2345,404,405],"jetpack_featured_media_url":"","jetpack_publicize_connections":[],"jetpack_sharing_enabled":true,"jetpack_shortlink":"https:\/\/wp.me\/p27q3P-2Ds","_links":{"self":[{"href":"http:\/\/www.michael-schumacher.es\/noticias-f1\/wp-json\/wp\/v2\/posts\/10134"}],"collection":[{"href":"http:\/\/www.michael-schumacher.es\/noticias-f1\/wp-json\/wp\/v2\/posts"}],"about":[{"href":"http:\/\/www.michael-schumacher.es\/noticias-f1\/wp-json\/wp\/v2\/types\/post"}],"author":[{"embeddable":true,"href":"http:\/\/www.michael-schumacher.es\/noticias-f1\/wp-json\/wp\/v2\/users\/3"}],"replies":[{"embeddable":true,"href":"http:\/\/www.michael-schumacher.es\/noticias-f1\/wp-json\/wp\/v2\/comments?post=10134"}],"version-history":[{"count":0,"href":"http:\/\/www.michael-schumacher.es\/noticias-f1\/wp-json\/wp\/v2\/posts\/10134\/revisions"}],"wp:attachment":[{"href":"http:\/\/www.michael-schumacher.es\/noticias-f1\/wp-json\/wp\/v2\/media?parent=10134"}],"wp:term":[{"taxonomy":"category","embeddable":true,"href":"http:\/\/www.michael-schumacher.es\/noticias-f1\/wp-json\/wp\/v2\/categories?post=10134"},{"taxonomy":"post_tag","embeddable":true,"href":"http:\/\/www.michael-schumacher.es\/noticias-f1\/wp-json\/wp\/v2\/tags?post=10134"}],"curies":[{"name":"wp","href":"https:\/\/api.w.org\/{rel}","templated":true}]}}