{"id":10153,"date":"2013-05-26T02:23:49","date_gmt":"2013-05-26T00:23:49","guid":{"rendered":"http:\/\/www.michael-schumacher.es\/noticias-f1\/?p=10153"},"modified":"2013-05-26T02:52:33","modified_gmt":"2013-05-26T00:52:33","slug":"calificacion-gp-de-monaco-monte-carlo-2013-mclaren","status":"publish","type":"post","link":"http:\/\/www.michael-schumacher.es\/noticias-f1\/2013\/05\/26\/calificacion-gp-de-monaco-monte-carlo-2013-mclaren\/","title":{"rendered":"Calificaci\u00f3n GP de M\u00f3naco, Monte Carlo 2013. McLaren"},"content":{"rendered":"<p><a href=\"http:\/\/www.michael-schumacher.es\/noticias-f1\/wp-content\/uploads\/2013\/03\/sergio_perez_test-bcn-2013_david-sarro.jpg\"><img loading=\"lazy\" class=\"alignleft\" alt=\"sergio_perez_test-bcn-2013_david-sarro\" src=\"http:\/\/www.michael-schumacher.es\/noticias-f1\/wp-content\/uploads\/2013\/03\/sergio_perez_test-bcn-2013_david-sarro.jpg\" width=\"200\" height=\"133\" \/><\/a>El equipo McLaren sin la menor duda, despacio pero seguros van mejorando, a pesar de que la calificaci\u00f3n ha sido complicada para todos por las condiciones clim\u00e1ticas cambiantes, pero especialmente para Button que tuvo que finalizar la Q3 con una importante falta de potencia, el equipo destaca pese a este problema el pilotaje impecable de sus dos pilotos, que no han cometido ning\u00fan error. Para la carrera de ma\u00f1ana el objetivo es seguir pilotando sin errores y marcar tantos puntos como sea posible.<\/p>\n<p><!--more--> <!--noteaser--><\/p>\n<p><a href=\"http:\/\/www.michael-schumacher.es\/noticias-f1\/wp-content\/uploads\/2013\/03\/sergio_perez_test-bcn-2013_david-sarro.jpg\"><img loading=\"lazy\" class=\"aligncenter size-full wp-image-8310\" alt=\"sergio_perez_test-bcn-2013_david-sarro\" src=\"http:\/\/www.michael-schumacher.es\/noticias-f1\/wp-content\/uploads\/2013\/03\/sergio_perez_test-bcn-2013_david-sarro.jpg\" width=\"650\" height=\"433\" srcset=\"http:\/\/www.michael-schumacher.es\/noticias-f1\/wp-content\/uploads\/2013\/03\/sergio_perez_test-bcn-2013_david-sarro.jpg 650w, http:\/\/www.michael-schumacher.es\/noticias-f1\/wp-content\/uploads\/2013\/03\/sergio_perez_test-bcn-2013_david-sarro-300x199.jpg 300w\" sizes=\"(max-width: 650px) 100vw, 650px\" \/><\/a><\/p>\n<p>&nbsp;<\/p>\n<p>El equipo McLaren sin la menor duda, despacio pero seguros van mejorando, a pesar de que la calificaci\u00f3n ha sido complicada para todos por las condiciones clim\u00e1ticas cambiantes, pero especialmente para Button que tuvo que finalizar la Q3 con una importante falta de potencia, el equipo destaca pese a este problema el pilotaje impecable de sus dos pilotos, que no han cometido ning\u00fan error. Para la carrera de ma\u00f1ana el objetivo es seguir pilotando sin errores y marcar tantos puntos como sea posible.<\/p>\n<p>&nbsp;<\/p>\n<p>Sergio P\u00e9rez ha conseguido clasificar en s\u00e9ptima posici\u00f3n, pero pese a todo est\u00e1 algo decepcionado ya que tras hacer una gran vuelta sin errores, esperaba acabar m\u00e1s arriba, aun as\u00ed destaca el gran trabajo del equipo y conf\u00eda en obtener puntos importantes ma\u00f1ana. Jenson Button que sufri\u00f3 un problema de potencia en su coche al final de la Q3, solamente pudo calificar en novena posici\u00f3n, sin este problema considera que la calificaci\u00f3n habr\u00eda sido bastante mejor para \u00e9l, aun as\u00ed tambi\u00e9n destaca el buen trabajo del equipo y aunque espera una carrera dif\u00edcil<\/p>\n<p>&nbsp;<\/p>\n<p><strong>Sergio P\u00e9rez:<\/strong><em> \u00abNo es grande cruzar la l\u00ednea de meta, sintiendo que has hecho una mega vuelta, y encontrar que s\u00f3lo eres s\u00e9ptimo. Aun as\u00ed, me pusieron una muy buena evoluci\u00f3n hoy aqu\u00ed, y sent\u00ed como si hubiera realmente maximizado el potencial del coche. Sabemos que no estamos ah\u00ed todav\u00eda en cuanto al rendimiento, as\u00ed que tenemos que seguir empujando. Pero el equipo ha hecho un trabajo fant\u00e1stico hasta ahora este fin de semana, y espero que podamos mantener el impulso de ma\u00f1ana y sumar algunos buenos puntos. Cualquier cosa puede pasar en M\u00f3naco el domingo.\u00bb<\/em><\/p>\n<p>&nbsp;<\/p>\n<p><strong>Jenson Button:<\/strong> <em>\u00abNo estoy seguro de lo que pas\u00f3 en mi \u00faltima vuelta en la Q3. Tuvimos un problema con el coche al final, que no ten\u00eda ninguna potencia, as\u00ed que no pude hacer una vuelta r\u00e1pida. Es una pena porque, aparte de ese problema, que tambi\u00e9n vimos al final de la Q2, pod\u00eda haber sido una gran sesi\u00f3n de calificaci\u00f3n para m\u00ed. El equipo hizo un gran trabajo en cuanto a ponerme sobre los neum\u00e1ticos adecuados en el momento adecuado, mientras yo sent\u00eda que estaba manejando bien, en la mayor\u00eda de las condiciones. La carrera de ma\u00f1ana ser\u00e1 dif\u00edcil, partiendo de P9, pero en esta ocasi\u00f3n no hay absolutamente nada que pudiera haber hecho al respecto\u00bb.<\/em><\/p>\n<p>&nbsp;<\/p>\n<p><strong>Martin Whitmarsh El director del equipo, Vodafone McLaren Mercedes:<\/strong> <em>\u00abLa sesi\u00f3n de calificaci\u00f3n de hoy ha sido dif\u00edcil para todos, como siempre aqu\u00ed en M\u00f3naco, pero Jenson y Checo pilotaron impecable. Mientras tanto, por nuestra parte, por lo general nos las arreglamos para conseguir tener a los dos en la pista en el momento adecuado, con los neum\u00e1ticos correctos montados. Checo hizo un excelente trabajo para calificar con el s\u00e9ptimo mejor tiempo, pero Jenson estaba decepcionado por terminar en noveno, desfavorecido como estaba por una p\u00e9rdida de energ\u00eda que le impidi\u00f3 una vuelta r\u00e1pida final en la Q3. Todav\u00eda no sabemos con certeza qu\u00e9 caus\u00f3 que la p\u00e9rdida de potencia, pero ya hab\u00edamos visto signos de al final de la Q2. Vamos a investigar. Ha sido una l\u00e1stima porque, como siempre lo hace en M\u00f3naco, Jenson hab\u00eda estado pilotando muy bien. Siendo ese el caso, estoy seguro de que podr\u00eda haber calificado un poco m\u00e1s cerca de la parte delantera si hubiera tenido otra vuelta en la que hacerlo. Mirando hacia adelante, la carrera de ma\u00f1ana ser\u00e1 larga y dif\u00edcil y, aunque los adelantamientos ser\u00e1 tan dif\u00edciles como siempre, los errores inevitablemente desempe\u00f1ar un papel dram\u00e1tico en el desarrollo de la carrera, y Jenson y Checo estar\u00e1 tratando con todas sus fuerzas para de conducir sin errores nuevamente en un esfuerzo por anotar tantos puntos en el campeonato del mundo como les sea posible\u00bb.<\/em><\/p>\n<p>&nbsp;<\/p>\n<p><strong>Imagen:<\/strong> David Sarr\u00f3<\/p>\n<div class=\"sharedaddy sd-sharing-enabled\"><div class=\"robots-nocontent sd-block sd-social sd-social-official sd-sharing\"><h3 class=\"sd-title\">Opciones Sociales:<\/h3><div class=\"sd-content\"><ul><li class=\"share-facebook\"><div class=\"fb-share-button\" data-href=\"http:\/\/www.michael-schumacher.es\/noticias-f1\/2013\/05\/26\/calificacion-gp-de-monaco-monte-carlo-2013-mclaren\/\" data-layout=\"button_count\"><\/div><\/li><li class=\"share-twitter\"><a href=\"https:\/\/twitter.com\/share\" class=\"twitter-share-button\" data-url=\"http:\/\/www.michael-schumacher.es\/noticias-f1\/2013\/05\/26\/calificacion-gp-de-monaco-monte-carlo-2013-mclaren\/\" data-text=\"Calificaci\u00f3n GP de M\u00f3naco, Monte Carlo 2013. McLaren\"  >Tweet<\/a><\/li><li class=\"share-email\"><a rel=\"nofollow noopener noreferrer\" data-shared=\"\" class=\"share-email sd-button\" href=\"http:\/\/www.michael-schumacher.es\/noticias-f1\/2013\/05\/26\/calificacion-gp-de-monaco-monte-carlo-2013-mclaren\/?share=email\" target=\"_blank\" title=\"Haz clic para enviar por correo electr\u00f3nico a un amigo\"><span>Correo electr\u00f3nico<\/span><\/a><\/li><li class=\"share-end\"><\/li><\/ul><\/div><\/div><\/div>","protected":false},"excerpt":{"rendered":"<p>El equipo McLaren sin la menor duda, despacio pero seguros van mejorando, a pesar de que la calificaci\u00f3n ha sido complicada para todos por las condiciones clim\u00e1ticas cambiantes, pero especialmente para Button que tuvo que finalizar la Q3 con una importante falta de potencia, el equipo destaca pese a este problema el pilotaje impecable de [&hellip;]<\/p>\n<div class=\"sharedaddy sd-sharing-enabled\"><div class=\"robots-nocontent sd-block sd-social sd-social-official sd-sharing\"><h3 class=\"sd-title\">Opciones Sociales:<\/h3><div class=\"sd-content\"><ul><li class=\"share-facebook\"><div class=\"fb-share-button\" data-href=\"http:\/\/www.michael-schumacher.es\/noticias-f1\/2013\/05\/26\/calificacion-gp-de-monaco-monte-carlo-2013-mclaren\/\" data-layout=\"button_count\"><\/div><\/li><li class=\"share-twitter\"><a href=\"https:\/\/twitter.com\/share\" class=\"twitter-share-button\" data-url=\"http:\/\/www.michael-schumacher.es\/noticias-f1\/2013\/05\/26\/calificacion-gp-de-monaco-monte-carlo-2013-mclaren\/\" data-text=\"Calificaci\u00f3n GP de M\u00f3naco, Monte Carlo 2013. McLaren\"  >Tweet<\/a><\/li><li class=\"share-email\"><a rel=\"nofollow noopener noreferrer\" data-shared=\"\" class=\"share-email sd-button\" href=\"http:\/\/www.michael-schumacher.es\/noticias-f1\/2013\/05\/26\/calificacion-gp-de-monaco-monte-carlo-2013-mclaren\/?share=email\" target=\"_blank\" title=\"Haz clic para enviar por correo electr\u00f3nico a un amigo\"><span>Correo electr\u00f3nico<\/span><\/a><\/li><li class=\"share-end\"><\/li><\/ul><\/div><\/div><\/div>","protected":false},"author":3,"featured_media":0,"comment_status":"open","ping_status":"open","sticky":false,"template":"","format":"standard","meta":{"_monsterinsights_skip_tracking":false,"_monsterinsights_sitenote_active":false,"_monsterinsights_sitenote_note":"","_monsterinsights_sitenote_category":0,"spay_email":"","jetpack_publicize_message":"","jetpack_is_tweetstorm":false,"jetpack_publicize_feature_enabled":true},"categories":[68,3],"tags":[373,13,155,159,17,15,6,8,12,115,138,404,405,90,89],"jetpack_featured_media_url":"","jetpack_publicize_connections":[],"jetpack_sharing_enabled":true,"jetpack_shortlink":"https:\/\/wp.me\/p27q3P-2DL","_links":{"self":[{"href":"http:\/\/www.michael-schumacher.es\/noticias-f1\/wp-json\/wp\/v2\/posts\/10153"}],"collection":[{"href":"http:\/\/www.michael-schumacher.es\/noticias-f1\/wp-json\/wp\/v2\/posts"}],"about":[{"href":"http:\/\/www.michael-schumacher.es\/noticias-f1\/wp-json\/wp\/v2\/types\/post"}],"author":[{"embeddable":true,"href":"http:\/\/www.michael-schumacher.es\/noticias-f1\/wp-json\/wp\/v2\/users\/3"}],"replies":[{"embeddable":true,"href":"http:\/\/www.michael-schumacher.es\/noticias-f1\/wp-json\/wp\/v2\/comments?post=10153"}],"version-history":[{"count":0,"href":"http:\/\/www.michael-schumacher.es\/noticias-f1\/wp-json\/wp\/v2\/posts\/10153\/revisions"}],"wp:attachment":[{"href":"http:\/\/www.michael-schumacher.es\/noticias-f1\/wp-json\/wp\/v2\/media?parent=10153"}],"wp:term":[{"taxonomy":"category","embeddable":true,"href":"http:\/\/www.michael-schumacher.es\/noticias-f1\/wp-json\/wp\/v2\/categories?post=10153"},{"taxonomy":"post_tag","embeddable":true,"href":"http:\/\/www.michael-schumacher.es\/noticias-f1\/wp-json\/wp\/v2\/tags?post=10153"}],"curies":[{"name":"wp","href":"https:\/\/api.w.org\/{rel}","templated":true}]}}