{"id":10184,"date":"2013-05-26T23:35:05","date_gmt":"2013-05-26T21:35:05","guid":{"rendered":"http:\/\/www.michael-schumacher.es\/noticias-f1\/?p=10184"},"modified":"2013-05-26T23:35:05","modified_gmt":"2013-05-26T21:35:05","slug":"balance-gp-de-monaco-monte-carlo-2013-mercedes","status":"publish","type":"post","link":"http:\/\/www.michael-schumacher.es\/noticias-f1\/2013\/05\/26\/balance-gp-de-monaco-monte-carlo-2013-mercedes\/","title":{"rendered":"Balance GP de M\u00f3naco, Monte Carlo 2013. Mercedes"},"content":{"rendered":"<p><a href=\"http:\/\/www.michael-schumacher.es\/noticias-f1\/wp-content\/uploads\/2013\/03\/nico_rosberg-test-2-montmelo-2013.jpg\"><img loading=\"lazy\" class=\"alignleft\" alt=\"nico_rosberg-test-2-montmelo-2013\" src=\"http:\/\/www.michael-schumacher.es\/noticias-f1\/wp-content\/uploads\/2013\/03\/nico_rosberg-test-2-montmelo-2013.jpg\" width=\"200\" height=\"133\" \/><\/a>Muy buen fin de semana para el equipo Mercedes que termina con la victoria de Nico Rosberg, tras tres Poles consecutivas por fin han conseguido en el especial circuito de M\u00f3naco, concluir con la victoria. Sin duda es un d\u00eda para celebrar el buen trabajo de Nico Rosberg y su victoria, aunque el equipo sabe que debe seguir mejorando ya que este trazado es muy especial y no es no es completamente representativo y ya se esperaba una menos degradaci\u00f3n y una pista m\u00e1s agradable para Mercedes.<\/p>\n<p><!--more--> <!--noteaser--><\/p>\n<p><a href=\"http:\/\/www.michael-schumacher.es\/noticias-f1\/wp-content\/uploads\/2013\/03\/nico_rosberg-test-2-montmelo-2013.jpg\"><img loading=\"lazy\" class=\"aligncenter size-full wp-image-8125\" alt=\"nico_rosberg-test-2-montmelo-2013\" src=\"http:\/\/www.michael-schumacher.es\/noticias-f1\/wp-content\/uploads\/2013\/03\/nico_rosberg-test-2-montmelo-2013.jpg\" width=\"650\" height=\"434\" srcset=\"http:\/\/www.michael-schumacher.es\/noticias-f1\/wp-content\/uploads\/2013\/03\/nico_rosberg-test-2-montmelo-2013.jpg 650w, http:\/\/www.michael-schumacher.es\/noticias-f1\/wp-content\/uploads\/2013\/03\/nico_rosberg-test-2-montmelo-2013-300x200.jpg 300w\" sizes=\"(max-width: 650px) 100vw, 650px\" \/><\/a><\/p>\n<p>&nbsp;<\/p>\n<p>Muy buen fin de semana para el equipo Mercedes que termina con la victoria de Nico Rosberg, tras tres Poles consecutivas por fin han conseguido en el especial circuito de M\u00f3naco, concluir con la victoria. Sin duda es un d\u00eda para celebrar el buen trabajo de Nico Rosberg y su victoria, aunque el equipo sabe que debe seguir mejorando ya que este trazado es muy especial y no es no es completamente representativo y ya se esperaba una menos degradaci\u00f3n y una pista m\u00e1s agradable para Mercedes.<\/p>\n<p>&nbsp;<\/p>\n<p>Nico Rosberg ha conseguido la victoria, la segunda victoria de su carrera, exactamente 30 a\u00f1os despu\u00e9s de su padre, Keke, anot\u00f3 la victoria en M\u00f3naco en 1983. Lewis Hamilton sin embargo, no pudo mantener su segunda posici\u00f3n y lograr el doblete para el equipo, finalizando en cuarta posici\u00f3n<\/p>\n<p>&nbsp;<\/p>\n<p><strong>Nico Rosberg:<\/strong> <em>\u00abM\u00f3naco es un lugar tan especial para ganar y se siente incre\u00edble hoy. Era mi sue\u00f1o de infancia de ganar esta carrera y hacerlo en una flecha de plata en las calles donde he vivido toda mi vida es fant\u00e1stico. No puedo creer que haya sucedido todav\u00eda y probablemente voy a tomar un tiempo para asimilarlo. Gracias a todo el equipo por el coche que tuvimos este fin de semana y es bueno haber podido mostrar el mismo nivel de rendimiento el domingo y convertir nuestra pole position. El fin de semana fue m\u00e1s o menos seg\u00fan el plan, a pesar de que la calificaci\u00f3n fue duro con las condiciones meteorol\u00f3gicas. No tuve un buen comienzo hoy que significaba Lewis y Seb se pusieron muy cerca, pero despu\u00e9s de la primera curva, pude establecer mi propio ritmo. Entonces era s\u00f3lo el caso de mantener la cabeza fr\u00eda a trav\u00e9s de todos los incidentes y el equipo hizo un gran trabajo de mantenerme al tanto de lo que estaba sucediendo. \u00a1Gracias a todos aqu\u00ed hoy y en las f\u00e1bricas de Brackley y Brixworth. Espero que esta victoria de hoy sea la primera de muchas m\u00e1s por venir para nosotros\u201d.<\/em><\/p>\n<p>&nbsp;<\/p>\n<p><strong>Lewis Hamilton:<\/strong> <em>\u00abGran fin de semana para el equipo y estoy muy feliz por todo el mundo. Grandes felicitaciones a Nico, ha sido incre\u00edble este fin de semana aqu\u00ed y realmente merece la victoria. Por mi parte, este fin de semana en realidad no ha sido el mejor y no aproveche al m\u00e1ximo la oportunidad de un doblete en la actualidad. Cuando el coche de seguridad sali\u00f3, ten\u00eda que mantener un espacio, as\u00ed no retrasarnos con los dobles pit stops, pero lamentablemente la distancia era demasiado grande y hemos perdido a los dos Red Bull. Eso es automovilismo y estas cosas suceden a veces. Es la pista m\u00e1s apretada en el mundo aqu\u00ed y pr\u00e1cticamente imposible adelantar a menos que usted sea mucho m\u00e1s r\u00e1pido que el coche de delante as\u00ed que no hab\u00eda nada que pudiera hacer para mejorar mi posici\u00f3n. Pero es muy bueno para el equipo haber logrado nuestra primera victoria de la temporada y espero que podamos llevar a cabo la actuaci\u00f3n que mostramos aqu\u00ed en Montreal. \u00ab<\/em><\/p>\n<p>&nbsp;<\/p>\n<p><strong>Ros Brawn:<\/strong> <em>\u00abFelicitaciones a Nico hoy. \u00c9l no hizo nada mal el fin de semana, superando a todas las sesiones y condujo una carrera muy preparada y controlada. \u00c9l se merece esta segunda victoria de su carrera. Lewis estaba funcionando muy c\u00f3modamente en la segunda posici\u00f3n hasta que sali\u00f3 el coche de seguridad justo antes de que ambos pilotos hicieran sus primeras paradas.\u00a0 El equipo ha hecho un trabajo fant\u00e1stico durante todo el fin de semana en una sesi\u00f3n de calificaci\u00f3n dif\u00edcil y una carrera dif\u00edcil. Pero todos somos conscientes, M\u00f3naco no es un circuito completamente representativo. Nos tomaremos el tiempo esta noche para disfrutar de nuestro \u00e9xito, pero sabemos que tenemos que seguir luchando para entender c\u00f3mo extraer el m\u00e1ximo de nuestro coche en cada circuito y seguir mejorando a\u00fan m\u00e1s\u201d.<\/em><\/p>\n<p>&nbsp;<\/p>\n<p><strong>Toto Wolff:<\/strong> <em>\u201cNico ha dominado no s\u00f3lo esta tarde, todo el fin de semana. Lo hizo todo bien desde la primera vuelta el jueves y realmente mereci\u00f3 la victoria. Lewis perdi\u00f3 algo de tiempo en el segundo sector en su en-vuelta por detr\u00e1s del coche de seguridad y que le cost\u00f3 la posici\u00f3n de los Red Bulls, por lo que tenemos que averiguar lo que sucedi\u00f3 all\u00ed. En cuanto al equipo, felicitaciones a todo el mundo en Brackley y Brixworth. Los chicos de la pista han vencido todos los obst\u00e1culos que se ponen en su camino este fin de semana y el equipo de la f\u00e1brica ha logrado un gran avance en el rendimiento con el coche. Ahora tenemos que seguir presionando para que podamos repetir este sabor del \u00e9xito en diferentes tipos de circuito a trav\u00e9s del resto de la temporada\u201d.<\/em><\/p>\n<p>&nbsp;<\/p>\n<p>&nbsp;<\/p>\n<div class=\"sharedaddy sd-sharing-enabled\"><div class=\"robots-nocontent sd-block sd-social sd-social-official sd-sharing\"><h3 class=\"sd-title\">Opciones Sociales:<\/h3><div class=\"sd-content\"><ul><li class=\"share-facebook\"><div class=\"fb-share-button\" data-href=\"http:\/\/www.michael-schumacher.es\/noticias-f1\/2013\/05\/26\/balance-gp-de-monaco-monte-carlo-2013-mercedes\/\" data-layout=\"button_count\"><\/div><\/li><li class=\"share-twitter\"><a href=\"https:\/\/twitter.com\/share\" class=\"twitter-share-button\" data-url=\"http:\/\/www.michael-schumacher.es\/noticias-f1\/2013\/05\/26\/balance-gp-de-monaco-monte-carlo-2013-mercedes\/\" data-text=\"Balance GP de M\u00f3naco, Monte Carlo 2013. Mercedes\"  >Tweet<\/a><\/li><li class=\"share-email\"><a rel=\"nofollow noopener noreferrer\" data-shared=\"\" class=\"share-email sd-button\" href=\"http:\/\/www.michael-schumacher.es\/noticias-f1\/2013\/05\/26\/balance-gp-de-monaco-monte-carlo-2013-mercedes\/?share=email\" target=\"_blank\" title=\"Haz clic para enviar por correo electr\u00f3nico a un amigo\"><span>Correo electr\u00f3nico<\/span><\/a><\/li><li class=\"share-end\"><\/li><\/ul><\/div><\/div><\/div>","protected":false},"excerpt":{"rendered":"<p>Muy buen fin de semana para el equipo Mercedes que termina con la victoria de Nico Rosberg, tras tres Poles consecutivas por fin han conseguido en el especial circuito de M\u00f3naco, concluir con la victoria. Sin duda es un d\u00eda para celebrar el buen trabajo de Nico Rosberg y su victoria, aunque el equipo sabe [&hellip;]<\/p>\n<div class=\"sharedaddy sd-sharing-enabled\"><div class=\"robots-nocontent sd-block sd-social sd-social-official sd-sharing\"><h3 class=\"sd-title\">Opciones Sociales:<\/h3><div class=\"sd-content\"><ul><li class=\"share-facebook\"><div class=\"fb-share-button\" data-href=\"http:\/\/www.michael-schumacher.es\/noticias-f1\/2013\/05\/26\/balance-gp-de-monaco-monte-carlo-2013-mercedes\/\" data-layout=\"button_count\"><\/div><\/li><li class=\"share-twitter\"><a href=\"https:\/\/twitter.com\/share\" class=\"twitter-share-button\" data-url=\"http:\/\/www.michael-schumacher.es\/noticias-f1\/2013\/05\/26\/balance-gp-de-monaco-monte-carlo-2013-mercedes\/\" data-text=\"Balance GP de M\u00f3naco, Monte Carlo 2013. Mercedes\"  >Tweet<\/a><\/li><li class=\"share-email\"><a rel=\"nofollow noopener noreferrer\" data-shared=\"\" class=\"share-email sd-button\" href=\"http:\/\/www.michael-schumacher.es\/noticias-f1\/2013\/05\/26\/balance-gp-de-monaco-monte-carlo-2013-mercedes\/?share=email\" target=\"_blank\" title=\"Haz clic para enviar por correo electr\u00f3nico a un amigo\"><span>Correo electr\u00f3nico<\/span><\/a><\/li><li class=\"share-end\"><\/li><\/ul><\/div><\/div><\/div>","protected":false},"author":3,"featured_media":0,"comment_status":"open","ping_status":"open","sticky":false,"template":"","format":"standard","meta":{"_monsterinsights_skip_tracking":false,"_monsterinsights_sitenote_active":false,"_monsterinsights_sitenote_note":"","_monsterinsights_sitenote_category":0,"spay_email":"","jetpack_publicize_message":"","jetpack_is_tweetstorm":false,"jetpack_publicize_feature_enabled":true},"categories":[4,3],"tags":[373,401,64,1381,17,15,6,8,11,10,304,404,405,1400,154,259,1380,616,617],"jetpack_featured_media_url":"","jetpack_publicize_connections":[],"jetpack_sharing_enabled":true,"jetpack_shortlink":"https:\/\/wp.me\/p27q3P-2Eg","_links":{"self":[{"href":"http:\/\/www.michael-schumacher.es\/noticias-f1\/wp-json\/wp\/v2\/posts\/10184"}],"collection":[{"href":"http:\/\/www.michael-schumacher.es\/noticias-f1\/wp-json\/wp\/v2\/posts"}],"about":[{"href":"http:\/\/www.michael-schumacher.es\/noticias-f1\/wp-json\/wp\/v2\/types\/post"}],"author":[{"embeddable":true,"href":"http:\/\/www.michael-schumacher.es\/noticias-f1\/wp-json\/wp\/v2\/users\/3"}],"replies":[{"embeddable":true,"href":"http:\/\/www.michael-schumacher.es\/noticias-f1\/wp-json\/wp\/v2\/comments?post=10184"}],"version-history":[{"count":0,"href":"http:\/\/www.michael-schumacher.es\/noticias-f1\/wp-json\/wp\/v2\/posts\/10184\/revisions"}],"wp:attachment":[{"href":"http:\/\/www.michael-schumacher.es\/noticias-f1\/wp-json\/wp\/v2\/media?parent=10184"}],"wp:term":[{"taxonomy":"category","embeddable":true,"href":"http:\/\/www.michael-schumacher.es\/noticias-f1\/wp-json\/wp\/v2\/categories?post=10184"},{"taxonomy":"post_tag","embeddable":true,"href":"http:\/\/www.michael-schumacher.es\/noticias-f1\/wp-json\/wp\/v2\/tags?post=10184"}],"curies":[{"name":"wp","href":"https:\/\/api.w.org\/{rel}","templated":true}]}}