{"id":10198,"date":"2013-05-27T03:59:16","date_gmt":"2013-05-27T01:59:16","guid":{"rendered":"http:\/\/www.michael-schumacher.es\/noticias-f1\/?p=10198"},"modified":"2013-05-27T03:59:16","modified_gmt":"2013-05-27T01:59:16","slug":"balance-gp-de-monaco-monte-carlo-2013-force-india","status":"publish","type":"post","link":"http:\/\/www.michael-schumacher.es\/noticias-f1\/2013\/05\/27\/balance-gp-de-monaco-monte-carlo-2013-force-india\/","title":{"rendered":"Balance GP de M\u00f3naco, Monte Carlo 2013. Force India"},"content":{"rendered":"<p><a href=\"http:\/\/www.michael-schumacher.es\/noticias-f1\/wp-content\/uploads\/2013\/03\/adrian_sutil_test-bcn-2013_david-sarro.jpg\"><img loading=\"lazy\" class=\"alignleft\" alt=\"Adrian Sutil - Test Bcn 2013 - David Sarr\u00f3\" src=\"http:\/\/www.michael-schumacher.es\/noticias-f1\/wp-content\/uploads\/2013\/03\/adrian_sutil_test-bcn-2013_david-sarro.jpg\" width=\"200\" height=\"133\" \/><\/a>El equipo Force India ha finalizado con 12 puntos hoy y su quita posici\u00f3n en el campeonato fortalecida hoy, gracias al buen trabajo del equipo y el buen pilotaje de ambos pilotos. Ahora el equipo espera muy motivado tener un buen resultado al menos similar en el Gran Premio de M\u00f3naco, dentro de quince d\u00edas.<\/p>\n<p><!--more--> <!--noteaser--><\/p>\n<p><a href=\"http:\/\/www.michael-schumacher.es\/noticias-f1\/wp-content\/uploads\/2013\/03\/adrian_sutil_test-bcn-2013_david-sarro.jpg\"><img loading=\"lazy\" class=\"aligncenter size-full wp-image-8278\" alt=\"Adrian Sutil - Test Bcn 2013 - David Sarr\u00f3\" src=\"http:\/\/www.michael-schumacher.es\/noticias-f1\/wp-content\/uploads\/2013\/03\/adrian_sutil_test-bcn-2013_david-sarro.jpg\" width=\"650\" height=\"433\" srcset=\"http:\/\/www.michael-schumacher.es\/noticias-f1\/wp-content\/uploads\/2013\/03\/adrian_sutil_test-bcn-2013_david-sarro.jpg 650w, http:\/\/www.michael-schumacher.es\/noticias-f1\/wp-content\/uploads\/2013\/03\/adrian_sutil_test-bcn-2013_david-sarro-300x199.jpg 300w\" sizes=\"(max-width: 650px) 100vw, 650px\" \/><\/a><\/p>\n<p>&nbsp;<\/p>\n<p>El equipo Force India ha finalizado con 12 puntos hoy y su quita posici\u00f3n en el campeonato fortalecida hoy, gracias al buen trabajo del equipo y el buen pilotaje de ambos pilotos. Ahora el equipo espera muy motivado tener un buen resultado al menos similar en el Gran Premio de M\u00f3naco, dentro de quince d\u00edas.<\/p>\n<p>&nbsp;<\/p>\n<p>Adrian Sutil ha logrado finalizar en una fant\u00e1stica quinta posici\u00f3n, incluso ha demostrado un buen lugar para adelantar ya que aprovecho la horquilla, para pasar sin problemas a Jenson Button y a Fernando Alonso. Paul Di Resta ha finalizado en novena posici\u00f3n tambi\u00e9n con un buen y controlado pilotaje y realizando adelantamientos en la primera curva.<\/p>\n<p>&nbsp;<\/p>\n<p><strong>Adrian Sutil:<\/strong> <em>\u00abEl quinto lugar se siente fant\u00e1stico. Es simplemente el resultado que necesit\u00e1bamos y estoy muy feliz en este momento. El coche ha ido muy bien y hemos cogido la mayor parte de las oportunidades que vinieron de camino. Era dif\u00edcil avanzar en la primera mitad de la carrera, cuando me he quedado atrapado en el tren de los coches, pero la bandera roja abri\u00f3 un poco m\u00e1s las oportunidades. Significaba que todo el mundo estaba en la misma estrategia de sprint hasta el final de la carrera. Me di cuenta de que la horquilla era un \u00e1rea en la que hab\u00eda una posibilidad de adelantar, as\u00ed que lo intent\u00e9 con Jenson y funcion\u00f3. Luego hice lo mismo con Fernando y funcion\u00f3 una vez m\u00e1s. As\u00ed que creo que demostr\u00e9 que los adelantamientos son posibles en M\u00f3naco. El equipo hizo un excelente trabajo durante todo el fin de semana y sin duda merec\u00eda este resultado de hoy\u201d.<\/em><\/p>\n<p>&nbsp;<\/p>\n<p><strong>Paul Di Resta:<\/strong> <em>\u00abTeniendo en cuenta donde empezamos nos fuimos con una estrategia agresiva y probablemente habr\u00eda dado sus frutos sin los coches de seguridad. El ritmo era fuerte, pero me he quedado atrapado detr\u00e1s de un mont\u00f3n de tr\u00e1fico en la primera parte de la carrera. Me las arregl\u00e9 para pasar algunos coches en la primera curva, pero hacia el final de la carrera los coches estaban m\u00e1s amontonados y no era tan f\u00e1cil. Yo estaba atrapado detr\u00e1s de Vergne despu\u00e9s de la reanudaci\u00f3n y tuve una buena oportunidad para adelantar, pero se defendi\u00f3 muy bien. Afortunadamente, con los coches por delante luchando y haciendo contacto Hice algunas posiciones y anote un par de puntos. As\u00ed que despu\u00e9s de la decepci\u00f3n de ayer, los muchachos hicieron un gran trabajo y es bueno para continuar con mi carrera de acabados en los puntos. \u00ab<\/em><\/p>\n<p>&nbsp;<\/p>\n<p><strong>Dr. Vijay Mallya, director del equipo y Director General:<\/strong> <em>\u00abUn muy agitado Gran Premio de M\u00f3naco y estoy encantado de ver los dos Sahara Force Indias llegan a casa de manera segura en los puntos. Con el quinto lugar de Adri\u00e1n y noveno lugar con Paul, hemos a\u00f1adido 12 puntos a nuestra cuenta y el fortalecimiento de nuestra quinta posici\u00f3n en el campeonato. Adrian\u00a0 piloto de manera excelente como lo demostr\u00f3 con gran velocidad y la paciencia toda la tarde. Esper\u00f3 a que las oportunidades correctas y logro la mayor parte de ellos. Creo que todo el mundo disfrut\u00f3 de sus dos adelantamientos en la horquilla de dos ex campeones del mundo. Es nuestro mejor resultado en M\u00f3naco y muy bien merecido por todo el equipo. Paul tambi\u00e9n fue excelente, mostrando sus habilidades de adelantamiento en la primera curva, y la recuperaci\u00f3n de P17 en la parrilla para anotar dos puntos. Felicito a todo el equipo en otro buen fin de semana y espero que podamos ofrecer m\u00e1s de lo mismo en Canad\u00e1 en un par de semanas\u201d.<\/em><\/p>\n<p>&nbsp;<\/p>\n<p><strong>Imagen:<\/strong> David Sarr\u00f3<\/p>\n<div class=\"sharedaddy sd-sharing-enabled\"><div class=\"robots-nocontent sd-block sd-social sd-social-official sd-sharing\"><h3 class=\"sd-title\">Opciones Sociales:<\/h3><div class=\"sd-content\"><ul><li class=\"share-facebook\"><div class=\"fb-share-button\" data-href=\"http:\/\/www.michael-schumacher.es\/noticias-f1\/2013\/05\/27\/balance-gp-de-monaco-monte-carlo-2013-force-india\/\" data-layout=\"button_count\"><\/div><\/li><li class=\"share-twitter\"><a href=\"https:\/\/twitter.com\/share\" class=\"twitter-share-button\" data-url=\"http:\/\/www.michael-schumacher.es\/noticias-f1\/2013\/05\/27\/balance-gp-de-monaco-monte-carlo-2013-force-india\/\" data-text=\"Balance GP de M\u00f3naco, Monte Carlo 2013. Force India\"  >Tweet<\/a><\/li><li class=\"share-email\"><a rel=\"nofollow noopener noreferrer\" data-shared=\"\" class=\"share-email sd-button\" href=\"http:\/\/www.michael-schumacher.es\/noticias-f1\/2013\/05\/27\/balance-gp-de-monaco-monte-carlo-2013-force-india\/?share=email\" target=\"_blank\" title=\"Haz clic para enviar por correo electr\u00f3nico a un amigo\"><span>Correo electr\u00f3nico<\/span><\/a><\/li><li class=\"share-end\"><\/li><\/ul><\/div><\/div><\/div>","protected":false},"excerpt":{"rendered":"<p>El equipo Force India ha finalizado con 12 puntos hoy y su quita posici\u00f3n en el campeonato fortalecida hoy, gracias al buen trabajo del equipo y el buen pilotaje de ambos pilotos. Ahora el equipo espera muy motivado tener un buen resultado al menos similar en el Gran Premio de M\u00f3naco, dentro de quince d\u00edas.<\/p>\n<div class=\"sharedaddy sd-sharing-enabled\"><div class=\"robots-nocontent sd-block sd-social sd-social-official sd-sharing\"><h3 class=\"sd-title\">Opciones Sociales:<\/h3><div class=\"sd-content\"><ul><li class=\"share-facebook\"><div class=\"fb-share-button\" data-href=\"http:\/\/www.michael-schumacher.es\/noticias-f1\/2013\/05\/27\/balance-gp-de-monaco-monte-carlo-2013-force-india\/\" data-layout=\"button_count\"><\/div><\/li><li class=\"share-twitter\"><a href=\"https:\/\/twitter.com\/share\" class=\"twitter-share-button\" data-url=\"http:\/\/www.michael-schumacher.es\/noticias-f1\/2013\/05\/27\/balance-gp-de-monaco-monte-carlo-2013-force-india\/\" data-text=\"Balance GP de M\u00f3naco, Monte Carlo 2013. Force India\"  >Tweet<\/a><\/li><li class=\"share-email\"><a rel=\"nofollow noopener noreferrer\" data-shared=\"\" class=\"share-email sd-button\" href=\"http:\/\/www.michael-schumacher.es\/noticias-f1\/2013\/05\/27\/balance-gp-de-monaco-monte-carlo-2013-force-india\/?share=email\" target=\"_blank\" title=\"Haz clic para enviar por correo electr\u00f3nico a un amigo\"><span>Correo electr\u00f3nico<\/span><\/a><\/li><li class=\"share-end\"><\/li><\/ul><\/div><\/div><\/div>","protected":false},"author":3,"featured_media":0,"comment_status":"open","ping_status":"open","sticky":false,"template":"","format":"standard","meta":{"_monsterinsights_skip_tracking":false,"_monsterinsights_sitenote_active":false,"_monsterinsights_sitenote_note":"","_monsterinsights_sitenote_category":0,"spay_email":"","jetpack_publicize_message":"","jetpack_is_tweetstorm":false,"jetpack_publicize_feature_enabled":true},"categories":[4,3],"tags":[373,732,401,64,110,17,126,15,6,8,404,405,109,733,113],"jetpack_featured_media_url":"","jetpack_publicize_connections":[],"jetpack_sharing_enabled":true,"jetpack_shortlink":"https:\/\/wp.me\/p27q3P-2Eu","_links":{"self":[{"href":"http:\/\/www.michael-schumacher.es\/noticias-f1\/wp-json\/wp\/v2\/posts\/10198"}],"collection":[{"href":"http:\/\/www.michael-schumacher.es\/noticias-f1\/wp-json\/wp\/v2\/posts"}],"about":[{"href":"http:\/\/www.michael-schumacher.es\/noticias-f1\/wp-json\/wp\/v2\/types\/post"}],"author":[{"embeddable":true,"href":"http:\/\/www.michael-schumacher.es\/noticias-f1\/wp-json\/wp\/v2\/users\/3"}],"replies":[{"embeddable":true,"href":"http:\/\/www.michael-schumacher.es\/noticias-f1\/wp-json\/wp\/v2\/comments?post=10198"}],"version-history":[{"count":0,"href":"http:\/\/www.michael-schumacher.es\/noticias-f1\/wp-json\/wp\/v2\/posts\/10198\/revisions"}],"wp:attachment":[{"href":"http:\/\/www.michael-schumacher.es\/noticias-f1\/wp-json\/wp\/v2\/media?parent=10198"}],"wp:term":[{"taxonomy":"category","embeddable":true,"href":"http:\/\/www.michael-schumacher.es\/noticias-f1\/wp-json\/wp\/v2\/categories?post=10198"},{"taxonomy":"post_tag","embeddable":true,"href":"http:\/\/www.michael-schumacher.es\/noticias-f1\/wp-json\/wp\/v2\/tags?post=10198"}],"curies":[{"name":"wp","href":"https:\/\/api.w.org\/{rel}","templated":true}]}}