{"id":10224,"date":"2013-05-28T01:30:55","date_gmt":"2013-05-27T23:30:55","guid":{"rendered":"http:\/\/www.michael-schumacher.es\/noticias-f1\/?p=10224"},"modified":"2013-05-28T01:30:55","modified_gmt":"2013-05-27T23:30:55","slug":"lotus-y-force-india-confirman-que-no-fueron-consultados-acerca-de-la-prueba","status":"publish","type":"post","link":"http:\/\/www.michael-schumacher.es\/noticias-f1\/2013\/05\/28\/lotus-y-force-india-confirman-que-no-fueron-consultados-acerca-de-la-prueba\/","title":{"rendered":"Lotus y Force India confirman que no fueron consultados acerca de la prueba"},"content":{"rendered":"<p><a href=\"http:\/\/www.michael-schumacher.es\/noticias-f1\/wp-content\/uploads\/2012\/08\/pirelli-1-2.jpg\"><img loading=\"lazy\" class=\"alignleft\" alt=\"Pirelli 1.2\" src=\"http:\/\/www.michael-schumacher.es\/noticias-f1\/wp-content\/uploads\/2012\/08\/pirelli-1-2.jpg\" width=\"200\" height=\"133\" \/><\/a>Sigue y crece la pol\u00e9mica de\u00a0 Mercedes con su prueba de neum\u00e1ticos Pirelli con el coche actual en Barcelona. El equipo alega que ten\u00eda el permiso de la FIA para llevarla, aun en ese caso, que todav\u00eda no est\u00e1 claro, todos los equipos deben ser informados e invitados a realizar la prueba.<\/p>\n<p><!--more--> <!--noteaser--><\/p>\n<p><a href=\"http:\/\/www.michael-schumacher.es\/noticias-f1\/wp-content\/uploads\/2012\/08\/pirelli-1-2.jpg\"><img loading=\"lazy\" class=\"aligncenter size-full wp-image-3304\" alt=\"Pirelli 1.2\" src=\"http:\/\/www.michael-schumacher.es\/noticias-f1\/wp-content\/uploads\/2012\/08\/pirelli-1-2.jpg\" width=\"600\" height=\"400\" srcset=\"http:\/\/www.michael-schumacher.es\/noticias-f1\/wp-content\/uploads\/2012\/08\/pirelli-1-2.jpg 600w, http:\/\/www.michael-schumacher.es\/noticias-f1\/wp-content\/uploads\/2012\/08\/pirelli-1-2-300x200.jpg 300w\" sizes=\"(max-width: 600px) 100vw, 600px\" \/><\/a><\/p>\n<p>&nbsp;<\/p>\n<p>Sigue y crece la pol\u00e9mica de\u00a0 Mercedes con su prueba de neum\u00e1ticos Pirelli con el coche actual en Barcelona. El equipo alega que ten\u00eda el permiso de la FIA para llevarla, aun en ese caso, que todav\u00eda no est\u00e1 claro, todos los equipos deben ser informados e invitados a realizar la prueba.<\/p>\n<p>&nbsp;<\/p>\n<p>Pirelli asegura que se pregunt\u00f3 a los otros equipos, extra\u00f1a por tanto que Ferrari tambi\u00e9n prob\u00f3 para la marca de neum\u00e1ticos, pero con un coche 2011 algo permitido por la reglamentaci\u00f3n, no con el coche actual, lo cual les habr\u00eda sido mucho m\u00e1s ventajoso.<\/p>\n<p>&nbsp;<\/p>\n<p>Ahora resulta que Lotus y Force India confirman que no se les consulto al respecto de dicha posibilidad de esta prueba. Boullier el jefe del equipo Lotus respondi\u00f3\u00a0 a la pregunta de si ten\u00eda conocimiento de esta prueba respondi\u00f3 claramente<strong> \u00abNo\u00bb.<\/strong><\/p>\n<p>&nbsp;<\/p>\n<p>Aunque Lotus no considera necesario hacer una queja formal ya que\u00a0 Red Bull y Ferrari fueron los \u00fanicos equipos ya lo hicieron oficialmente, y los comisarios ya tienen conocimiento del asunto. Lotus si quiere explicaciones, ya que es una ventaja: <strong>\u201cNuestra posici\u00f3n es que es un deporte con regulaci\u00f3n, y no existe un acuerdo entre los equipos. Red Bull y Ferrari protestaron, y no creo que sea necesario ir a los comisionados ya que ya tienen conocimiento de lo sucedido. Vamos a ver qu\u00e9 pasa. Hacer una prueba da ventaja y si lo hicieron es porque tendr\u00edan alguna ventaja, eso est\u00e1 claro. Pero tiene m\u00e1s que ver con el deporte y romper el c\u00f3digo. Si se da el permiso, debe ser para todos\u201d.<\/strong><\/p>\n<p>&nbsp;<\/p>\n<p>Bob Fernley, jefe Force India, aclara que aunque el surgi\u00f3 en una reuni\u00f3n de la Asociaci\u00f3n de Equipos, la FOTA, no recibi\u00f3 ning\u00fan anuncio o\u00a0 ninguna invitaci\u00f3n espec\u00edfica:<strong> \u00abNo puedo creer que esto haya sido solicitada por nosotros, no recuerdo. No estoy seguro de que esto se hace de la manera que piensas. Puede haber sido una propuesta en una reuni\u00f3n de la FOTA o algo as\u00ed, pero no una perspectiva individual. Yo no recuerdo haber recibido una carta de Pirelli sobre el tema \u00ab.<\/strong><\/p>\n<p>&nbsp;<\/p>\n<p>&nbsp;<\/p>\n<div class=\"sharedaddy sd-sharing-enabled\"><div class=\"robots-nocontent sd-block sd-social sd-social-official sd-sharing\"><h3 class=\"sd-title\">Opciones Sociales:<\/h3><div class=\"sd-content\"><ul><li class=\"share-facebook\"><div class=\"fb-share-button\" data-href=\"http:\/\/www.michael-schumacher.es\/noticias-f1\/2013\/05\/28\/lotus-y-force-india-confirman-que-no-fueron-consultados-acerca-de-la-prueba\/\" data-layout=\"button_count\"><\/div><\/li><li class=\"share-twitter\"><a href=\"https:\/\/twitter.com\/share\" class=\"twitter-share-button\" data-url=\"http:\/\/www.michael-schumacher.es\/noticias-f1\/2013\/05\/28\/lotus-y-force-india-confirman-que-no-fueron-consultados-acerca-de-la-prueba\/\" data-text=\"Lotus y Force India confirman que no fueron consultados acerca de la prueba\"  >Tweet<\/a><\/li><li class=\"share-email\"><a rel=\"nofollow noopener noreferrer\" data-shared=\"\" class=\"share-email sd-button\" href=\"http:\/\/www.michael-schumacher.es\/noticias-f1\/2013\/05\/28\/lotus-y-force-india-confirman-que-no-fueron-consultados-acerca-de-la-prueba\/?share=email\" target=\"_blank\" title=\"Haz clic para enviar por correo electr\u00f3nico a un amigo\"><span>Correo electr\u00f3nico<\/span><\/a><\/li><li class=\"share-end\"><\/li><\/ul><\/div><\/div><\/div>","protected":false},"excerpt":{"rendered":"<p>Sigue y crece la pol\u00e9mica de\u00a0 Mercedes con su prueba de neum\u00e1ticos Pirelli con el coche actual en Barcelona. El equipo alega que ten\u00eda el permiso de la FIA para llevarla, aun en ese caso, que todav\u00eda no est\u00e1 claro, todos los equipos deben ser informados e invitados a realizar la prueba.<\/p>\n<div class=\"sharedaddy sd-sharing-enabled\"><div class=\"robots-nocontent sd-block sd-social sd-social-official sd-sharing\"><h3 class=\"sd-title\">Opciones Sociales:<\/h3><div class=\"sd-content\"><ul><li class=\"share-facebook\"><div class=\"fb-share-button\" data-href=\"http:\/\/www.michael-schumacher.es\/noticias-f1\/2013\/05\/28\/lotus-y-force-india-confirman-que-no-fueron-consultados-acerca-de-la-prueba\/\" data-layout=\"button_count\"><\/div><\/li><li class=\"share-twitter\"><a href=\"https:\/\/twitter.com\/share\" class=\"twitter-share-button\" data-url=\"http:\/\/www.michael-schumacher.es\/noticias-f1\/2013\/05\/28\/lotus-y-force-india-confirman-que-no-fueron-consultados-acerca-de-la-prueba\/\" data-text=\"Lotus y Force India confirman que no fueron consultados acerca de la prueba\"  >Tweet<\/a><\/li><li class=\"share-email\"><a rel=\"nofollow noopener noreferrer\" data-shared=\"\" class=\"share-email sd-button\" href=\"http:\/\/www.michael-schumacher.es\/noticias-f1\/2013\/05\/28\/lotus-y-force-india-confirman-que-no-fueron-consultados-acerca-de-la-prueba\/?share=email\" target=\"_blank\" title=\"Haz clic para enviar por correo electr\u00f3nico a un amigo\"><span>Correo electr\u00f3nico<\/span><\/a><\/li><li class=\"share-end\"><\/li><\/ul><\/div><\/div><\/div>","protected":false},"author":3,"featured_media":0,"comment_status":"open","ping_status":"open","sticky":false,"template":"","format":"standard","meta":{"_monsterinsights_skip_tracking":false,"_monsterinsights_sitenote_active":false,"_monsterinsights_sitenote_note":"","_monsterinsights_sitenote_category":0,"spay_email":"","jetpack_publicize_message":"","jetpack_is_tweetstorm":false,"jetpack_publicize_feature_enabled":true},"categories":[3],"tags":[3468,1261,3467,17,126,15,26,304,3466,223,2721],"jetpack_featured_media_url":"","jetpack_publicize_connections":[],"jetpack_sharing_enabled":true,"jetpack_shortlink":"https:\/\/wp.me\/p27q3P-2EU","_links":{"self":[{"href":"http:\/\/www.michael-schumacher.es\/noticias-f1\/wp-json\/wp\/v2\/posts\/10224"}],"collection":[{"href":"http:\/\/www.michael-schumacher.es\/noticias-f1\/wp-json\/wp\/v2\/posts"}],"about":[{"href":"http:\/\/www.michael-schumacher.es\/noticias-f1\/wp-json\/wp\/v2\/types\/post"}],"author":[{"embeddable":true,"href":"http:\/\/www.michael-schumacher.es\/noticias-f1\/wp-json\/wp\/v2\/users\/3"}],"replies":[{"embeddable":true,"href":"http:\/\/www.michael-schumacher.es\/noticias-f1\/wp-json\/wp\/v2\/comments?post=10224"}],"version-history":[{"count":0,"href":"http:\/\/www.michael-schumacher.es\/noticias-f1\/wp-json\/wp\/v2\/posts\/10224\/revisions"}],"wp:attachment":[{"href":"http:\/\/www.michael-schumacher.es\/noticias-f1\/wp-json\/wp\/v2\/media?parent=10224"}],"wp:term":[{"taxonomy":"category","embeddable":true,"href":"http:\/\/www.michael-schumacher.es\/noticias-f1\/wp-json\/wp\/v2\/categories?post=10224"},{"taxonomy":"post_tag","embeddable":true,"href":"http:\/\/www.michael-schumacher.es\/noticias-f1\/wp-json\/wp\/v2\/tags?post=10224"}],"curies":[{"name":"wp","href":"https:\/\/api.w.org\/{rel}","templated":true}]}}