{"id":10268,"date":"2013-05-29T21:43:09","date_gmt":"2013-05-29T19:43:09","guid":{"rendered":"http:\/\/www.michael-schumacher.es\/noticias-f1\/?p=10268"},"modified":"2013-05-29T21:43:09","modified_gmt":"2013-05-29T19:43:09","slug":"ecclestone-los-equipos-son-responsables-de-controlar-los-costes","status":"publish","type":"post","link":"http:\/\/www.michael-schumacher.es\/noticias-f1\/2013\/05\/29\/ecclestone-los-equipos-son-responsables-de-controlar-los-costes\/","title":{"rendered":"Ecclestone: \u201cLos equipos son responsables de controlar los costes\u201d"},"content":{"rendered":"<p><a href=\"http:\/\/www.michael-schumacher.es\/noticias-f1\/wp-content\/uploads\/2013\/04\/bernie_ecclestone_david_sarro.jpg\"><img loading=\"lazy\" class=\"alignleft\" alt=\"Bernie Ecclestone - David Sarr\u00f3\" src=\"http:\/\/www.michael-schumacher.es\/noticias-f1\/wp-content\/uploads\/2013\/04\/bernie_ecclestone_david_sarro.jpg\" width=\"199\" height=\"132\" \/><\/a>Cada vez m\u00e1s voces muestran su preocupaci\u00f3n por el aumento de los costes en la F\u00f3rmula 1, sobre todo con la llegada del nuevo motor turbo V6 desde el 2014. Bernie Ecclestone y la FIA son muy claros, la responsabilidad de los costos recae sobre los equipos, son los \u00fanicos responsables por el aumento de los costes, son los que gastan el dinero y los que no se ponen de acuerdo en la reducci\u00f3n de costes.<\/p>\n<p><!--more--> <!--noteaser--><\/p>\n<p><a href=\"http:\/\/www.michael-schumacher.es\/noticias-f1\/wp-content\/uploads\/2013\/04\/bernie_ecclestone_david_sarro.jpg\"><img loading=\"lazy\" class=\"aligncenter size-full wp-image-9344\" alt=\"Bernie Ecclestone - David Sarr\u00f3\" src=\"http:\/\/www.michael-schumacher.es\/noticias-f1\/wp-content\/uploads\/2013\/04\/bernie_ecclestone_david_sarro.jpg\" width=\"650\" height=\"432\" srcset=\"http:\/\/www.michael-schumacher.es\/noticias-f1\/wp-content\/uploads\/2013\/04\/bernie_ecclestone_david_sarro.jpg 650w, http:\/\/www.michael-schumacher.es\/noticias-f1\/wp-content\/uploads\/2013\/04\/bernie_ecclestone_david_sarro-300x199.jpg 300w\" sizes=\"(max-width: 650px) 100vw, 650px\" \/><\/a><\/p>\n<p>&nbsp;<\/p>\n<p>Cada vez m\u00e1s voces muestran su preocupaci\u00f3n por el aumento de los costes en la F\u00f3rmula 1, sobre todo con la llegada del nuevo motor turbo V6 desde el 2014. Bernie Ecclestone y la FIA son muy claros, la responsabilidad de los costos recae sobre los equipos, son los \u00fanicos responsables por el aumento de los costes, son los que gastan el dinero y los que no se ponen de acuerdo en la reducci\u00f3n de costes.<\/p>\n<p>&nbsp;<\/p>\n<p>Para Bernie Ecclestone la responsabilidad sobre los costes, est\u00e1 muy clara, es de los equipos: <strong>\u00abLos equipos son responsables de controlar los costes. Ellos son los que gastan dinero. El dinero que reciben (por FOM) es suficiente para todos los equipos para trabajar y obtener buenos resultados\u00bb.<\/strong><\/p>\n<p>&nbsp;<\/p>\n<p>Jean Todt presidente de la FIA, tambi\u00e9n comparte este pensamiento seg\u00fan declar\u00f3, la FIA apoya la restricci\u00f3n de costes, pero los equipos no se ponen de acuerdo: <strong>\u00abLa FIA apoya el acuerdo restrictivo de los costes, pero no se ha mantenido debido a que los equipos no pudieron ponerse de acuerdo entre ellos mismos. FIA le gustar\u00eda ayudar a los equipos para reducir sus costes.\u00bb<\/strong><\/p>\n<p>&nbsp;<\/p>\n<p>La FIA tampoco puede entrar sobre el alto costo de los motores del 2014: <strong>\u00abSe trata de acuerdos entre los fabricantes de motores y sus clientes.\u00bb<\/strong><\/p>\n<p>&nbsp;<\/p>\n<p><strong>Imagen:<\/strong> David Sarr\u00f3<\/p>\n<div class=\"sharedaddy sd-sharing-enabled\"><div class=\"robots-nocontent sd-block sd-social sd-social-official sd-sharing\"><h3 class=\"sd-title\">Opciones Sociales:<\/h3><div class=\"sd-content\"><ul><li class=\"share-facebook\"><div class=\"fb-share-button\" data-href=\"http:\/\/www.michael-schumacher.es\/noticias-f1\/2013\/05\/29\/ecclestone-los-equipos-son-responsables-de-controlar-los-costes\/\" data-layout=\"button_count\"><\/div><\/li><li class=\"share-twitter\"><a href=\"https:\/\/twitter.com\/share\" class=\"twitter-share-button\" data-url=\"http:\/\/www.michael-schumacher.es\/noticias-f1\/2013\/05\/29\/ecclestone-los-equipos-son-responsables-de-controlar-los-costes\/\" data-text=\"Ecclestone: \u201cLos equipos son responsables de controlar los costes\u201d\"  >Tweet<\/a><\/li><li class=\"share-email\"><a rel=\"nofollow noopener noreferrer\" data-shared=\"\" class=\"share-email sd-button\" href=\"http:\/\/www.michael-schumacher.es\/noticias-f1\/2013\/05\/29\/ecclestone-los-equipos-son-responsables-de-controlar-los-costes\/?share=email\" target=\"_blank\" title=\"Haz clic para enviar por correo electr\u00f3nico a un amigo\"><span>Correo electr\u00f3nico<\/span><\/a><\/li><li class=\"share-end\"><\/li><\/ul><\/div><\/div><\/div>","protected":false},"excerpt":{"rendered":"<p>Cada vez m\u00e1s voces muestran su preocupaci\u00f3n por el aumento de los costes en la F\u00f3rmula 1, sobre todo con la llegada del nuevo motor turbo V6 desde el 2014. Bernie Ecclestone y la FIA son muy claros, la responsabilidad de los costos recae sobre los equipos, son los \u00fanicos responsables por el aumento de [&hellip;]<\/p>\n<div class=\"sharedaddy sd-sharing-enabled\"><div class=\"robots-nocontent sd-block sd-social sd-social-official sd-sharing\"><h3 class=\"sd-title\">Opciones Sociales:<\/h3><div class=\"sd-content\"><ul><li class=\"share-facebook\"><div class=\"fb-share-button\" data-href=\"http:\/\/www.michael-schumacher.es\/noticias-f1\/2013\/05\/29\/ecclestone-los-equipos-son-responsables-de-controlar-los-costes\/\" data-layout=\"button_count\"><\/div><\/li><li class=\"share-twitter\"><a href=\"https:\/\/twitter.com\/share\" class=\"twitter-share-button\" data-url=\"http:\/\/www.michael-schumacher.es\/noticias-f1\/2013\/05\/29\/ecclestone-los-equipos-son-responsables-de-controlar-los-costes\/\" data-text=\"Ecclestone: \u201cLos equipos son responsables de controlar los costes\u201d\"  >Tweet<\/a><\/li><li class=\"share-email\"><a rel=\"nofollow noopener noreferrer\" data-shared=\"\" class=\"share-email sd-button\" href=\"http:\/\/www.michael-schumacher.es\/noticias-f1\/2013\/05\/29\/ecclestone-los-equipos-son-responsables-de-controlar-los-costes\/?share=email\" target=\"_blank\" title=\"Haz clic para enviar por correo electr\u00f3nico a un amigo\"><span>Correo electr\u00f3nico<\/span><\/a><\/li><li class=\"share-end\"><\/li><\/ul><\/div><\/div><\/div>","protected":false},"author":3,"featured_media":0,"comment_status":"open","ping_status":"open","sticky":false,"template":"","format":"standard","meta":{"_monsterinsights_skip_tracking":false,"_monsterinsights_sitenote_active":false,"_monsterinsights_sitenote_note":"","_monsterinsights_sitenote_category":0,"spay_email":"","jetpack_publicize_message":"","jetpack_is_tweetstorm":false,"jetpack_publicize_feature_enabled":true},"categories":[3],"tags":[432,1496,2338,431,256,17,127,15,3491,319,1170,671],"jetpack_featured_media_url":"","jetpack_publicize_connections":[],"jetpack_sharing_enabled":true,"jetpack_shortlink":"https:\/\/wp.me\/p27q3P-2FC","_links":{"self":[{"href":"http:\/\/www.michael-schumacher.es\/noticias-f1\/wp-json\/wp\/v2\/posts\/10268"}],"collection":[{"href":"http:\/\/www.michael-schumacher.es\/noticias-f1\/wp-json\/wp\/v2\/posts"}],"about":[{"href":"http:\/\/www.michael-schumacher.es\/noticias-f1\/wp-json\/wp\/v2\/types\/post"}],"author":[{"embeddable":true,"href":"http:\/\/www.michael-schumacher.es\/noticias-f1\/wp-json\/wp\/v2\/users\/3"}],"replies":[{"embeddable":true,"href":"http:\/\/www.michael-schumacher.es\/noticias-f1\/wp-json\/wp\/v2\/comments?post=10268"}],"version-history":[{"count":0,"href":"http:\/\/www.michael-schumacher.es\/noticias-f1\/wp-json\/wp\/v2\/posts\/10268\/revisions"}],"wp:attachment":[{"href":"http:\/\/www.michael-schumacher.es\/noticias-f1\/wp-json\/wp\/v2\/media?parent=10268"}],"wp:term":[{"taxonomy":"category","embeddable":true,"href":"http:\/\/www.michael-schumacher.es\/noticias-f1\/wp-json\/wp\/v2\/categories?post=10268"},{"taxonomy":"post_tag","embeddable":true,"href":"http:\/\/www.michael-schumacher.es\/noticias-f1\/wp-json\/wp\/v2\/tags?post=10268"}],"curies":[{"name":"wp","href":"https:\/\/api.w.org\/{rel}","templated":true}]}}