{"id":10277,"date":"2013-05-30T00:48:53","date_gmt":"2013-05-29T22:48:53","guid":{"rendered":"http:\/\/www.michael-schumacher.es\/noticias-f1\/?p=10277"},"modified":"2013-05-30T00:48:53","modified_gmt":"2013-05-29T22:48:53","slug":"vettel-sobre-su-vuelta-rapida-fue-una-satisfaccion-despues-de-ir-lento-durante-77-vueltas","status":"publish","type":"post","link":"http:\/\/www.michael-schumacher.es\/noticias-f1\/2013\/05\/30\/vettel-sobre-su-vuelta-rapida-fue-una-satisfaccion-despues-de-ir-lento-durante-77-vueltas\/","title":{"rendered":"Vettel sobre su vuelta r\u00e1pida: \u201cFue una satisfacci\u00f3n despu\u00e9s de ir lento durante 77 vueltas\u201d"},"content":{"rendered":"<p><a href=\"http:\/\/www.michael-schumacher.es\/noticias-f1\/wp-content\/uploads\/2012\/10\/new-jersey-vettel.jpg\"><img loading=\"lazy\" class=\"alignleft\" alt=\"new-jersey-vettel\" src=\"http:\/\/www.michael-schumacher.es\/noticias-f1\/wp-content\/uploads\/2012\/10\/new-jersey-vettel.jpg\" width=\"200\" height=\"112\" \/><\/a>Para un piloto competitivo tener que hacer una larga carrera a velocidad moderada se entiende que pueda resultar aburrido y as\u00ed le sucedi\u00f3 a Sebastian Vettel en el Gran Premio de M\u00f3naco, ya declar\u00f3 al terminar el Gran Premio que las flechas de plata iban excesivamente despacio en las primeras vueltas, e incluso las compar\u00f3 con autobuses haciendo un crucero.<\/p>\n<p><!--more--> <!--noteaser--><\/p>\n<p><a href=\"http:\/\/www.michael-schumacher.es\/noticias-f1\/wp-content\/uploads\/2012\/10\/new-jersey-vettel.jpg\"><img loading=\"lazy\" class=\"aligncenter size-full wp-image-5142\" alt=\"new-jersey-vettel\" src=\"http:\/\/www.michael-schumacher.es\/noticias-f1\/wp-content\/uploads\/2012\/10\/new-jersey-vettel.jpg\" width=\"640\" height=\"360\" srcset=\"http:\/\/www.michael-schumacher.es\/noticias-f1\/wp-content\/uploads\/2012\/10\/new-jersey-vettel.jpg 640w, http:\/\/www.michael-schumacher.es\/noticias-f1\/wp-content\/uploads\/2012\/10\/new-jersey-vettel-300x168.jpg 300w\" sizes=\"(max-width: 640px) 100vw, 640px\" \/><\/a><\/p>\n<p>&nbsp;<\/p>\n<p>Para un piloto competitivo tener que hacer una larga carrera a velocidad moderada se entiende que pueda resultar aburrido y as\u00ed le sucedi\u00f3 a Sebastian Vettel en el Gran Premio de M\u00f3naco, ya declar\u00f3 al terminar el Gran Premio que las flechas de plata iban excesivamente despacio en las primeras vueltas, e incluso las compar\u00f3 con autobuses haciendo un crucero.<\/p>\n<p>&nbsp;<\/p>\n<p>As\u00ed que el domingo en el gran Premio de M\u00f3naco, tras 77 vueltas lentas, el tricampeon mundial de F1 Sebastian Vettel decidi\u00f3 darse una satisfacci\u00f3n y firmar la vuelta r\u00e1pida, aunque se llevase una peque\u00f1a bronca de su ingeniero. Y as\u00ed lo explico Vettel: <strong>\u201cFue una satisfacci\u00f3n despu\u00e9s de ir lento durante 77 vueltas\u201d<\/strong><\/p>\n<p>&nbsp;<\/p>\n<p>Sin embargo para Guillaume Rocquelin el ingeniero de pista de Vettel, no fue ninguna satisfacci\u00f3n: <strong>\u201cNo hay satisfacci\u00f3n para nosotros, sin embargo\u201d.<\/strong><\/p>\n<p>&nbsp;<\/p>\n<p><strong>Conversacion de radio entre Sebastian Vettel y Guillaume Rocquelin:<\/strong><br \/>\n<strong>Guillaume Rocquelin:<\/strong> Muy bien, ya es suficiente. No vas a conseguir m\u00e1s puntos por eso.<br \/>\n<strong>Sebastian Vettel:<\/strong> Pero es una satisfacci\u00f3n despu\u00e9s de ir lento durante 77 vueltas.<br \/>\n<strong>Guillaume Rocquelin:<\/strong> No es ninguna satisfacci\u00f3n para nosotros. Puede que te diviertas, pero a nosotros no nos gusta.<br \/>\n<strong>Sebastian Vettel:<\/strong> De acuerdo, discutiremos esto despu\u00e9s de la carrera.<\/p>\n<p>&nbsp;<\/p>\n<p>Sebastian Vettel m\u00e1s tarde explic\u00f3 sus sensaciones sobre lo que est\u00e1 siendo ahora la F1:<strong> \u00abNo quiero hacer algo loco y me disculpo por discutir con mi ingeniero en la radio. Pero es algo que debe hacernos reflexionar sobre lo que se ha convertido la <\/strong><strong>F1<\/strong><strong> actual. Podr\u00edamos ser tres segundos m\u00e1s r\u00e1pido por vuelta. S\u00e9 que los pilotos no est\u00e1n disfrutando tanto de las carreras como les gustar\u00eda. El espect\u00e1culo es bueno, pero si se trata de seguir al otro hasta la bandera a cuadros, no creo que eso es lo que la gente quiere ver\u00bb.<\/strong><\/p>\n<p>&nbsp;<\/p>\n<p>David Coulthard ex piloto de F1 y actualmente comentarista para la BBC, quien califico de <strong>\u201cBasura\u201d<\/strong> la situaci\u00f3n actual de la F1 que hace que no se disfrute de una carrera como M\u00f3naco, comprende la frustraci\u00f3n de\u00a0 Vettel: <strong>\u00abLa situaci\u00f3n actual de los neum\u00e1ticos es frustrante para los pilotos, ya que podr\u00edan ser tres segundos m\u00e1s r\u00e1pido. Hasta cierto punto, es bueno para el espect\u00e1culo, pero no creo que la gente quiere ver una procesi\u00f3n hasta la bandera a cuadros\u201d.<\/strong><\/p>\n<p>&nbsp;<\/p>\n<p>&nbsp;<\/p>\n<div class=\"sharedaddy sd-sharing-enabled\"><div class=\"robots-nocontent sd-block sd-social sd-social-official sd-sharing\"><h3 class=\"sd-title\">Opciones Sociales:<\/h3><div class=\"sd-content\"><ul><li class=\"share-facebook\"><div class=\"fb-share-button\" data-href=\"http:\/\/www.michael-schumacher.es\/noticias-f1\/2013\/05\/30\/vettel-sobre-su-vuelta-rapida-fue-una-satisfaccion-despues-de-ir-lento-durante-77-vueltas\/\" data-layout=\"button_count\"><\/div><\/li><li class=\"share-twitter\"><a href=\"https:\/\/twitter.com\/share\" class=\"twitter-share-button\" data-url=\"http:\/\/www.michael-schumacher.es\/noticias-f1\/2013\/05\/30\/vettel-sobre-su-vuelta-rapida-fue-una-satisfaccion-despues-de-ir-lento-durante-77-vueltas\/\" data-text=\"Vettel sobre su vuelta r\u00e1pida: \u201cFue una satisfacci\u00f3n despu\u00e9s de ir lento durante 77 vueltas\u201d\"  >Tweet<\/a><\/li><li class=\"share-email\"><a rel=\"nofollow noopener noreferrer\" data-shared=\"\" class=\"share-email sd-button\" href=\"http:\/\/www.michael-schumacher.es\/noticias-f1\/2013\/05\/30\/vettel-sobre-su-vuelta-rapida-fue-una-satisfaccion-despues-de-ir-lento-durante-77-vueltas\/?share=email\" target=\"_blank\" title=\"Haz clic para enviar por correo electr\u00f3nico a un amigo\"><span>Correo electr\u00f3nico<\/span><\/a><\/li><li class=\"share-end\"><\/li><\/ul><\/div><\/div><\/div>","protected":false},"excerpt":{"rendered":"<p>Para un piloto competitivo tener que hacer una larga carrera a velocidad moderada se entiende que pueda resultar aburrido y as\u00ed le sucedi\u00f3 a Sebastian Vettel en el Gran Premio de M\u00f3naco, ya declar\u00f3 al terminar el Gran Premio que las flechas de plata iban excesivamente despacio en las primeras vueltas, e incluso las compar\u00f3 [&hellip;]<\/p>\n<div class=\"sharedaddy sd-sharing-enabled\"><div class=\"robots-nocontent sd-block sd-social sd-social-official sd-sharing\"><h3 class=\"sd-title\">Opciones Sociales:<\/h3><div class=\"sd-content\"><ul><li class=\"share-facebook\"><div class=\"fb-share-button\" data-href=\"http:\/\/www.michael-schumacher.es\/noticias-f1\/2013\/05\/30\/vettel-sobre-su-vuelta-rapida-fue-una-satisfaccion-despues-de-ir-lento-durante-77-vueltas\/\" data-layout=\"button_count\"><\/div><\/li><li class=\"share-twitter\"><a href=\"https:\/\/twitter.com\/share\" class=\"twitter-share-button\" data-url=\"http:\/\/www.michael-schumacher.es\/noticias-f1\/2013\/05\/30\/vettel-sobre-su-vuelta-rapida-fue-una-satisfaccion-despues-de-ir-lento-durante-77-vueltas\/\" data-text=\"Vettel sobre su vuelta r\u00e1pida: \u201cFue una satisfacci\u00f3n despu\u00e9s de ir lento durante 77 vueltas\u201d\"  >Tweet<\/a><\/li><li class=\"share-email\"><a rel=\"nofollow noopener noreferrer\" data-shared=\"\" class=\"share-email sd-button\" href=\"http:\/\/www.michael-schumacher.es\/noticias-f1\/2013\/05\/30\/vettel-sobre-su-vuelta-rapida-fue-una-satisfaccion-despues-de-ir-lento-durante-77-vueltas\/?share=email\" target=\"_blank\" title=\"Haz clic para enviar por correo electr\u00f3nico a un amigo\"><span>Correo electr\u00f3nico<\/span><\/a><\/li><li class=\"share-end\"><\/li><\/ul><\/div><\/div><\/div>","protected":false},"author":3,"featured_media":0,"comment_status":"open","ping_status":"open","sticky":false,"template":"","format":"standard","meta":{"_monsterinsights_skip_tracking":false,"_monsterinsights_sitenote_active":false,"_monsterinsights_sitenote_note":"","_monsterinsights_sitenote_category":0,"spay_email":"","jetpack_publicize_message":"","jetpack_is_tweetstorm":false,"jetpack_publicize_feature_enabled":true},"categories":[3],"tags":[3502,17,15,6,304,404,218,223,51,3501,71,30,3500],"jetpack_featured_media_url":"","jetpack_publicize_connections":[],"jetpack_sharing_enabled":true,"jetpack_shortlink":"https:\/\/wp.me\/p27q3P-2FL","_links":{"self":[{"href":"http:\/\/www.michael-schumacher.es\/noticias-f1\/wp-json\/wp\/v2\/posts\/10277"}],"collection":[{"href":"http:\/\/www.michael-schumacher.es\/noticias-f1\/wp-json\/wp\/v2\/posts"}],"about":[{"href":"http:\/\/www.michael-schumacher.es\/noticias-f1\/wp-json\/wp\/v2\/types\/post"}],"author":[{"embeddable":true,"href":"http:\/\/www.michael-schumacher.es\/noticias-f1\/wp-json\/wp\/v2\/users\/3"}],"replies":[{"embeddable":true,"href":"http:\/\/www.michael-schumacher.es\/noticias-f1\/wp-json\/wp\/v2\/comments?post=10277"}],"version-history":[{"count":0,"href":"http:\/\/www.michael-schumacher.es\/noticias-f1\/wp-json\/wp\/v2\/posts\/10277\/revisions"}],"wp:attachment":[{"href":"http:\/\/www.michael-schumacher.es\/noticias-f1\/wp-json\/wp\/v2\/media?parent=10277"}],"wp:term":[{"taxonomy":"category","embeddable":true,"href":"http:\/\/www.michael-schumacher.es\/noticias-f1\/wp-json\/wp\/v2\/categories?post=10277"},{"taxonomy":"post_tag","embeddable":true,"href":"http:\/\/www.michael-schumacher.es\/noticias-f1\/wp-json\/wp\/v2\/tags?post=10277"}],"curies":[{"name":"wp","href":"https:\/\/api.w.org\/{rel}","templated":true}]}}