{"id":10279,"date":"2013-05-29T23:31:51","date_gmt":"2013-05-29T21:31:51","guid":{"rendered":"http:\/\/www.michael-schumacher.es\/noticias-f1\/?p=10279"},"modified":"2013-05-29T23:31:51","modified_gmt":"2013-05-29T21:31:51","slug":"williams-anuncia-que-odriscoll-ha-sido-nombrado-consejero-delegado-del-grupo","status":"publish","type":"post","link":"http:\/\/www.michael-schumacher.es\/noticias-f1\/2013\/05\/29\/williams-anuncia-que-odriscoll-ha-sido-nombrado-consejero-delegado-del-grupo\/","title":{"rendered":"Williams anuncia que O&#8217;Driscoll, ha sido nombrado consejero delegado del grupo"},"content":{"rendered":"<p><a href=\"http:\/\/www.michael-schumacher.es\/noticias-f1\/wp-content\/uploads\/2013\/04\/Claire-y-Frank-Williams.jpg\"><img loading=\"lazy\" class=\"alignleft\" alt=\"Claire-y-Frank-Williams\" src=\"http:\/\/www.michael-schumacher.es\/noticias-f1\/wp-content\/uploads\/2013\/04\/Claire-y-Frank-Williams.jpg\" width=\"202\" height=\"134\" \/><\/a>Mike O&#8217;Driscoll, ex director general de Jaguar Cars, ha sido nombrado consejero delegado del grupo para guiar el futuro a largo plazo del equipo. El nuevo papel significa que el Equipo Williams F1 y Advanced Engineering se unir\u00e1n bajo una estructura administrativa. Por\u00a0 el nuevo consejero delegado trabajara junto a la jefa de equipo adjunta, Claire Williams. O&#8217;Driscoll que liderar\u00e1 el comit\u00e9 ejecutivo y ser\u00e1 de apoyo para\u00a0 Frank Williams.<\/p>\n<p><!--more--> <!--noteaser--><\/p>\n<p><a href=\"http:\/\/www.michael-schumacher.es\/noticias-f1\/wp-content\/uploads\/2013\/04\/Claire-y-Frank-Williams.jpg\"><img loading=\"lazy\" class=\"aligncenter size-full wp-image-8718\" alt=\"Claire-y-Frank-Williams\" src=\"http:\/\/www.michael-schumacher.es\/noticias-f1\/wp-content\/uploads\/2013\/04\/Claire-y-Frank-Williams.jpg\" width=\"650\" height=\"433\" srcset=\"http:\/\/www.michael-schumacher.es\/noticias-f1\/wp-content\/uploads\/2013\/04\/Claire-y-Frank-Williams.jpg 650w, http:\/\/www.michael-schumacher.es\/noticias-f1\/wp-content\/uploads\/2013\/04\/Claire-y-Frank-Williams-300x199.jpg 300w\" sizes=\"(max-width: 650px) 100vw, 650px\" \/><\/a><\/p>\n<p>&nbsp;<\/p>\n<p>Mike O&#8217;Driscoll, ex director general de Jaguar Cars, ha sido nombrado consejero delegado del grupo para guiar el futuro a largo plazo del equipo. El nuevo papel significa que el Equipo Williams F1 y Advanced Engineering se unir\u00e1n bajo una estructura administrativa. Por\u00a0 el nuevo consejero delegado trabajara junto a la jefa de equipo adjunta, Claire Williams. O&#8217;Driscoll que liderar\u00e1 el comit\u00e9 ejecutivo y ser\u00e1 de apoyo para\u00a0 Frank Williams.<\/p>\n<p>&nbsp;<\/p>\n<p>Sir Frank Williams, confirmaba el nuevo papel de Mike O&#8217;Driscoll, y su satisfacci\u00f3n:\u00a0<strong> \u00abMike ha sido un valioso miembro de nuestro Consejo de Administraci\u00f3n desde 2011 como director no ejecutivo, y estoy encantado de que su implicaci\u00f3n d\u00eda a d\u00eda en la empresa aumente significativamente. Este nuevo papel fortalece la empresa y nos ayudar\u00e1 a lograr nuestros objetivos, tanto en la pista como en la diversificaci\u00f3n. Mike trae consigo habilidades importantes y una gran cantidad de experiencia. Trabajando con Claire, no tengo ninguna duda de que el futuro de Williams est\u00e1 en buenas manos.\u00bb<\/strong><\/p>\n<p>&nbsp;<\/p>\n<p>Mike O&#8217;Driscoll ha declarado estar muy ilusionado por su nuevo puesto y por lograr los objetivos del grupo:<strong> \u00abEs un honor que el Consejo me ha confiado el cargo de consejero delegado del grupo. He tenido el orgullo de servir como director no ejecutivo desde 2011 y en mi nuevo papel, estoy muy ilusionado de ayudar a Sir Frank y Claire alcanzar los ambiciosos objetivos que nos hemos fijado.\u00bb<\/strong><\/p>\n<p>&nbsp;<\/p>\n<p>&nbsp;<\/p>\n<div class=\"sharedaddy sd-sharing-enabled\"><div class=\"robots-nocontent sd-block sd-social sd-social-official sd-sharing\"><h3 class=\"sd-title\">Opciones Sociales:<\/h3><div class=\"sd-content\"><ul><li class=\"share-facebook\"><div class=\"fb-share-button\" data-href=\"http:\/\/www.michael-schumacher.es\/noticias-f1\/2013\/05\/29\/williams-anuncia-que-odriscoll-ha-sido-nombrado-consejero-delegado-del-grupo\/\" data-layout=\"button_count\"><\/div><\/li><li class=\"share-twitter\"><a href=\"https:\/\/twitter.com\/share\" class=\"twitter-share-button\" data-url=\"http:\/\/www.michael-schumacher.es\/noticias-f1\/2013\/05\/29\/williams-anuncia-que-odriscoll-ha-sido-nombrado-consejero-delegado-del-grupo\/\" data-text=\"Williams anuncia que O&#039;Driscoll, ha sido nombrado consejero delegado del grupo \"  >Tweet<\/a><\/li><li class=\"share-email\"><a rel=\"nofollow noopener noreferrer\" data-shared=\"\" class=\"share-email sd-button\" href=\"http:\/\/www.michael-schumacher.es\/noticias-f1\/2013\/05\/29\/williams-anuncia-que-odriscoll-ha-sido-nombrado-consejero-delegado-del-grupo\/?share=email\" target=\"_blank\" title=\"Haz clic para enviar por correo electr\u00f3nico a un amigo\"><span>Correo electr\u00f3nico<\/span><\/a><\/li><li class=\"share-end\"><\/li><\/ul><\/div><\/div><\/div>","protected":false},"excerpt":{"rendered":"<p>Mike O&#8217;Driscoll, ex director general de Jaguar Cars, ha sido nombrado consejero delegado del grupo para guiar el futuro a largo plazo del equipo. El nuevo papel significa que el Equipo Williams F1 y Advanced Engineering se unir\u00e1n bajo una estructura administrativa. Por\u00a0 el nuevo consejero delegado trabajara junto a la jefa de equipo adjunta, [&hellip;]<\/p>\n<div class=\"sharedaddy sd-sharing-enabled\"><div class=\"robots-nocontent sd-block sd-social sd-social-official sd-sharing\"><h3 class=\"sd-title\">Opciones Sociales:<\/h3><div class=\"sd-content\"><ul><li class=\"share-facebook\"><div class=\"fb-share-button\" data-href=\"http:\/\/www.michael-schumacher.es\/noticias-f1\/2013\/05\/29\/williams-anuncia-que-odriscoll-ha-sido-nombrado-consejero-delegado-del-grupo\/\" data-layout=\"button_count\"><\/div><\/li><li class=\"share-twitter\"><a href=\"https:\/\/twitter.com\/share\" class=\"twitter-share-button\" data-url=\"http:\/\/www.michael-schumacher.es\/noticias-f1\/2013\/05\/29\/williams-anuncia-que-odriscoll-ha-sido-nombrado-consejero-delegado-del-grupo\/\" data-text=\"Williams anuncia que O&#039;Driscoll, ha sido nombrado consejero delegado del grupo \"  >Tweet<\/a><\/li><li class=\"share-email\"><a rel=\"nofollow noopener noreferrer\" data-shared=\"\" class=\"share-email sd-button\" href=\"http:\/\/www.michael-schumacher.es\/noticias-f1\/2013\/05\/29\/williams-anuncia-que-odriscoll-ha-sido-nombrado-consejero-delegado-del-grupo\/?share=email\" target=\"_blank\" title=\"Haz clic para enviar por correo electr\u00f3nico a un amigo\"><span>Correo electr\u00f3nico<\/span><\/a><\/li><li class=\"share-end\"><\/li><\/ul><\/div><\/div><\/div>","protected":false},"author":3,"featured_media":0,"comment_status":"open","ping_status":"open","sticky":false,"template":"","format":"standard","meta":{"_monsterinsights_skip_tracking":false,"_monsterinsights_sitenote_active":false,"_monsterinsights_sitenote_note":"","_monsterinsights_sitenote_category":0,"spay_email":"","jetpack_publicize_message":"","jetpack_is_tweetstorm":false,"jetpack_publicize_feature_enabled":true},"categories":[3],"tags":[2177,3499,3494,1217,3497,3498,2924,17,15,609,2925,3496,3495,93],"jetpack_featured_media_url":"","jetpack_publicize_connections":[],"jetpack_sharing_enabled":true,"jetpack_shortlink":"https:\/\/wp.me\/p27q3P-2FN","_links":{"self":[{"href":"http:\/\/www.michael-schumacher.es\/noticias-f1\/wp-json\/wp\/v2\/posts\/10279"}],"collection":[{"href":"http:\/\/www.michael-schumacher.es\/noticias-f1\/wp-json\/wp\/v2\/posts"}],"about":[{"href":"http:\/\/www.michael-schumacher.es\/noticias-f1\/wp-json\/wp\/v2\/types\/post"}],"author":[{"embeddable":true,"href":"http:\/\/www.michael-schumacher.es\/noticias-f1\/wp-json\/wp\/v2\/users\/3"}],"replies":[{"embeddable":true,"href":"http:\/\/www.michael-schumacher.es\/noticias-f1\/wp-json\/wp\/v2\/comments?post=10279"}],"version-history":[{"count":0,"href":"http:\/\/www.michael-schumacher.es\/noticias-f1\/wp-json\/wp\/v2\/posts\/10279\/revisions"}],"wp:attachment":[{"href":"http:\/\/www.michael-schumacher.es\/noticias-f1\/wp-json\/wp\/v2\/media?parent=10279"}],"wp:term":[{"taxonomy":"category","embeddable":true,"href":"http:\/\/www.michael-schumacher.es\/noticias-f1\/wp-json\/wp\/v2\/categories?post=10279"},{"taxonomy":"post_tag","embeddable":true,"href":"http:\/\/www.michael-schumacher.es\/noticias-f1\/wp-json\/wp\/v2\/tags?post=10279"}],"curies":[{"name":"wp","href":"https:\/\/api.w.org\/{rel}","templated":true}]}}