{"id":10284,"date":"2013-05-30T15:05:04","date_gmt":"2013-05-30T13:05:04","guid":{"rendered":"http:\/\/www.michael-schumacher.es\/noticias-f1\/?p=10284"},"modified":"2013-05-30T15:05:04","modified_gmt":"2013-05-30T13:05:04","slug":"vergne-tambien-critica-a-perez","status":"publish","type":"post","link":"http:\/\/www.michael-schumacher.es\/noticias-f1\/2013\/05\/30\/vergne-tambien-critica-a-perez\/","title":{"rendered":"Vergne tambi\u00e9n cr\u00edtica a P\u00e9rez"},"content":{"rendered":"<p><a href=\"http:\/\/www.michael-schumacher.es\/noticias-f1\/wp-content\/uploads\/2013\/03\/jean-eric_vergne_test-bcn-2013_david-sarro.jpg\"><img loading=\"lazy\" class=\"alignleft\" alt=\"Jean-Eric Vergne - Test Bcn 2013 David Sarr\u00f3\" src=\"http:\/\/www.michael-schumacher.es\/noticias-f1\/wp-content\/uploads\/2013\/03\/jean-eric_vergne_test-bcn-2013_david-sarro.jpg\" width=\"200\" height=\"133\" \/><\/a>El piloto ha conseguido en el Gran Premio de M\u00f3naco igualar\u00a0 el mejor resultado de su carrera, consiguiendo terminar la accidentada carrera en el octavo lugar, pero reconoce que tuvo suerte de no quedar atrapado en alguno de los incidentes de la carrera.<\/p>\n<p><!--more--> <!--noteaser--><\/p>\n<p><a href=\"http:\/\/www.michael-schumacher.es\/noticias-f1\/wp-content\/uploads\/2013\/03\/jean-eric_vergne_test-bcn-2013_david-sarro.jpg\"><img loading=\"lazy\" class=\"aligncenter size-full wp-image-8335\" alt=\"Jean-Eric Vergne - Test Bcn 2013 David Sarr\u00f3\" src=\"http:\/\/www.michael-schumacher.es\/noticias-f1\/wp-content\/uploads\/2013\/03\/jean-eric_vergne_test-bcn-2013_david-sarro.jpg\" width=\"650\" height=\"433\" srcset=\"http:\/\/www.michael-schumacher.es\/noticias-f1\/wp-content\/uploads\/2013\/03\/jean-eric_vergne_test-bcn-2013_david-sarro.jpg 650w, http:\/\/www.michael-schumacher.es\/noticias-f1\/wp-content\/uploads\/2013\/03\/jean-eric_vergne_test-bcn-2013_david-sarro-300x199.jpg 300w\" sizes=\"(max-width: 650px) 100vw, 650px\" \/><\/a><\/p>\n<p>&nbsp;<\/p>\n<p>El piloto ha conseguido en el Gran Premio de M\u00f3naco igualar\u00a0 el mejor resultado de su carrera, consiguiendo terminar la accidentada carrera en el octavo lugar, pero reconoce que tuvo suerte de no quedar atrapado en alguno de los incidentes de la carrera.<\/p>\n<p>&nbsp;<\/p>\n<p>Vergne est\u00e1 contento de su octava posici\u00f3n ya que es un buen resultado en M\u00f3naco: <strong>\u00bb Mi salida fue muy buena y pude mantener la posici\u00f3n. Estoy contento de haber evitado problemas y octavo lugar es una buena posici\u00f3n en M\u00f3naco. Me aprovech\u00e9 de un accidente por delante, pero ese tipo de cosas sucede. Fui testigo de un accidente delante de m\u00ed, pero este tipo de cosas suceden en M\u00f3naco. Para ser honesto, yo no me siento bien cuando las cosas malas le suceden a los corredores delante de m\u00ed, a m\u00ed me pas\u00f3 hace poco\u00bb.<\/strong><\/p>\n<p>&nbsp;<\/p>\n<p>Jean-Eric Vergne tambi\u00e9n reconoce que intento no meterse en problemas y conservar posici\u00f3n: <strong>\u201cMi prioridad era mantenerme alejado de los problemas. Siempre fui muy cerca de Jenson y Fernando. Creo que Adrian Sutil hizo un excelente trabajo adelantando a Buton y Alonso en la horquilla y tal vez era el \u00fanico lugar donde podr\u00eda haber probado yo tambi\u00e9n. Pero despu\u00e9s de que Adrian les adelantara ah\u00ed, cerraban la puerta muy r\u00e1pido, as\u00ed que nunca tuve una buena oportunidad.\u201d<\/strong><\/p>\n<p>&nbsp;<\/p>\n<p>Vergne, tambi\u00e9n opin\u00f3 sobre Sergio P\u00e9rez, uni\u00e9ndose a las criticas que el piloto mexicano ha recibido. Vergne considera que P\u00e9rez se estrell\u00f3 porque quiso y que mala suerte tuvo su compa\u00f1ero de equipo Daniel Ricciardo que su carrera termin\u00f3 cuando Romain Grosjean, se estrell\u00f3 con el: <strong>\u00abSi se pudiera opinar, creo que Sergio no tuvo mala suerte, tal vez se estrell\u00f3 porque quer\u00eda. Mala suerte es lo que le ocurri\u00f3 a Daniel Ricciardo cuando Romain se estrell\u00f3 contra \u00e9l\u201d.<\/strong><\/p>\n<p>&nbsp;<\/p>\n<p><strong>Imagen:<\/strong> David Sarr\u00f3<\/p>\n<p>&nbsp;<\/p>\n<div class=\"sharedaddy sd-sharing-enabled\"><div class=\"robots-nocontent sd-block sd-social sd-social-official sd-sharing\"><h3 class=\"sd-title\">Opciones Sociales:<\/h3><div class=\"sd-content\"><ul><li class=\"share-facebook\"><div class=\"fb-share-button\" data-href=\"http:\/\/www.michael-schumacher.es\/noticias-f1\/2013\/05\/30\/vergne-tambien-critica-a-perez\/\" data-layout=\"button_count\"><\/div><\/li><li class=\"share-twitter\"><a href=\"https:\/\/twitter.com\/share\" class=\"twitter-share-button\" data-url=\"http:\/\/www.michael-schumacher.es\/noticias-f1\/2013\/05\/30\/vergne-tambien-critica-a-perez\/\" data-text=\"Vergne tambi\u00e9n cr\u00edtica a P\u00e9rez\"  >Tweet<\/a><\/li><li class=\"share-email\"><a rel=\"nofollow noopener noreferrer\" data-shared=\"\" class=\"share-email sd-button\" href=\"http:\/\/www.michael-schumacher.es\/noticias-f1\/2013\/05\/30\/vergne-tambien-critica-a-perez\/?share=email\" target=\"_blank\" title=\"Haz clic para enviar por correo electr\u00f3nico a un amigo\"><span>Correo electr\u00f3nico<\/span><\/a><\/li><li class=\"share-end\"><\/li><\/ul><\/div><\/div><\/div>","protected":false},"excerpt":{"rendered":"<p>El piloto ha conseguido en el Gran Premio de M\u00f3naco igualar\u00a0 el mejor resultado de su carrera, consiguiendo terminar la accidentada carrera en el octavo lugar, pero reconoce que tuvo suerte de no quedar atrapado en alguno de los incidentes de la carrera.<\/p>\n<div class=\"sharedaddy sd-sharing-enabled\"><div class=\"robots-nocontent sd-block sd-social sd-social-official sd-sharing\"><h3 class=\"sd-title\">Opciones Sociales:<\/h3><div class=\"sd-content\"><ul><li class=\"share-facebook\"><div class=\"fb-share-button\" data-href=\"http:\/\/www.michael-schumacher.es\/noticias-f1\/2013\/05\/30\/vergne-tambien-critica-a-perez\/\" data-layout=\"button_count\"><\/div><\/li><li class=\"share-twitter\"><a href=\"https:\/\/twitter.com\/share\" class=\"twitter-share-button\" data-url=\"http:\/\/www.michael-schumacher.es\/noticias-f1\/2013\/05\/30\/vergne-tambien-critica-a-perez\/\" data-text=\"Vergne tambi\u00e9n cr\u00edtica a P\u00e9rez\"  >Tweet<\/a><\/li><li class=\"share-email\"><a rel=\"nofollow noopener noreferrer\" data-shared=\"\" class=\"share-email sd-button\" href=\"http:\/\/www.michael-schumacher.es\/noticias-f1\/2013\/05\/30\/vergne-tambien-critica-a-perez\/?share=email\" target=\"_blank\" title=\"Haz clic para enviar por correo electr\u00f3nico a un amigo\"><span>Correo electr\u00f3nico<\/span><\/a><\/li><li class=\"share-end\"><\/li><\/ul><\/div><\/div><\/div>","protected":false},"author":3,"featured_media":0,"comment_status":"open","ping_status":"open","sticky":false,"template":"","format":"standard","meta":{"_monsterinsights_skip_tracking":false,"_monsterinsights_sitenote_active":false,"_monsterinsights_sitenote_note":"","_monsterinsights_sitenote_category":0,"spay_email":"","jetpack_publicize_message":"","jetpack_is_tweetstorm":false,"jetpack_publicize_feature_enabled":true},"categories":[3],"tags":[464,1236,2028,99,81,90,24,89,625,100],"jetpack_featured_media_url":"","jetpack_publicize_connections":[],"jetpack_sharing_enabled":true,"jetpack_shortlink":"https:\/\/wp.me\/p27q3P-2FS","_links":{"self":[{"href":"http:\/\/www.michael-schumacher.es\/noticias-f1\/wp-json\/wp\/v2\/posts\/10284"}],"collection":[{"href":"http:\/\/www.michael-schumacher.es\/noticias-f1\/wp-json\/wp\/v2\/posts"}],"about":[{"href":"http:\/\/www.michael-schumacher.es\/noticias-f1\/wp-json\/wp\/v2\/types\/post"}],"author":[{"embeddable":true,"href":"http:\/\/www.michael-schumacher.es\/noticias-f1\/wp-json\/wp\/v2\/users\/3"}],"replies":[{"embeddable":true,"href":"http:\/\/www.michael-schumacher.es\/noticias-f1\/wp-json\/wp\/v2\/comments?post=10284"}],"version-history":[{"count":0,"href":"http:\/\/www.michael-schumacher.es\/noticias-f1\/wp-json\/wp\/v2\/posts\/10284\/revisions"}],"wp:attachment":[{"href":"http:\/\/www.michael-schumacher.es\/noticias-f1\/wp-json\/wp\/v2\/media?parent=10284"}],"wp:term":[{"taxonomy":"category","embeddable":true,"href":"http:\/\/www.michael-schumacher.es\/noticias-f1\/wp-json\/wp\/v2\/categories?post=10284"},{"taxonomy":"post_tag","embeddable":true,"href":"http:\/\/www.michael-schumacher.es\/noticias-f1\/wp-json\/wp\/v2\/tags?post=10284"}],"curies":[{"name":"wp","href":"https:\/\/api.w.org\/{rel}","templated":true}]}}