{"id":10392,"date":"2013-06-04T17:19:37","date_gmt":"2013-06-04T15:19:37","guid":{"rendered":"http:\/\/www.michael-schumacher.es\/noticias-f1\/?p=10392"},"modified":"2013-06-04T17:19:37","modified_gmt":"2013-06-04T15:19:37","slug":"horner-defiende-a-ferrari-la-situacion-no-es-comparable","status":"publish","type":"post","link":"http:\/\/www.michael-schumacher.es\/noticias-f1\/2013\/06\/04\/horner-defiende-a-ferrari-la-situacion-no-es-comparable\/","title":{"rendered":"Horner defiende a Ferrari, la situaci\u00f3n no es comparable"},"content":{"rendered":"<p><a href=\"http:\/\/www.michael-schumacher.es\/noticias-f1\/wp-content\/uploads\/2013\/02\/horner_2.jpg\"><img loading=\"lazy\" class=\"alignleft\" alt=\"horner_2\" src=\"http:\/\/www.michael-schumacher.es\/noticias-f1\/wp-content\/uploads\/2013\/02\/horner_2.jpg\" width=\"200\" height=\"112\" \/><\/a>Tanto Mercedes como Ferrari han sido requeridos por la FIA, para explicarse por sus pruebas privadas de 1000Km con Pirelli. Christian Horner, no tiene dudas y opina que la situaci\u00f3n no es comparable por lo que\u00a0 ha mostrado su apoyo a Ferrari ya que usaron el coche del 2011.<br \/>\n<!--more--> <!--noteaser--><\/p>\n<p><a href=\"http:\/\/www.michael-schumacher.es\/noticias-f1\/wp-content\/uploads\/2013\/02\/horner_2.jpg\"><img loading=\"lazy\" class=\"aligncenter size-full wp-image-7962\" alt=\"horner_2\" src=\"http:\/\/www.michael-schumacher.es\/noticias-f1\/wp-content\/uploads\/2013\/02\/horner_2.jpg\" width=\"650\" height=\"365\" srcset=\"http:\/\/www.michael-schumacher.es\/noticias-f1\/wp-content\/uploads\/2013\/02\/horner_2.jpg 650w, http:\/\/www.michael-schumacher.es\/noticias-f1\/wp-content\/uploads\/2013\/02\/horner_2-300x168.jpg 300w\" sizes=\"(max-width: 650px) 100vw, 650px\" \/><\/a><\/p>\n<p>&nbsp;<\/p>\n<p>Tanto Mercedes como Ferrari han sido requeridos por la FIA, para explicarse por sus pruebas privadas de 1000Km con Pirelli. Christian Horner, no tiene dudas y opina que la situaci\u00f3n no es comparable por lo que\u00a0 ha mostrado su apoyo a Ferrari ya que usaron el coche del 2011.<\/p>\n<p>&nbsp;<\/p>\n<p>Por lo que Christian Horner, defiende a Ferrari, en declaraciones a la revista italiana Autosprint:<strong> \u00abLa posici\u00f3n de Ferrari es diferente, incluso si han utilizado su piloto reserva oficial (Pedro de la Rosa), no hicieron uso de su coche 2013. Las dos situaciones no son ni siquiera comparables\u00bb.<\/strong><\/p>\n<p>&nbsp;<\/p>\n<p>Mercedes, sin embargo reitera que no hicieron nada malo, aunque usaron el coche actual el W04 en Barcelona, despu\u00e9s de la carrera y aseguran que no era una prueba secreta, algo a lo que Christian Horner tampoco est\u00e1 de acuerdo, considera que, no lo anunciaron p\u00fablicamente como hacen con sus actividades:<strong> \u201cTienes este tipo de enfoque cuando no quieres que alguien sepa algo, de lo contrario lo acabas anunciando p\u00fablicamente, como ya hacen con todas sus otras actividades. S\u00f3lo sali\u00f3 a la luz durante el Gran Premio de M\u00f3naco y ha habido informes de que tanto Nico Rosberg y Lewis Hamilton estaban al volante en la prueba de Barcelona y con diferentes casco para evitar ser identificados\u201d.<\/strong><\/p>\n<p>&nbsp;<\/p>\n<p>Christian Horner reconoce que en este asunto la responsabilidad de seguir las reglas es de todos los implicados, tanto Mercedes como Pirelli, ya que las reglas son para todos los que forman parte de la F1: <strong>\u00abTodo el mundo en la F1 est\u00e1 sujeto a las reglas. Equipos, pilotos y proveedores como Pirelli. Las reglas tambi\u00e9n se aplican a ellos.\u201d<\/strong><\/p>\n<p>&nbsp;<\/p>\n<p>Tambi\u00e9n respecto de que espera de la FIA despu\u00e9s de la queja de Red Bull, Horner fue muy claro:<strong> \u00abQue el asunto se analice de manera r\u00e1pida y justa.\u00bb<\/strong><\/p>\n<p>&nbsp;<\/p>\n<div class=\"sharedaddy sd-sharing-enabled\"><div class=\"robots-nocontent sd-block sd-social sd-social-official sd-sharing\"><h3 class=\"sd-title\">Opciones Sociales:<\/h3><div class=\"sd-content\"><ul><li class=\"share-facebook\"><div class=\"fb-share-button\" data-href=\"http:\/\/www.michael-schumacher.es\/noticias-f1\/2013\/06\/04\/horner-defiende-a-ferrari-la-situacion-no-es-comparable\/\" data-layout=\"button_count\"><\/div><\/li><li class=\"share-twitter\"><a href=\"https:\/\/twitter.com\/share\" class=\"twitter-share-button\" data-url=\"http:\/\/www.michael-schumacher.es\/noticias-f1\/2013\/06\/04\/horner-defiende-a-ferrari-la-situacion-no-es-comparable\/\" data-text=\"Horner defiende a Ferrari, la situaci\u00f3n no es comparable\"  >Tweet<\/a><\/li><li class=\"share-email\"><a rel=\"nofollow noopener noreferrer\" data-shared=\"\" class=\"share-email sd-button\" href=\"http:\/\/www.michael-schumacher.es\/noticias-f1\/2013\/06\/04\/horner-defiende-a-ferrari-la-situacion-no-es-comparable\/?share=email\" target=\"_blank\" title=\"Haz clic para enviar por correo electr\u00f3nico a un amigo\"><span>Correo electr\u00f3nico<\/span><\/a><\/li><li class=\"share-end\"><\/li><\/ul><\/div><\/div><\/div>","protected":false},"excerpt":{"rendered":"<p>Tanto Mercedes como Ferrari han sido requeridos por la FIA, para explicarse por sus pruebas privadas de 1000Km con Pirelli. Christian Horner, no tiene dudas y opina que la situaci\u00f3n no es comparable por lo que\u00a0 ha mostrado su apoyo a Ferrari ya que usaron el coche del 2011.<\/p>\n<div class=\"sharedaddy sd-sharing-enabled\"><div class=\"robots-nocontent sd-block sd-social sd-social-official sd-sharing\"><h3 class=\"sd-title\">Opciones Sociales:<\/h3><div class=\"sd-content\"><ul><li class=\"share-facebook\"><div class=\"fb-share-button\" data-href=\"http:\/\/www.michael-schumacher.es\/noticias-f1\/2013\/06\/04\/horner-defiende-a-ferrari-la-situacion-no-es-comparable\/\" data-layout=\"button_count\"><\/div><\/li><li class=\"share-twitter\"><a href=\"https:\/\/twitter.com\/share\" class=\"twitter-share-button\" data-url=\"http:\/\/www.michael-schumacher.es\/noticias-f1\/2013\/06\/04\/horner-defiende-a-ferrari-la-situacion-no-es-comparable\/\" data-text=\"Horner defiende a Ferrari, la situaci\u00f3n no es comparable\"  >Tweet<\/a><\/li><li class=\"share-email\"><a rel=\"nofollow noopener noreferrer\" data-shared=\"\" class=\"share-email sd-button\" href=\"http:\/\/www.michael-schumacher.es\/noticias-f1\/2013\/06\/04\/horner-defiende-a-ferrari-la-situacion-no-es-comparable\/?share=email\" target=\"_blank\" title=\"Haz clic para enviar por correo electr\u00f3nico a un amigo\"><span>Correo electr\u00f3nico<\/span><\/a><\/li><li class=\"share-end\"><\/li><\/ul><\/div><\/div><\/div>","protected":false},"author":3,"featured_media":0,"comment_status":"open","ping_status":"open","sticky":false,"template":"","format":"standard","meta":{"_monsterinsights_skip_tracking":false,"_monsterinsights_sitenote_active":false,"_monsterinsights_sitenote_note":"","_monsterinsights_sitenote_category":0,"spay_email":"","jetpack_publicize_message":"","jetpack_is_tweetstorm":false,"jetpack_publicize_feature_enabled":true},"categories":[3],"tags":[961,598,550,2790,3537,17,141,15,171,51,449],"jetpack_featured_media_url":"","jetpack_publicize_connections":[],"jetpack_sharing_enabled":true,"jetpack_shortlink":"https:\/\/wp.me\/p27q3P-2HC","_links":{"self":[{"href":"http:\/\/www.michael-schumacher.es\/noticias-f1\/wp-json\/wp\/v2\/posts\/10392"}],"collection":[{"href":"http:\/\/www.michael-schumacher.es\/noticias-f1\/wp-json\/wp\/v2\/posts"}],"about":[{"href":"http:\/\/www.michael-schumacher.es\/noticias-f1\/wp-json\/wp\/v2\/types\/post"}],"author":[{"embeddable":true,"href":"http:\/\/www.michael-schumacher.es\/noticias-f1\/wp-json\/wp\/v2\/users\/3"}],"replies":[{"embeddable":true,"href":"http:\/\/www.michael-schumacher.es\/noticias-f1\/wp-json\/wp\/v2\/comments?post=10392"}],"version-history":[{"count":0,"href":"http:\/\/www.michael-schumacher.es\/noticias-f1\/wp-json\/wp\/v2\/posts\/10392\/revisions"}],"wp:attachment":[{"href":"http:\/\/www.michael-schumacher.es\/noticias-f1\/wp-json\/wp\/v2\/media?parent=10392"}],"wp:term":[{"taxonomy":"category","embeddable":true,"href":"http:\/\/www.michael-schumacher.es\/noticias-f1\/wp-json\/wp\/v2\/categories?post=10392"},{"taxonomy":"post_tag","embeddable":true,"href":"http:\/\/www.michael-schumacher.es\/noticias-f1\/wp-json\/wp\/v2\/tags?post=10392"}],"curies":[{"name":"wp","href":"https:\/\/api.w.org\/{rel}","templated":true}]}}