{"id":1047,"date":"2012-05-25T00:49:02","date_gmt":"2012-05-24T22:49:02","guid":{"rendered":"http:\/\/www.michael-schumacher.es\/noticias-f1\/?p=1047"},"modified":"2012-05-25T00:49:02","modified_gmt":"2012-05-24T22:49:02","slug":"entrenamientos-gp-de-monaco-monte-carlo-2012-red-bull","status":"publish","type":"post","link":"http:\/\/www.michael-schumacher.es\/noticias-f1\/2012\/05\/25\/entrenamientos-gp-de-monaco-monte-carlo-2012-red-bull\/","title":{"rendered":"Entrenamientos GP de M\u00f3naco, Monte Carlo 2012. Red Bull"},"content":{"rendered":"<p><img loading=\"lazy\" class=\"alignleft\" title=\"Sebastian Vettel\" src=\"http:\/\/img.michael-schumacher.es\/noticias-f1\/sebastian-vettel\/vettel-1-mini.jpg\" alt=\"Sebastian Vettel\" width=\"202\" height=\"100\" \/>Vettel solo ha podido terminar en posicion 9 y 10 en las dos sesiones y Webber en posicion 13 y 7 \u00a0en las dos sesiones por un dia protagonizado por la lluvia pero esperan obtener mayores datos en la tercera practica.<\/p>\n<p><!--more--> <!--noteaser--><\/p>\n<p><img loading=\"lazy\" class=\"aligncenter\" title=\"Sebastian Vettel\" src=\"http:\/\/img.michael-schumacher.es\/noticias-f1\/sebastian-vettel\/vettel-1.jpg\" alt=\"Sebastian Vettel\" width=\"605\" height=\"300\" \/><\/p>\n<p>Vettel solo ha podido terminar en posicion 9 y 10 en las dos sesiones y Webber en posicion 13 y 7 \u00a0en las dos sesiones por un dia protagonizado por la lluvia pero esperan obtener mayores datos en la tercera practica.<\/p>\n<p><strong>\u00a0<\/strong><\/p>\n<p><strong>Sebastian Vettel:<\/strong> \u00abNo hemos aprendido mucho a partir de hoy debido a las condiciones. No era ideal, ya que esta ma\u00f1ana hab\u00eda una bandera roja y luego llovi\u00f3 por la tarde, y como resultado, es dif\u00edcil decir d\u00f3nde estamos. No ten\u00edamos un mont\u00f3n de agarre debido a la lluvia, que estaba muy resbaladiza en la pista y hab\u00eda un mont\u00f3n de coches a cabo al mismo tiempo, pero era lo mismo para todos. El clima puede cambiar r\u00e1pidamente aqu\u00ed y ahora usted ve que hay luz del sol una vez m\u00e1s. \u00bb<\/p>\n<p>&nbsp;<\/p>\n<p><strong>Mark Webber:<\/strong> \u00abNo fue f\u00e1cil para nosotros, como para todos los equipos en el dia de hoy, y tenemos mucho trabajo que hacer en las pr\u00f3ximas 24 horas. Es evidente que hay algunos coches muy r\u00e1pidos y tenemos que ver d\u00f3nde podemos mejorar. Obviamente, se limit\u00f3 el tiempo para todos, as\u00ed que no hemos hecho tanto como nos hubiera gustado, pero eso es lo que pas\u00f3 hoy y asi es M\u00f3naco \u00a0regala algunos importantes desaf\u00edos. La pista es bastante inconsistente en t\u00e9rminos de agarre, pero s\u00ed aprendimos algunas cosas que hoy en d\u00eda \u00ab.<\/p>\n<div class=\"sharedaddy sd-sharing-enabled\"><div class=\"robots-nocontent sd-block sd-social sd-social-official sd-sharing\"><h3 class=\"sd-title\">Opciones Sociales:<\/h3><div class=\"sd-content\"><ul><li class=\"share-facebook\"><div class=\"fb-share-button\" data-href=\"http:\/\/www.michael-schumacher.es\/noticias-f1\/2012\/05\/25\/entrenamientos-gp-de-monaco-monte-carlo-2012-red-bull\/\" data-layout=\"button_count\"><\/div><\/li><li class=\"share-twitter\"><a href=\"https:\/\/twitter.com\/share\" class=\"twitter-share-button\" data-url=\"http:\/\/www.michael-schumacher.es\/noticias-f1\/2012\/05\/25\/entrenamientos-gp-de-monaco-monte-carlo-2012-red-bull\/\" data-text=\"Entrenamientos GP de M\u00f3naco, Monte Carlo 2012. Red Bull\"  >Tweet<\/a><\/li><li class=\"share-email\"><a rel=\"nofollow noopener noreferrer\" data-shared=\"\" class=\"share-email sd-button\" href=\"http:\/\/www.michael-schumacher.es\/noticias-f1\/2012\/05\/25\/entrenamientos-gp-de-monaco-monte-carlo-2012-red-bull\/?share=email\" target=\"_blank\" title=\"Haz clic para enviar por correo electr\u00f3nico a un amigo\"><span>Correo electr\u00f3nico<\/span><\/a><\/li><li class=\"share-end\"><\/li><\/ul><\/div><\/div><\/div>","protected":false},"excerpt":{"rendered":"<p>Vettel solo ha podido terminar en posicion 9 y 10 en las dos sesiones y Webber en posicion 13 y 7 \u00a0en las dos sesiones por un dia protagonizado por la lluvia pero esperan obtener mayores datos en la tercera practica.<\/p>\n<div class=\"sharedaddy sd-sharing-enabled\"><div class=\"robots-nocontent sd-block sd-social sd-social-official sd-sharing\"><h3 class=\"sd-title\">Opciones Sociales:<\/h3><div class=\"sd-content\"><ul><li class=\"share-facebook\"><div class=\"fb-share-button\" data-href=\"http:\/\/www.michael-schumacher.es\/noticias-f1\/2012\/05\/25\/entrenamientos-gp-de-monaco-monte-carlo-2012-red-bull\/\" data-layout=\"button_count\"><\/div><\/li><li class=\"share-twitter\"><a href=\"https:\/\/twitter.com\/share\" class=\"twitter-share-button\" data-url=\"http:\/\/www.michael-schumacher.es\/noticias-f1\/2012\/05\/25\/entrenamientos-gp-de-monaco-monte-carlo-2012-red-bull\/\" data-text=\"Entrenamientos GP de M\u00f3naco, Monte Carlo 2012. Red Bull\"  >Tweet<\/a><\/li><li class=\"share-email\"><a rel=\"nofollow noopener noreferrer\" data-shared=\"\" class=\"share-email sd-button\" href=\"http:\/\/www.michael-schumacher.es\/noticias-f1\/2012\/05\/25\/entrenamientos-gp-de-monaco-monte-carlo-2012-red-bull\/?share=email\" target=\"_blank\" title=\"Haz clic para enviar por correo electr\u00f3nico a un amigo\"><span>Correo electr\u00f3nico<\/span><\/a><\/li><li class=\"share-end\"><\/li><\/ul><\/div><\/div><\/div>","protected":false},"author":2,"featured_media":0,"comment_status":"open","ping_status":"open","sticky":false,"template":"","format":"standard","meta":{"_monsterinsights_skip_tracking":false,"_monsterinsights_sitenote_active":false,"_monsterinsights_sitenote_note":"","_monsterinsights_sitenote_category":0,"spay_email":"","jetpack_publicize_message":"","jetpack_is_tweetstorm":false,"jetpack_publicize_feature_enabled":true},"categories":[67,3],"tags":[],"jetpack_featured_media_url":"","jetpack_publicize_connections":[],"jetpack_sharing_enabled":true,"jetpack_shortlink":"https:\/\/wp.me\/p27q3P-gT","_links":{"self":[{"href":"http:\/\/www.michael-schumacher.es\/noticias-f1\/wp-json\/wp\/v2\/posts\/1047"}],"collection":[{"href":"http:\/\/www.michael-schumacher.es\/noticias-f1\/wp-json\/wp\/v2\/posts"}],"about":[{"href":"http:\/\/www.michael-schumacher.es\/noticias-f1\/wp-json\/wp\/v2\/types\/post"}],"author":[{"embeddable":true,"href":"http:\/\/www.michael-schumacher.es\/noticias-f1\/wp-json\/wp\/v2\/users\/2"}],"replies":[{"embeddable":true,"href":"http:\/\/www.michael-schumacher.es\/noticias-f1\/wp-json\/wp\/v2\/comments?post=1047"}],"version-history":[{"count":0,"href":"http:\/\/www.michael-schumacher.es\/noticias-f1\/wp-json\/wp\/v2\/posts\/1047\/revisions"}],"wp:attachment":[{"href":"http:\/\/www.michael-schumacher.es\/noticias-f1\/wp-json\/wp\/v2\/media?parent=1047"}],"wp:term":[{"taxonomy":"category","embeddable":true,"href":"http:\/\/www.michael-schumacher.es\/noticias-f1\/wp-json\/wp\/v2\/categories?post=1047"},{"taxonomy":"post_tag","embeddable":true,"href":"http:\/\/www.michael-schumacher.es\/noticias-f1\/wp-json\/wp\/v2\/tags?post=1047"}],"curies":[{"name":"wp","href":"https:\/\/api.w.org\/{rel}","templated":true}]}}