{"id":1050,"date":"2012-05-25T10:20:59","date_gmt":"2012-05-25T08:20:59","guid":{"rendered":"http:\/\/www.michael-schumacher.es\/noticias-f1\/?p=1050"},"modified":"2012-05-25T10:22:16","modified_gmt":"2012-05-25T08:22:16","slug":"entrenamientos-gp-de-monaco-monte-carlo-2012-mclaren","status":"publish","type":"post","link":"http:\/\/www.michael-schumacher.es\/noticias-f1\/2012\/05\/25\/entrenamientos-gp-de-monaco-monte-carlo-2012-mclaren\/","title":{"rendered":"Entrenamientos GP de M\u00f3naco, Monte Carlo 2012. McLaren"},"content":{"rendered":"<p><img loading=\"lazy\" class=\"alignleft\" title=\"McLaren\" src=\"http:\/\/img.michael-schumacher.es\/noticias-f1\/mclaren\/mclaren-1-mini.jpg\" alt=\"McLaren\" width=\"202\" height=\"100\" \/>La lluvia ha dificultado el trabajo \u00a0al equipo Mclaren que no han podido recoger suficientes datos de los neum\u00e1ticos en Monaco, pero Button ha podido firmar su mejor marca para liderar los libres con el compuesto superblando.<\/p>\n<p><!--more--> <!--noteaser--><\/p>\n<p><img loading=\"lazy\" class=\"aligncenter\" title=\"McLaren\" src=\"http:\/\/img.michael-schumacher.es\/noticias-f1\/mclaren\/mclaren-1.jpg\" alt=\"McLaren\" width=\"605\" height=\"300\" \/><\/p>\n<p>La lluvia ha dificultado el trabajo \u00a0al equipo Mclaren que no han podido recoger suficientes datos de los neum\u00e1ticos en Monaco, pero Button ha podido firmar su mejor marca para liderar los libres con el compuesto superblando.<\/p>\n<p>&nbsp;<\/p>\n<p><strong>Jenson Button:<\/strong> \u00abLa tarea m\u00e1s importante en el d\u00eda de hoy era hacer un stint largo con los neum\u00e1ticos superblandos y mucha gasolina en el dep\u00f3sito, pero creo que nadie lo ha conseguido. Debemos ver c\u00f3mo evolucionan las gomas ya que jugar\u00e1n un papel importante en la carrera. De todos modos, ha estado bien poder usar un poco ese neum\u00e1tico y comprobar su adherencia, eso nos ha dado una informaci\u00f3n que debemos analizar antes del domingo aunque volveremos a usar este compuesto antes de la calificaci\u00f3n. Sin lugar a dudas pienso que el coche ha mejorado entre los Libres 1 y los Libres 2. Esta tarde hemos probado varias cosas y estoy contento con el coche. Todav\u00eda podemos mejorar, pero sabemos en qu\u00e9 direcci\u00f3n debemos avanzar\u00bb.<\/p>\n<p>&nbsp;<\/p>\n<p><strong>Lewis Hamilton:<\/strong> \u00abHoy no hemos podido aprender tantas cosas como quiz\u00e1s hubi\u00e9ramos querido. El clima era bueno por la ma\u00f1ana, pero el tiempo variable de esta tarde ha hecho que fuera dif\u00edcil trabajar con el coche. Es un circuito incre\u00edblemente estrecho; muy t\u00e9cnico, por lo que la informaci\u00f3n m\u00e1s peque\u00f1a tambi\u00e9n te ayuda a comprender c\u00f3mo debes ajustar el monoplaza. Cuanto menos kilometraje hagas, m\u00e1s complicado es comprender el comportamiento de los neum\u00e1ticos. Hoy ninguno de nosotros dos ha podido hacer una tanda larga, por lo que nos dirigimos a la carrera un poco a ciegas por el rendimiento de las gomas. Pero todo el mundo est\u00e1 en la misma situaci\u00f3n; todos estamos un poco sorprendidos. Sea como sea, sigue siendo muy divertido correr aqui. Competir en este circuito es incre\u00edble\u00bb.<\/p>\n<p>&nbsp;<\/p>\n<p><strong>Martin Whitmarsh, jefe de equipo:<\/strong> \u00abEscuchar c\u00f3mo resuena el ruido de los motores de F\u00f3rmula 1 en el puerto te recuerda que ning\u00fan circuito del mundo puede igualar la emoci\u00f3n tensa y visceral de Montecarlo. Desafortunadamente, las condiciones clim\u00e1ticas variables nos han obligado a estar menos preparados para el resto del fin de semana de lo que habr\u00edamos deseado, pero es lo mismo para todos. Solamente es uno m\u00e1s de los desaf\u00edos \u00fanicos que el circuito urbano m\u00e1s formidable de todos presenta. Todavia tenemos que ver lo que Jenson y Lewis son capaces cuando fuercen el coche al m\u00e1ximo aqu\u00ed, pero s\u00e9 que ambos disfrutan del reto que este circuito brinda. Por ahora, la parte inicial de la parrilla est\u00e1 extremadamente ajustada. Todo estar\u00e1 en juego en la que ser\u00e1 una sesi\u00f3n calificatoria absolutamente emocionante. \u00a1Que venga!\u00bb<\/p>\n<div class=\"sharedaddy sd-sharing-enabled\"><div class=\"robots-nocontent sd-block sd-social sd-social-official sd-sharing\"><h3 class=\"sd-title\">Opciones Sociales:<\/h3><div class=\"sd-content\"><ul><li class=\"share-facebook\"><div class=\"fb-share-button\" data-href=\"http:\/\/www.michael-schumacher.es\/noticias-f1\/2012\/05\/25\/entrenamientos-gp-de-monaco-monte-carlo-2012-mclaren\/\" data-layout=\"button_count\"><\/div><\/li><li class=\"share-twitter\"><a href=\"https:\/\/twitter.com\/share\" class=\"twitter-share-button\" data-url=\"http:\/\/www.michael-schumacher.es\/noticias-f1\/2012\/05\/25\/entrenamientos-gp-de-monaco-monte-carlo-2012-mclaren\/\" data-text=\"Entrenamientos GP de M\u00f3naco, Monte Carlo 2012. McLaren\"  >Tweet<\/a><\/li><li class=\"share-email\"><a rel=\"nofollow noopener noreferrer\" data-shared=\"\" class=\"share-email sd-button\" href=\"http:\/\/www.michael-schumacher.es\/noticias-f1\/2012\/05\/25\/entrenamientos-gp-de-monaco-monte-carlo-2012-mclaren\/?share=email\" target=\"_blank\" title=\"Haz clic para enviar por correo electr\u00f3nico a un amigo\"><span>Correo electr\u00f3nico<\/span><\/a><\/li><li class=\"share-end\"><\/li><\/ul><\/div><\/div><\/div>","protected":false},"excerpt":{"rendered":"<p>La lluvia ha dificultado el trabajo \u00a0al equipo Mclaren que no han podido recoger suficientes datos de los neum\u00e1ticos en Monaco, pero Button ha podido firmar su mejor marca para liderar los libres con el compuesto superblando.<\/p>\n<div class=\"sharedaddy sd-sharing-enabled\"><div class=\"robots-nocontent sd-block sd-social sd-social-official sd-sharing\"><h3 class=\"sd-title\">Opciones Sociales:<\/h3><div class=\"sd-content\"><ul><li class=\"share-facebook\"><div class=\"fb-share-button\" data-href=\"http:\/\/www.michael-schumacher.es\/noticias-f1\/2012\/05\/25\/entrenamientos-gp-de-monaco-monte-carlo-2012-mclaren\/\" data-layout=\"button_count\"><\/div><\/li><li class=\"share-twitter\"><a href=\"https:\/\/twitter.com\/share\" class=\"twitter-share-button\" data-url=\"http:\/\/www.michael-schumacher.es\/noticias-f1\/2012\/05\/25\/entrenamientos-gp-de-monaco-monte-carlo-2012-mclaren\/\" data-text=\"Entrenamientos GP de M\u00f3naco, Monte Carlo 2012. McLaren\"  >Tweet<\/a><\/li><li class=\"share-email\"><a rel=\"nofollow noopener noreferrer\" data-shared=\"\" class=\"share-email sd-button\" href=\"http:\/\/www.michael-schumacher.es\/noticias-f1\/2012\/05\/25\/entrenamientos-gp-de-monaco-monte-carlo-2012-mclaren\/?share=email\" target=\"_blank\" title=\"Haz clic para enviar por correo electr\u00f3nico a un amigo\"><span>Correo electr\u00f3nico<\/span><\/a><\/li><li class=\"share-end\"><\/li><\/ul><\/div><\/div><\/div>","protected":false},"author":3,"featured_media":0,"comment_status":"open","ping_status":"open","sticky":false,"template":"","format":"standard","meta":{"_monsterinsights_skip_tracking":false,"_monsterinsights_sitenote_active":false,"_monsterinsights_sitenote_note":"","_monsterinsights_sitenote_category":0,"spay_email":"","jetpack_publicize_message":"","jetpack_is_tweetstorm":false,"jetpack_publicize_feature_enabled":true},"categories":[67,3],"tags":[],"jetpack_featured_media_url":"","jetpack_publicize_connections":[],"jetpack_sharing_enabled":true,"jetpack_shortlink":"https:\/\/wp.me\/p27q3P-gW","_links":{"self":[{"href":"http:\/\/www.michael-schumacher.es\/noticias-f1\/wp-json\/wp\/v2\/posts\/1050"}],"collection":[{"href":"http:\/\/www.michael-schumacher.es\/noticias-f1\/wp-json\/wp\/v2\/posts"}],"about":[{"href":"http:\/\/www.michael-schumacher.es\/noticias-f1\/wp-json\/wp\/v2\/types\/post"}],"author":[{"embeddable":true,"href":"http:\/\/www.michael-schumacher.es\/noticias-f1\/wp-json\/wp\/v2\/users\/3"}],"replies":[{"embeddable":true,"href":"http:\/\/www.michael-schumacher.es\/noticias-f1\/wp-json\/wp\/v2\/comments?post=1050"}],"version-history":[{"count":0,"href":"http:\/\/www.michael-schumacher.es\/noticias-f1\/wp-json\/wp\/v2\/posts\/1050\/revisions"}],"wp:attachment":[{"href":"http:\/\/www.michael-schumacher.es\/noticias-f1\/wp-json\/wp\/v2\/media?parent=1050"}],"wp:term":[{"taxonomy":"category","embeddable":true,"href":"http:\/\/www.michael-schumacher.es\/noticias-f1\/wp-json\/wp\/v2\/categories?post=1050"},{"taxonomy":"post_tag","embeddable":true,"href":"http:\/\/www.michael-schumacher.es\/noticias-f1\/wp-json\/wp\/v2\/tags?post=1050"}],"curies":[{"name":"wp","href":"https:\/\/api.w.org\/{rel}","templated":true}]}}