{"id":10534,"date":"2013-06-08T04:49:58","date_gmt":"2013-06-08T02:49:58","guid":{"rendered":"http:\/\/www.michael-schumacher.es\/noticias-f1\/?p=10534"},"modified":"2013-06-08T04:49:58","modified_gmt":"2013-06-08T02:49:58","slug":"entrenamientos-gp-de-canada-montreal-2013-mclaren","status":"publish","type":"post","link":"http:\/\/www.michael-schumacher.es\/noticias-f1\/2013\/06\/08\/entrenamientos-gp-de-canada-montreal-2013-mclaren\/","title":{"rendered":"Entrenamientos GP de Canad\u00e1, Montreal 2013. McLaren"},"content":{"rendered":"<p><a href=\"http:\/\/www.michael-schumacher.es\/noticias-f1\/wp-content\/uploads\/2013\/03\/sergio_perez_test-bcn-2013_david-sarro.jpg\"><img loading=\"lazy\" class=\"alignleft\" alt=\"sergio_perez_test-bcn-2013_david-sarro\" src=\"http:\/\/www.michael-schumacher.es\/noticias-f1\/wp-content\/uploads\/2013\/03\/sergio_perez_test-bcn-2013_david-sarro.jpg\" width=\"200\" height=\"133\" \/><\/a>El equipo McLaren considera que el d\u00eda ha sido complicado y algo frustrante para los pilotos y los ingenieros, que ten\u00edan previsto realizar un programa de trabajo repleto, que no han podido realizar por las dif\u00edciles condiciones clim\u00e1ticas. Aun as\u00ed han conseguido reunir informaci\u00f3n con la que trabajaran para hacer el mejor trabajo posible y si el tiempo sigue h\u00famedo pueden resultar favorecidos.<\/p>\n<p><!--more--> <!--noteaser--><\/p>\n<p><a href=\"http:\/\/www.michael-schumacher.es\/noticias-f1\/wp-content\/uploads\/2013\/03\/sergio_perez_test-bcn-2013_david-sarro.jpg\"><img loading=\"lazy\" class=\"aligncenter size-full wp-image-8310\" alt=\"sergio_perez_test-bcn-2013_david-sarro\" src=\"http:\/\/www.michael-schumacher.es\/noticias-f1\/wp-content\/uploads\/2013\/03\/sergio_perez_test-bcn-2013_david-sarro.jpg\" width=\"650\" height=\"433\" srcset=\"http:\/\/www.michael-schumacher.es\/noticias-f1\/wp-content\/uploads\/2013\/03\/sergio_perez_test-bcn-2013_david-sarro.jpg 650w, http:\/\/www.michael-schumacher.es\/noticias-f1\/wp-content\/uploads\/2013\/03\/sergio_perez_test-bcn-2013_david-sarro-300x199.jpg 300w\" sizes=\"(max-width: 650px) 100vw, 650px\" \/><\/a><\/p>\n<p>&nbsp;<\/p>\n<p>El equipo McLaren considera que el d\u00eda ha sido complicado y algo frustrante para los pilotos y los ingenieros, que ten\u00edan previsto realizar un programa de trabajo repleto, que no han podido realizar por las dif\u00edciles condiciones clim\u00e1ticas. Aun as\u00ed han conseguido reunir informaci\u00f3n con la que trabajaran para hacer el mejor trabajo posible y si el tiempo sigue h\u00famedo pueden resultar favorecidos.<\/p>\n<p>&nbsp;<\/p>\n<p>Jenson Button que ha conseguido finalizar en la primera sesi\u00f3n en posici\u00f3n 2\u00ba y en la segunda sesi\u00f3n en posici\u00f3n 9\u00ba,\u00a0 considera que est\u00e1n un poco m\u00e1s cerca de los rivales que en otras carreras y aunque estaba en posici\u00f3n bastante fiable hoy, un problema en la caja de cambios, le impidi\u00f3 hacer m\u00e1s de tres vueltas en su tanda con alta carga de combustible y por tanto pudo conseguir poca informaci\u00f3n, aunque como los dos pilotos corr\u00edan con diferente configuraci\u00f3n, tienen datos para analizar esta noche y espera que las condiciones contin\u00faen cambiantes ma\u00f1ana y sacar lo positivo de ello. Sergio P\u00e9rez que finaliz\u00f3 la primera sesi\u00f3n de entrenamientos en posici\u00f3n 8\u00ba y la segunda sesi\u00f3n en posici\u00f3n 12\u00ba considera que las condiciones de hoy fueron muy dif\u00edciles y que todav\u00eda necesitan m\u00e1s rendimiento, aunque\u00a0 cualquier cosa puede pasar aqu\u00ed y m\u00e1s en condiciones cambiantes, por lo que la carrera puede ser una sorpresa para todos.<\/p>\n<p>&nbsp;<\/p>\n<p><strong>Jenson Button:<\/strong> <em>\u00abCreo que estamos un poco m\u00e1s cerca de la parte delantera de lo que hemos estado en el pasado &#8211; los tiempos est\u00e1n muy cerca &#8211; pero ser\u00e1n los coches lideres habituales los que marcaran el ritmo de este fin de semana. Ten\u00edamos todo para ser fiables hoy, pero s\u00f3lo logre tres vueltas en mi tanda de alta carga de combustible antes de tener un problema con la caja de cambios. Fue una l\u00e1stima, porque significaba que no tuvimos la informaci\u00f3n a largo plazo que busc\u00e1bamos. De hecho, hemos tenido un problema similar el a\u00f1o pasado, cuando tambi\u00e9n tuve un problema con el cambio el viernes. En 2012, tuve una carrera dif\u00edcil con graining trasero. Sin embargo, lo positivo de hoy es que cada veh\u00edculo estaba corriendo con muy diferente puesta a punto, as\u00ed que al menos reunimos un mont\u00f3n de buena informaci\u00f3n. Vamos a estudiarlo esta noche antes de las sesiones de ma\u00f1ana. Espero que las condiciones se mantendr\u00e1n cambiantes para ma\u00f1ana &#8211; si lo hacen, creo que vamos a ser capaces de lograr lo mejor de ellas.\u00bb<\/em><\/p>\n<p>&nbsp;<\/p>\n<p><strong>Sergio P\u00e9rez:<\/strong><em> \u00abNos encontramos con unas condiciones muy dif\u00edciles por ah\u00ed hoy. La sesi\u00f3n de esta ma\u00f1ana, cuando comenz\u00f3 la humedad y se sec\u00f3 poco a poco, fue particularmente dif\u00edcil. La lluvia que cay\u00f3 durante mi tanda larga de esta tarde no ayud\u00f3 tampoco. Nos sigue faltando el rendimiento general de los principales candidatos, pero cualquier cosa puede pasar aqu\u00ed, sobre todo en las condiciones que vimos hoy, que fueron muy variadas. Si ma\u00f1ana es tan h\u00famedo como en la actualidad, todo el mundo va a ir hasta el domingo sin ning\u00fan tanda larga adecuada en su haber lo que podr\u00eda hacer que la carrera sea una gran sorpresa para todos.\u00bb<\/em><\/p>\n<p>&nbsp;<\/p>\n<p><strong>Martin Whitmarsh &#8211; El director del equipo, Vodafone McLaren Mercedes:<\/strong><em> \u00abHa sido un d\u00eda complicado. Fue un poco frustrante, tanto para los pilotos y los ingenieros que no eran capaces de realizar todas las pruebas que quer\u00edan hoy. Ten\u00edamos un mont\u00f3n de trabajo, y una variedad de pruebas, que hacer, pero las condiciones lo hicieron dif\u00edcil. Tenemos tanto hecho como fue posible, pero todav\u00eda s\u00f3lo tenemos un conjunto de datos limitados para analizar antes de ma\u00f1ana. Sin embargo, el clima igualmente ha desfavorecidos a todos, con la esperanza de conseguir alguna tanda significativa con la pista seca. No somos tan fuertes como queremos ser &#8211; tenemos fragmentos de datos para estudiar &#8211; pero aun as\u00ed vamos a hacer el mejor trabajo posible.\u00bb<\/em><\/p>\n<p>&nbsp;<\/p>\n<p><strong>Imagen:<\/strong> David Sarr\u00f3<\/p>\n<div class=\"sharedaddy sd-sharing-enabled\"><div class=\"robots-nocontent sd-block sd-social sd-social-official sd-sharing\"><h3 class=\"sd-title\">Opciones Sociales:<\/h3><div class=\"sd-content\"><ul><li class=\"share-facebook\"><div class=\"fb-share-button\" data-href=\"http:\/\/www.michael-schumacher.es\/noticias-f1\/2013\/06\/08\/entrenamientos-gp-de-canada-montreal-2013-mclaren\/\" data-layout=\"button_count\"><\/div><\/li><li class=\"share-twitter\"><a href=\"https:\/\/twitter.com\/share\" class=\"twitter-share-button\" data-url=\"http:\/\/www.michael-schumacher.es\/noticias-f1\/2013\/06\/08\/entrenamientos-gp-de-canada-montreal-2013-mclaren\/\" data-text=\"Entrenamientos GP de Canad\u00e1, Montreal 2013. McLaren\"  >Tweet<\/a><\/li><li class=\"share-email\"><a rel=\"nofollow noopener noreferrer\" data-shared=\"\" class=\"share-email sd-button\" href=\"http:\/\/www.michael-schumacher.es\/noticias-f1\/2013\/06\/08\/entrenamientos-gp-de-canada-montreal-2013-mclaren\/?share=email\" target=\"_blank\" title=\"Haz clic para enviar por correo electr\u00f3nico a un amigo\"><span>Correo electr\u00f3nico<\/span><\/a><\/li><li class=\"share-end\"><\/li><\/ul><\/div><\/div><\/div>","protected":false},"excerpt":{"rendered":"<p>El equipo McLaren considera que el d\u00eda ha sido complicado y algo frustrante para los pilotos y los ingenieros, que ten\u00edan previsto realizar un programa de trabajo repleto, que no han podido realizar por las dif\u00edciles condiciones clim\u00e1ticas. Aun as\u00ed han conseguido reunir informaci\u00f3n con la que trabajaran para hacer el mejor trabajo posible y [&hellip;]<\/p>\n<div class=\"sharedaddy sd-sharing-enabled\"><div class=\"robots-nocontent sd-block sd-social sd-social-official sd-sharing\"><h3 class=\"sd-title\">Opciones Sociales:<\/h3><div class=\"sd-content\"><ul><li class=\"share-facebook\"><div class=\"fb-share-button\" data-href=\"http:\/\/www.michael-schumacher.es\/noticias-f1\/2013\/06\/08\/entrenamientos-gp-de-canada-montreal-2013-mclaren\/\" data-layout=\"button_count\"><\/div><\/li><li class=\"share-twitter\"><a href=\"https:\/\/twitter.com\/share\" class=\"twitter-share-button\" data-url=\"http:\/\/www.michael-schumacher.es\/noticias-f1\/2013\/06\/08\/entrenamientos-gp-de-canada-montreal-2013-mclaren\/\" data-text=\"Entrenamientos GP de Canad\u00e1, Montreal 2013. McLaren\"  >Tweet<\/a><\/li><li class=\"share-email\"><a rel=\"nofollow noopener noreferrer\" data-shared=\"\" class=\"share-email sd-button\" href=\"http:\/\/www.michael-schumacher.es\/noticias-f1\/2013\/06\/08\/entrenamientos-gp-de-canada-montreal-2013-mclaren\/?share=email\" target=\"_blank\" title=\"Haz clic para enviar por correo electr\u00f3nico a un amigo\"><span>Correo electr\u00f3nico<\/span><\/a><\/li><li class=\"share-end\"><\/li><\/ul><\/div><\/div><\/div>","protected":false},"author":3,"featured_media":0,"comment_status":"open","ping_status":"open","sticky":false,"template":"","format":"standard","meta":{"_monsterinsights_skip_tracking":false,"_monsterinsights_sitenote_active":false,"_monsterinsights_sitenote_note":"","_monsterinsights_sitenote_category":0,"spay_email":"","jetpack_publicize_message":"","jetpack_is_tweetstorm":false,"jetpack_publicize_feature_enabled":true},"categories":[67,3],"tags":[373,13,417,131,393,17,15,6,8,12,379,115,138,451,90,1245,89],"jetpack_featured_media_url":"","jetpack_publicize_connections":[],"jetpack_sharing_enabled":true,"jetpack_shortlink":"https:\/\/wp.me\/p27q3P-2JU","_links":{"self":[{"href":"http:\/\/www.michael-schumacher.es\/noticias-f1\/wp-json\/wp\/v2\/posts\/10534"}],"collection":[{"href":"http:\/\/www.michael-schumacher.es\/noticias-f1\/wp-json\/wp\/v2\/posts"}],"about":[{"href":"http:\/\/www.michael-schumacher.es\/noticias-f1\/wp-json\/wp\/v2\/types\/post"}],"author":[{"embeddable":true,"href":"http:\/\/www.michael-schumacher.es\/noticias-f1\/wp-json\/wp\/v2\/users\/3"}],"replies":[{"embeddable":true,"href":"http:\/\/www.michael-schumacher.es\/noticias-f1\/wp-json\/wp\/v2\/comments?post=10534"}],"version-history":[{"count":0,"href":"http:\/\/www.michael-schumacher.es\/noticias-f1\/wp-json\/wp\/v2\/posts\/10534\/revisions"}],"wp:attachment":[{"href":"http:\/\/www.michael-schumacher.es\/noticias-f1\/wp-json\/wp\/v2\/media?parent=10534"}],"wp:term":[{"taxonomy":"category","embeddable":true,"href":"http:\/\/www.michael-schumacher.es\/noticias-f1\/wp-json\/wp\/v2\/categories?post=10534"},{"taxonomy":"post_tag","embeddable":true,"href":"http:\/\/www.michael-schumacher.es\/noticias-f1\/wp-json\/wp\/v2\/tags?post=10534"}],"curies":[{"name":"wp","href":"https:\/\/api.w.org\/{rel}","templated":true}]}}