{"id":1055,"date":"2012-05-25T10:26:22","date_gmt":"2012-05-25T08:26:22","guid":{"rendered":"http:\/\/www.michael-schumacher.es\/noticias-f1\/?p=1055"},"modified":"2012-05-25T10:26:34","modified_gmt":"2012-05-25T08:26:34","slug":"entrenamientos-gp-de-monaco-monte-carlo-2012-caterham","status":"publish","type":"post","link":"http:\/\/www.michael-schumacher.es\/noticias-f1\/2012\/05\/25\/entrenamientos-gp-de-monaco-monte-carlo-2012-caterham\/","title":{"rendered":"Entrenamientos GP de M\u00f3naco, Monte Carlo 2012. Caterham"},"content":{"rendered":"<p><img loading=\"lazy\" class=\"alignleft\" title=\"Caterham\" src=\"http:\/\/img.michael-schumacher.es\/noticias-f1\/caterham\/caterham-1-mini.jpg\" alt=\"Caterham\" width=\"202\" height=\"100\" \/>Kovalainen tuvo un fallo de motor en los primeros entrenamientos pero no le restaron apenas tiempo y Petrov tuvo dos buenas sesiones, han podido probar los superblandos y el equipo ha conseguido bastantes datos para trabajar de cara a calificaci\u00f3n y carrera.<\/p>\n<p><!--more--> <!--noteaser--><\/p>\n<p><img loading=\"lazy\" class=\"aligncenter\" title=\"Caterham\" src=\"http:\/\/img.michael-schumacher.es\/noticias-f1\/caterham\/caterham-1.jpg\" alt=\"Caterham\" width=\"605\" height=\"300\" \/><\/p>\n<p>Kovalainen tuvo un fallo de motor en los primeros entrenamientos pero no le restaron apenas tiempo y Petrov tuvo dos buenas sesiones, han podido probar los superblandos y el equipo ha conseguido bastantes datos para trabajar de cara a calificaci\u00f3n y carrera.<\/p>\n<p>&nbsp;<\/p>\n<p><strong>Heikki Kovalainen:<\/strong> \u00abLa sesi\u00f3n de esta ma\u00f1ana ha ido bastante bien Probamos una parte nueva suspensi\u00f3n desde el principio que se sent\u00eda muy bien, y luego tuvimos una normal FP1 per\u00edodo de sesiones hasta que el motor dejo de ir cuando yo estaba entrando en el t\u00fanel hacia el final de la sesi\u00f3n y \u00a0termine sin FP1 un poco temprano. En FP2 todo el mundo ten\u00eda los mismos problemas con la lluvia y aunque tenemos un par de vueltas realizadas en los superblandos no tuve la oportunidad de poner en una vuelta r\u00e1pida por lo que tendremos que mirar de nuevo el s\u00e1bado hice una recta al entrar en la quinta curva el coche sigui\u00f3 adelante, pero no hubo da\u00f1os, as\u00ed que lo estacion\u00f3 y eso fue todo \u00ab.<\/p>\n<p>&nbsp;<\/p>\n<p><strong>Vitaly Petrov:<\/strong> \u00a0\u00abLas dos sesiones fueron buenas para m\u00ed hoy, aunque es obvio que le hab\u00eda gustado tener m\u00e1s tiempo en las opciones de esta tarde la lluvia interrumpi\u00f3 la carrera hemos intentado en los blandos s\u00faper, pero que fue el mismo para casi todo el mundo as\u00ed que estamos todos en la misma posici\u00f3n. En FP2 el coche se sent\u00eda bastante bien, y aunque la pista estaba muy resbaladiza cuando salimos en los inters todav\u00eda me sent\u00eda como que tenemos un buen equilibrio para trabajar. Esta es una de las carreras en las que debemos asegurarnos de que estamos all\u00ed en la bandera a cuadros y no cometer ning\u00fan error, por lo que de haber tenido un par de vueltas en lo que probablemente ser\u00e1n las m\u00e1s dif\u00edciles condiciones de este fin de semana me siento bien acerca de las sesiones por delante, y la carrera del domingo \u00ab.<\/p>\n<p>&nbsp;<\/p>\n<p><strong>Thierry Salvi, Renault Sport:<\/strong> \u00abM\u00f3naco es, evidentemente, un circuito \u00fanico, similar s\u00f3lo a Hungr\u00eda en sus demandas en el motor. Hay dos \u00e1reas clave que se centran en cuando se dispon\u00eda a correr aqu\u00ed y en las dos primeras sesiones de entrenamientos, facilidad de conducci\u00f3n y aumentar al m\u00e1ximo la estabilidad en la frenada. El n\u00famero de curvas lentas aqu\u00ed significa que tenemos que dar a los conductores de un paquete de motor que les da una excelente respuesta del motor de todas las curvas de baja velocidad para que puedan estar en el poder pronto y tener una salida sin problemas de cada turno. Estabilidad en la frenada tambi\u00e9n es clave. El mayor zona de frenado es la salida del t\u00fanel en la curva diez y aun cuando la pista ha sido reasfaltada este a\u00f1o y los golpes que estaban all\u00ed en el a\u00f1o 2011 se han suavizado, tenemos que asegurarnos de que el KERS y los mapas del motor est\u00e1n dando a los pilotos la confianza para frenar lo m\u00e1s tarde posible en uno de los lugares posibles adelantamientos en M\u00f3naco \u00ab.<\/p>\n<p>&nbsp;<\/p>\n<p><strong>Mark Smith, Director T\u00e9cnico :<\/strong> \u00abLas sesiones de pr\u00e1ctica de hoy estaban bien para nosotros, menos la parada de inicio con el clima en FP2. Esta ma\u00f1ana hemos intentado un par de piezas de la suspensi\u00f3n de nuevas en ambos coches que funcionaron como esper\u00e1bamos y aunque FP1 de Heikki se vio interrumpida por la falla del motor fue en la final de la sesi\u00f3n y no perdi\u00f3 mucho \u00a0tiempo en la pista, como el per\u00edodo de sesiones era la bandera roja. El nuevo motor se encontr\u00f3 en la FP2 se debi\u00f3 ir en su coche ma\u00f1ana de todos modos, se hab\u00eda cubierto m\u00e1s de 2.000 kil\u00f3metros, as\u00ed que realmente no era un gran problema para nosotros a ver a su final de la sesi\u00f3n por la ma\u00f1ana que espectacular! El equipo ha trabajado muy bien con el Renault Sport F1 para hacer el cambio de motor durante el almuerzo y Heikki podido volver a la pista en unos seis minutos despu\u00e9s comenz\u00f3 FP2. En la sesi\u00f3n de la tarde logramos que Vitaly y Heikki probaran sobre los superblandos antes de la lluvia volviera, as\u00ed que tenemos algunos datos de las carreras que ser\u00e1n de utilidad para el s\u00e1bado y el domingo. Terminamos la sesi\u00f3n con intermediarios en ambos coches, tambi\u00e9n se las arregl\u00f3 para completar vueltas suficientes en la FP1 Creo que estamos bien, con datos para el resto del fin de semana. \u00ab<\/p>\n<div class=\"sharedaddy sd-sharing-enabled\"><div class=\"robots-nocontent sd-block sd-social sd-social-official sd-sharing\"><h3 class=\"sd-title\">Opciones Sociales:<\/h3><div class=\"sd-content\"><ul><li class=\"share-facebook\"><div class=\"fb-share-button\" data-href=\"http:\/\/www.michael-schumacher.es\/noticias-f1\/2012\/05\/25\/entrenamientos-gp-de-monaco-monte-carlo-2012-caterham\/\" data-layout=\"button_count\"><\/div><\/li><li class=\"share-twitter\"><a href=\"https:\/\/twitter.com\/share\" class=\"twitter-share-button\" data-url=\"http:\/\/www.michael-schumacher.es\/noticias-f1\/2012\/05\/25\/entrenamientos-gp-de-monaco-monte-carlo-2012-caterham\/\" data-text=\"Entrenamientos GP de M\u00f3naco, Monte Carlo 2012. Caterham\"  >Tweet<\/a><\/li><li class=\"share-email\"><a rel=\"nofollow noopener noreferrer\" data-shared=\"\" class=\"share-email sd-button\" href=\"http:\/\/www.michael-schumacher.es\/noticias-f1\/2012\/05\/25\/entrenamientos-gp-de-monaco-monte-carlo-2012-caterham\/?share=email\" target=\"_blank\" title=\"Haz clic para enviar por correo electr\u00f3nico a un amigo\"><span>Correo electr\u00f3nico<\/span><\/a><\/li><li class=\"share-end\"><\/li><\/ul><\/div><\/div><\/div>","protected":false},"excerpt":{"rendered":"<p>Kovalainen tuvo un fallo de motor en los primeros entrenamientos pero no le restaron apenas tiempo y Petrov tuvo dos buenas sesiones, han podido probar los superblandos y el equipo ha conseguido bastantes datos para trabajar de cara a calificaci\u00f3n y carrera.<\/p>\n<div class=\"sharedaddy sd-sharing-enabled\"><div class=\"robots-nocontent sd-block sd-social sd-social-official sd-sharing\"><h3 class=\"sd-title\">Opciones Sociales:<\/h3><div class=\"sd-content\"><ul><li class=\"share-facebook\"><div class=\"fb-share-button\" data-href=\"http:\/\/www.michael-schumacher.es\/noticias-f1\/2012\/05\/25\/entrenamientos-gp-de-monaco-monte-carlo-2012-caterham\/\" data-layout=\"button_count\"><\/div><\/li><li class=\"share-twitter\"><a href=\"https:\/\/twitter.com\/share\" class=\"twitter-share-button\" data-url=\"http:\/\/www.michael-schumacher.es\/noticias-f1\/2012\/05\/25\/entrenamientos-gp-de-monaco-monte-carlo-2012-caterham\/\" data-text=\"Entrenamientos GP de M\u00f3naco, Monte Carlo 2012. Caterham\"  >Tweet<\/a><\/li><li class=\"share-email\"><a rel=\"nofollow noopener noreferrer\" data-shared=\"\" class=\"share-email sd-button\" href=\"http:\/\/www.michael-schumacher.es\/noticias-f1\/2012\/05\/25\/entrenamientos-gp-de-monaco-monte-carlo-2012-caterham\/?share=email\" target=\"_blank\" title=\"Haz clic para enviar por correo electr\u00f3nico a un amigo\"><span>Correo electr\u00f3nico<\/span><\/a><\/li><li class=\"share-end\"><\/li><\/ul><\/div><\/div><\/div>","protected":false},"author":2,"featured_media":0,"comment_status":"open","ping_status":"open","sticky":false,"template":"","format":"standard","meta":{"_monsterinsights_skip_tracking":false,"_monsterinsights_sitenote_active":false,"_monsterinsights_sitenote_note":"","_monsterinsights_sitenote_category":0,"spay_email":"","jetpack_publicize_message":"","jetpack_is_tweetstorm":false,"jetpack_publicize_feature_enabled":true},"categories":[67,3],"tags":[],"jetpack_featured_media_url":"","jetpack_publicize_connections":[],"jetpack_sharing_enabled":true,"jetpack_shortlink":"https:\/\/wp.me\/p27q3P-h1","_links":{"self":[{"href":"http:\/\/www.michael-schumacher.es\/noticias-f1\/wp-json\/wp\/v2\/posts\/1055"}],"collection":[{"href":"http:\/\/www.michael-schumacher.es\/noticias-f1\/wp-json\/wp\/v2\/posts"}],"about":[{"href":"http:\/\/www.michael-schumacher.es\/noticias-f1\/wp-json\/wp\/v2\/types\/post"}],"author":[{"embeddable":true,"href":"http:\/\/www.michael-schumacher.es\/noticias-f1\/wp-json\/wp\/v2\/users\/2"}],"replies":[{"embeddable":true,"href":"http:\/\/www.michael-schumacher.es\/noticias-f1\/wp-json\/wp\/v2\/comments?post=1055"}],"version-history":[{"count":0,"href":"http:\/\/www.michael-schumacher.es\/noticias-f1\/wp-json\/wp\/v2\/posts\/1055\/revisions"}],"wp:attachment":[{"href":"http:\/\/www.michael-schumacher.es\/noticias-f1\/wp-json\/wp\/v2\/media?parent=1055"}],"wp:term":[{"taxonomy":"category","embeddable":true,"href":"http:\/\/www.michael-schumacher.es\/noticias-f1\/wp-json\/wp\/v2\/categories?post=1055"},{"taxonomy":"post_tag","embeddable":true,"href":"http:\/\/www.michael-schumacher.es\/noticias-f1\/wp-json\/wp\/v2\/tags?post=1055"}],"curies":[{"name":"wp","href":"https:\/\/api.w.org\/{rel}","templated":true}]}}