{"id":10551,"date":"2013-06-08T23:30:47","date_gmt":"2013-06-08T21:30:47","guid":{"rendered":"http:\/\/www.michael-schumacher.es\/noticias-f1\/?p=10551"},"modified":"2013-06-08T23:30:47","modified_gmt":"2013-06-08T21:30:47","slug":"calificacion-gp-de-canada-montreal-2013-caterham","status":"publish","type":"post","link":"http:\/\/www.michael-schumacher.es\/noticias-f1\/2013\/06\/08\/calificacion-gp-de-canada-montreal-2013-caterham\/","title":{"rendered":"Calificaci\u00f3n  GP de Canad\u00e1, Montreal 2013. Caterham"},"content":{"rendered":"<p><a href=\"http:\/\/www.michael-schumacher.es\/noticias-f1\/wp-content\/uploads\/2013\/03\/logo_caterham_david-sarro.jpg\"><img loading=\"lazy\" class=\"alignleft\" alt=\"Logo Caterham - David Sarr\u00f3\" src=\"http:\/\/www.michael-schumacher.es\/noticias-f1\/wp-content\/uploads\/2013\/03\/logo_caterham_david-sarro.jpg\" width=\"200\" height=\"133\" \/><\/a>El equipo Caterham ha conseguido calificar con uno de sus coches por delante de un Lotus y los dos Marussia, adem\u00e1s el coche ten\u00eda buen ritmo y esperan con el trabajo de esta noche, mejorar para ma\u00f1ana en carrera<\/p>\n<p><!--more--> <!--noteaser--><\/p>\n<p><a href=\"http:\/\/www.michael-schumacher.es\/noticias-f1\/wp-content\/uploads\/2013\/03\/logo_caterham_david-sarro.jpg\"><img loading=\"lazy\" class=\"aligncenter size-full wp-image-8705\" alt=\"Logo Caterham - David Sarr\u00f3\" src=\"http:\/\/www.michael-schumacher.es\/noticias-f1\/wp-content\/uploads\/2013\/03\/logo_caterham_david-sarro.jpg\" width=\"650\" height=\"433\" srcset=\"http:\/\/www.michael-schumacher.es\/noticias-f1\/wp-content\/uploads\/2013\/03\/logo_caterham_david-sarro.jpg 650w, http:\/\/www.michael-schumacher.es\/noticias-f1\/wp-content\/uploads\/2013\/03\/logo_caterham_david-sarro-300x199.jpg 300w\" sizes=\"(max-width: 650px) 100vw, 650px\" \/><\/a><\/p>\n<p>&nbsp;<\/p>\n<p>El equipo Caterham ha conseguido calificar con uno de sus coches por delante de un Lotus y los dos Marussia, adem\u00e1s el coche ten\u00eda buen ritmo y esperan con el trabajo de esta noche, mejorar para ma\u00f1ana en carrera<\/p>\n<p>&nbsp;<\/p>\n<p>Charles Pic ha conseguido calificar en posici\u00f3n 18\u00ba, por lo que considera que ha sido un buen d\u00eda para \u00e9l, el monoplaza funcionaba muy bien y espera una carrera muy interesante aun con la duda de que posiblemente sea en seco y m\u00e1s altas temperaturas, algo que no han podido probar, pero trabajaran esta noche en las opciones de ma\u00f1ana para la carrera. Giedo van der Garde ha finalizado la sesi\u00f3n de calificaci\u00f3n en posici\u00f3n 22\u00ba, aunque la tercera sesi\u00f3n de entrenamientos fue buena y el coche iba bien se ha visto perjudicado en calificaci\u00f3n por un peque\u00f1o error que le quito tiempo y por la bandera amarilla que le hizo reducir, por lo que no pudo avanzar posici\u00f3n, aunque ahora se centra en la carrera considerando que su ritmo es\u00a0 bueno.<\/p>\n<p>&nbsp;<\/p>\n<p><strong>Charles Pic:<\/strong> <em>\u00abHa sido un buen d\u00eda para m\u00ed Cambiamos el plan para FP3 cuando la sesi\u00f3n se retras\u00f3 y continuamos la marcha que se hizo ayer con un balance decente para calificaci\u00f3n. Eso funcion\u00f3 muy bien en la Q1, ya que significaba que ten\u00eda un coche que realmente pod\u00eda empujar y terminando por delante de un Lotus y ambos Marussia significa que hemos alcanzado la meta de hoy. Creo que la carrera va a ser muy interesante. No hemos corrido a\u00fan en el tipo de temperaturas que estamos esperando para ma\u00f1ana, as\u00ed que realmente no sabemos demasiado acerca de c\u00f3mo se degradan los neum\u00e1ticos, pero hemos encontrado un buen equilibrio ayer en las tandas largas de ambos compuestos secos y tenemos una gran cantidad de juegos que quedan, as\u00ed que tal vez se puede intentar algo diferente con la estrategia. A pesar de que esta pista es dif\u00edcil en las tasas de desgaste en los neum\u00e1ticos que hemos sido capaces de mirar despu\u00e9s de ellos bastante bien y eso nos da opciones para la carrera en la que podemos trabajar esta noche. \u00ab<\/em><\/p>\n<p>&nbsp;<\/p>\n<p><strong>Giedo van der Garde:<\/strong> <em>\u00abFP3 fue bueno para m\u00ed, a pesar de que obviamente estaba interrumpida, pero encontramos un equilibrio para calificaci\u00f3n\u00a0 con los intermedios y consegu\u00ed un par de vueltas con los superblandos al final. Despu\u00e9s de una buena FP3, la calificaci\u00f3n\u00a0 realmente no sigui\u00f3 el\u00a0 plan. Salimos temprano con intermedios, uno de los primeros en la pista y los tiempos siguieron viniendo a medida que la l\u00ednea seca comenz\u00f3 a aparecer, pero nunca era el adecuado para slicks como lo hab\u00eda sido en la \u00faltima carrera en M\u00f3naco. Fuimos a un nuevo conjunto de intermedios en unos cuantos minutos, pero luego, en mi vuelta r\u00e1pida hice un muy grave error que me cost\u00f3 alrededor de 1,5 segundos, y luego en mi \u00faltima vuelta tuve que retroceder de una bandera amarilla y eso significaba que no pod\u00eda tirar en un momento muy representativo. Es una pena porque el coche ha ido bien y estoy disfrutando del circuito, sobre todo en este tipo de condiciones, pero sabemos que tenemos ritmo de carrera decente, as\u00ed que voy a poner hoy detr\u00e1s de nosotros y centrarme en el Domingo\u00bb.<\/em><\/p>\n<p>&nbsp;<\/p>\n<p><strong>Imagen:<\/strong> David Sarr\u00f3<\/p>\n<div class=\"sharedaddy sd-sharing-enabled\"><div class=\"robots-nocontent sd-block sd-social sd-social-official sd-sharing\"><h3 class=\"sd-title\">Opciones Sociales:<\/h3><div class=\"sd-content\"><ul><li class=\"share-facebook\"><div class=\"fb-share-button\" data-href=\"http:\/\/www.michael-schumacher.es\/noticias-f1\/2013\/06\/08\/calificacion-gp-de-canada-montreal-2013-caterham\/\" data-layout=\"button_count\"><\/div><\/li><li class=\"share-twitter\"><a href=\"https:\/\/twitter.com\/share\" class=\"twitter-share-button\" data-url=\"http:\/\/www.michael-schumacher.es\/noticias-f1\/2013\/06\/08\/calificacion-gp-de-canada-montreal-2013-caterham\/\" data-text=\"Calificaci\u00f3n  GP de Canad\u00e1, Montreal 2013. Caterham\"  >Tweet<\/a><\/li><li class=\"share-email\"><a rel=\"nofollow noopener noreferrer\" data-shared=\"\" class=\"share-email sd-button\" href=\"http:\/\/www.michael-schumacher.es\/noticias-f1\/2013\/06\/08\/calificacion-gp-de-canada-montreal-2013-caterham\/?share=email\" target=\"_blank\" title=\"Haz clic para enviar por correo electr\u00f3nico a un amigo\"><span>Correo electr\u00f3nico<\/span><\/a><\/li><li class=\"share-end\"><\/li><\/ul><\/div><\/div><\/div>","protected":false},"excerpt":{"rendered":"<p>El equipo Caterham ha conseguido calificar con uno de sus coches por delante de un Lotus y los dos Marussia, adem\u00e1s el coche ten\u00eda buen ritmo y esperan con el trabajo de esta noche, mejorar para ma\u00f1ana en carrera<\/p>\n<div class=\"sharedaddy sd-sharing-enabled\"><div class=\"robots-nocontent sd-block sd-social sd-social-official sd-sharing\"><h3 class=\"sd-title\">Opciones Sociales:<\/h3><div class=\"sd-content\"><ul><li class=\"share-facebook\"><div class=\"fb-share-button\" data-href=\"http:\/\/www.michael-schumacher.es\/noticias-f1\/2013\/06\/08\/calificacion-gp-de-canada-montreal-2013-caterham\/\" data-layout=\"button_count\"><\/div><\/li><li class=\"share-twitter\"><a href=\"https:\/\/twitter.com\/share\" class=\"twitter-share-button\" data-url=\"http:\/\/www.michael-schumacher.es\/noticias-f1\/2013\/06\/08\/calificacion-gp-de-canada-montreal-2013-caterham\/\" data-text=\"Calificaci\u00f3n  GP de Canad\u00e1, Montreal 2013. Caterham\"  >Tweet<\/a><\/li><li class=\"share-email\"><a rel=\"nofollow noopener noreferrer\" data-shared=\"\" class=\"share-email sd-button\" href=\"http:\/\/www.michael-schumacher.es\/noticias-f1\/2013\/06\/08\/calificacion-gp-de-canada-montreal-2013-caterham\/?share=email\" target=\"_blank\" title=\"Haz clic para enviar por correo electr\u00f3nico a un amigo\"><span>Correo electr\u00f3nico<\/span><\/a><\/li><li class=\"share-end\"><\/li><\/ul><\/div><\/div><\/div>","protected":false},"author":3,"featured_media":0,"comment_status":"open","ping_status":"open","sticky":false,"template":"","format":"standard","meta":{"_monsterinsights_skip_tracking":false,"_monsterinsights_sitenote_active":false,"_monsterinsights_sitenote_note":"","_monsterinsights_sitenote_category":0,"spay_email":"","jetpack_publicize_message":"","jetpack_is_tweetstorm":false,"jetpack_publicize_feature_enabled":true},"categories":[68,3],"tags":[373,155,417,58,116,159,17,15,1673,6,8,451,117,1219],"jetpack_featured_media_url":"","jetpack_publicize_connections":[],"jetpack_sharing_enabled":true,"jetpack_shortlink":"https:\/\/wp.me\/p27q3P-2Kb","_links":{"self":[{"href":"http:\/\/www.michael-schumacher.es\/noticias-f1\/wp-json\/wp\/v2\/posts\/10551"}],"collection":[{"href":"http:\/\/www.michael-schumacher.es\/noticias-f1\/wp-json\/wp\/v2\/posts"}],"about":[{"href":"http:\/\/www.michael-schumacher.es\/noticias-f1\/wp-json\/wp\/v2\/types\/post"}],"author":[{"embeddable":true,"href":"http:\/\/www.michael-schumacher.es\/noticias-f1\/wp-json\/wp\/v2\/users\/3"}],"replies":[{"embeddable":true,"href":"http:\/\/www.michael-schumacher.es\/noticias-f1\/wp-json\/wp\/v2\/comments?post=10551"}],"version-history":[{"count":0,"href":"http:\/\/www.michael-schumacher.es\/noticias-f1\/wp-json\/wp\/v2\/posts\/10551\/revisions"}],"wp:attachment":[{"href":"http:\/\/www.michael-schumacher.es\/noticias-f1\/wp-json\/wp\/v2\/media?parent=10551"}],"wp:term":[{"taxonomy":"category","embeddable":true,"href":"http:\/\/www.michael-schumacher.es\/noticias-f1\/wp-json\/wp\/v2\/categories?post=10551"},{"taxonomy":"post_tag","embeddable":true,"href":"http:\/\/www.michael-schumacher.es\/noticias-f1\/wp-json\/wp\/v2\/tags?post=10551"}],"curies":[{"name":"wp","href":"https:\/\/api.w.org\/{rel}","templated":true}]}}