{"id":10564,"date":"2013-06-09T03:14:31","date_gmt":"2013-06-09T01:14:31","guid":{"rendered":"http:\/\/www.michael-schumacher.es\/noticias-f1\/?p=10564"},"modified":"2013-06-09T03:14:31","modified_gmt":"2013-06-09T01:14:31","slug":"calificacion-gp-de-canada-montreal-2013-williams","status":"publish","type":"post","link":"http:\/\/www.michael-schumacher.es\/noticias-f1\/2013\/06\/09\/calificacion-gp-de-canada-montreal-2013-williams\/","title":{"rendered":"Calificaci\u00f3n GP de Canad\u00e1, Montreal 2013. Williams"},"content":{"rendered":"<p><a href=\"http:\/\/www.michael-schumacher.es\/noticias-f1\/wp-content\/uploads\/2013\/03\/valtteri_bottas_test-bcn-2013_david-sarro.jpg\"><img loading=\"lazy\" class=\"alignleft\" alt=\"Valtteri Bottas - Test BCN 2013 - David Sarr\u00f3\" src=\"http:\/\/www.michael-schumacher.es\/noticias-f1\/wp-content\/uploads\/2013\/03\/valtteri_bottas_test-bcn-2013_david-sarro.jpg\" width=\"200\" height=\"133\" \/><\/a>El equipo Williams ha logrado calificar con uno de sus coches en tercera posici\u00f3n, a pesar de las cambiantes condiciones que dificultaban hoy el trabajo de todos los equipos. Pero Williams ha trabajado bien como equipo y han logrado una gran posici\u00f3n que da un buen impulso al equipo, aunque mantener esta tercera plaza ser\u00e1 dif\u00edcil si no llueve, el equipo intentara hacerlo lo mejor posible y puntuar con ambos coches.<\/p>\n<p><!--more--> <!--noteaser--><\/p>\n<p><a href=\"http:\/\/www.michael-schumacher.es\/noticias-f1\/wp-content\/uploads\/2013\/03\/valtteri_bottas_test-bcn-2013_david-sarro.jpg\"><img loading=\"lazy\" class=\"aligncenter size-full wp-image-8224\" alt=\"Valtteri Bottas - Test BCN 2013 - David Sarr\u00f3\" src=\"http:\/\/www.michael-schumacher.es\/noticias-f1\/wp-content\/uploads\/2013\/03\/valtteri_bottas_test-bcn-2013_david-sarro.jpg\" width=\"650\" height=\"433\" srcset=\"http:\/\/www.michael-schumacher.es\/noticias-f1\/wp-content\/uploads\/2013\/03\/valtteri_bottas_test-bcn-2013_david-sarro.jpg 650w, http:\/\/www.michael-schumacher.es\/noticias-f1\/wp-content\/uploads\/2013\/03\/valtteri_bottas_test-bcn-2013_david-sarro-300x199.jpg 300w\" sizes=\"(max-width: 650px) 100vw, 650px\" \/><\/a><\/p>\n<p>&nbsp;<\/p>\n<p>El equipo Williams ha logrado calificar con uno de sus coches en tercera posici\u00f3n, a pesar de las cambiantes condiciones que dificultaban hoy el trabajo de todos los equipos. Pero Williams ha trabajado bien como equipo y han logrado una gran posici\u00f3n que da un buen impulso al equipo, aunque mantener esta tercera plaza ser\u00e1 dif\u00edcil si no llueve, el equipo intentara hacerlo lo mejor posible y puntuar con ambos coches.<\/p>\n<p>&nbsp;<\/p>\n<p>Valtteri Bottas ha logrado calificar en tercera posici\u00f3n, con un ritmo fuerte y consistente en las condiciones de humedad cambiantes, terminando entre los cuatro primeros en las tres sesiones de calificaci\u00f3n y logrando su mejor clasificaci\u00f3n. Ahora el piloto espera que la carrera sea en lluvia para poder lograr un resultado m\u00e1s fuerte. Pastor Maldonado ha conseguido calificar en posici\u00f3n 13\u00ba, ya que se vio perjudicado por una bandera roja, durante la Q2, aun as\u00ed el piloto espera conseguir puntuar ma\u00f1ana.<\/p>\n<p>&nbsp;<\/p>\n<p><strong>Valtteri Bottas:<\/strong> <em>\u201cEs una gran sensaci\u00f3n calificar en el tercer lugar y el equipo hizo un muy buen trabajo hoy. Las lluvias hicieron la pista muy resbaladiza, pero esto nos vino cuando el coche se maneja bien en estas condiciones. Est\u00e1bamos con los neum\u00e1ticos adecuados en el momento adecuado, que era tan importante hoy. Si las condiciones son secas ma\u00f1ana, entonces ser\u00e1 dif\u00edcil quedarnos donde estamos, as\u00ed que voy a estar esperando que vemos un poco de lluvia. Todo el equipo ha estado trabajando duro para mejorar nuestro rendimiento y hemos estado haciendo mejoras constantes en cada carrera\u201d.<\/em><\/p>\n<p>&nbsp;<\/p>\n<p><strong>Pastor Maldonado:<\/strong> <em><em>\u201cHoy\u00a0 las condiciones eran muy dif\u00edcil para todos los pilotos ya que la pista estaba cambiando en cada vuelta y era necesario estar en el momento justo con el neum\u00e1tico adecuado. \u00c9ramos m\u00e1s competitivos hoy y creo que en las condiciones que realmente nos gust\u00f3. Tuve mala suerte en la Q2, ya que estaba en mi mejor vuelta cuando la bandera roja sali\u00f3, y cuando en el per\u00edodo de sesiones no hab\u00eda mucho tr\u00e1fico a m\u00ed alrededor. Valtteri clasifico en tercer lugar, lo que le da a todo el equipo un impulso y espero que podamos sumar puntos ma\u00f1ana\u201d.<\/em><\/em><\/p>\n<p>&nbsp;<\/p>\n<p><strong>Mike Coughlan, director t\u00e9cnico:<\/strong> <em>\u201cLas condiciones eran cambiantes de hoy, lo que es dif\u00edcil para todos los equipos. Sentimos que hemos hecho un paso m\u00e1s en el rendimiento, pero en \u00faltima instancia, hoy hemos sido capaces de sacar provecho de las condiciones. Hemos trabajado bien en equipo para obtener la mejor posici\u00f3n en la pista en el momento adecuado, y P3 fue el resultado. Si es ma\u00f1ana es en seco ser\u00e1 dif\u00edcil mantener esa posici\u00f3n, pero vamos a estar peleando duro por puntos con ambos coches. Es un resultado merecido por Valtteri y para todo el equipo y nos da todo un gran impulso, despu\u00e9s de todo el duro trabajo que todos han estado poniendo. Pastor est\u00e1 empezando justo fuera del top ten, y no pudo completar sus vueltas m\u00e1s r\u00e1pidas en Q2 debido a la bandera roja y el tr\u00e1fico, por lo que tambi\u00e9n estar\u00e1 empujando duro para traer a casa algunos puntos ma\u00f1ana\u201d.<\/em><\/p>\n<p>&nbsp;<\/p>\n<p><strong>Imagen:<\/strong> David Sarr\u00f3<\/p>\n<div class=\"sharedaddy sd-sharing-enabled\"><div class=\"robots-nocontent sd-block sd-social sd-social-official sd-sharing\"><h3 class=\"sd-title\">Opciones Sociales:<\/h3><div class=\"sd-content\"><ul><li class=\"share-facebook\"><div class=\"fb-share-button\" data-href=\"http:\/\/www.michael-schumacher.es\/noticias-f1\/2013\/06\/09\/calificacion-gp-de-canada-montreal-2013-williams\/\" data-layout=\"button_count\"><\/div><\/li><li class=\"share-twitter\"><a href=\"https:\/\/twitter.com\/share\" class=\"twitter-share-button\" data-url=\"http:\/\/www.michael-schumacher.es\/noticias-f1\/2013\/06\/09\/calificacion-gp-de-canada-montreal-2013-williams\/\" data-text=\"Calificaci\u00f3n GP de Canad\u00e1, Montreal 2013. Williams\"  >Tweet<\/a><\/li><li class=\"share-email\"><a rel=\"nofollow noopener noreferrer\" data-shared=\"\" class=\"share-email sd-button\" href=\"http:\/\/www.michael-schumacher.es\/noticias-f1\/2013\/06\/09\/calificacion-gp-de-canada-montreal-2013-williams\/?share=email\" target=\"_blank\" title=\"Haz clic para enviar por correo electr\u00f3nico a un amigo\"><span>Correo electr\u00f3nico<\/span><\/a><\/li><li class=\"share-end\"><\/li><\/ul><\/div><\/div><\/div>","protected":false},"excerpt":{"rendered":"<p>El equipo Williams ha logrado calificar con uno de sus coches en tercera posici\u00f3n, a pesar de las cambiantes condiciones que dificultaban hoy el trabajo de todos los equipos. Pero Williams ha trabajado bien como equipo y han logrado una gran posici\u00f3n que da un buen impulso al equipo, aunque mantener esta tercera plaza ser\u00e1 [&hellip;]<\/p>\n<div class=\"sharedaddy sd-sharing-enabled\"><div class=\"robots-nocontent sd-block sd-social sd-social-official sd-sharing\"><h3 class=\"sd-title\">Opciones Sociales:<\/h3><div class=\"sd-content\"><ul><li class=\"share-facebook\"><div class=\"fb-share-button\" data-href=\"http:\/\/www.michael-schumacher.es\/noticias-f1\/2013\/06\/09\/calificacion-gp-de-canada-montreal-2013-williams\/\" data-layout=\"button_count\"><\/div><\/li><li class=\"share-twitter\"><a href=\"https:\/\/twitter.com\/share\" class=\"twitter-share-button\" data-url=\"http:\/\/www.michael-schumacher.es\/noticias-f1\/2013\/06\/09\/calificacion-gp-de-canada-montreal-2013-williams\/\" data-text=\"Calificaci\u00f3n GP de Canad\u00e1, Montreal 2013. Williams\"  >Tweet<\/a><\/li><li class=\"share-email\"><a rel=\"nofollow noopener noreferrer\" data-shared=\"\" class=\"share-email sd-button\" href=\"http:\/\/www.michael-schumacher.es\/noticias-f1\/2013\/06\/09\/calificacion-gp-de-canada-montreal-2013-williams\/?share=email\" target=\"_blank\" title=\"Haz clic para enviar por correo electr\u00f3nico a un amigo\"><span>Correo electr\u00f3nico<\/span><\/a><\/li><li class=\"share-end\"><\/li><\/ul><\/div><\/div><\/div>","protected":false},"author":3,"featured_media":0,"comment_status":"open","ping_status":"open","sticky":false,"template":"","format":"standard","meta":{"_monsterinsights_skip_tracking":false,"_monsterinsights_sitenote_active":false,"_monsterinsights_sitenote_note":"","_monsterinsights_sitenote_category":0,"spay_email":"","jetpack_publicize_message":"","jetpack_is_tweetstorm":false,"jetpack_publicize_feature_enabled":true},"categories":[68,3],"tags":[373,400,155,417,159,17,15,6,8,97,451,96,828,93],"jetpack_featured_media_url":"","jetpack_publicize_connections":[],"jetpack_sharing_enabled":true,"jetpack_shortlink":"https:\/\/wp.me\/p27q3P-2Ko","_links":{"self":[{"href":"http:\/\/www.michael-schumacher.es\/noticias-f1\/wp-json\/wp\/v2\/posts\/10564"}],"collection":[{"href":"http:\/\/www.michael-schumacher.es\/noticias-f1\/wp-json\/wp\/v2\/posts"}],"about":[{"href":"http:\/\/www.michael-schumacher.es\/noticias-f1\/wp-json\/wp\/v2\/types\/post"}],"author":[{"embeddable":true,"href":"http:\/\/www.michael-schumacher.es\/noticias-f1\/wp-json\/wp\/v2\/users\/3"}],"replies":[{"embeddable":true,"href":"http:\/\/www.michael-schumacher.es\/noticias-f1\/wp-json\/wp\/v2\/comments?post=10564"}],"version-history":[{"count":0,"href":"http:\/\/www.michael-schumacher.es\/noticias-f1\/wp-json\/wp\/v2\/posts\/10564\/revisions"}],"wp:attachment":[{"href":"http:\/\/www.michael-schumacher.es\/noticias-f1\/wp-json\/wp\/v2\/media?parent=10564"}],"wp:term":[{"taxonomy":"category","embeddable":true,"href":"http:\/\/www.michael-schumacher.es\/noticias-f1\/wp-json\/wp\/v2\/categories?post=10564"},{"taxonomy":"post_tag","embeddable":true,"href":"http:\/\/www.michael-schumacher.es\/noticias-f1\/wp-json\/wp\/v2\/tags?post=10564"}],"curies":[{"name":"wp","href":"https:\/\/api.w.org\/{rel}","templated":true}]}}