{"id":10572,"date":"2013-06-09T04:27:25","date_gmt":"2013-06-09T02:27:25","guid":{"rendered":"http:\/\/www.michael-schumacher.es\/noticias-f1\/?p=10572"},"modified":"2013-06-09T04:27:25","modified_gmt":"2013-06-09T02:27:25","slug":"calificacion-gp-de-canada-montreal-2013-sauber","status":"publish","type":"post","link":"http:\/\/www.michael-schumacher.es\/noticias-f1\/2013\/06\/09\/calificacion-gp-de-canada-montreal-2013-sauber\/","title":{"rendered":"Calificaci\u00f3n GP de Canad\u00e1, Montreal 2013. Sauber"},"content":{"rendered":"<p><a href=\"http:\/\/www.michael-schumacher.es\/noticias-f1\/wp-content\/uploads\/2013\/03\/nico_hulkenberg_test-bcn-2013_david-sarro.jpg\"><img loading=\"lazy\" class=\"alignleft\" alt=\"Nico Hulkenberg - Test Bcn 2013 - David Sarr\u00f3\" src=\"http:\/\/www.michael-schumacher.es\/noticias-f1\/wp-content\/uploads\/2013\/03\/nico_hulkenberg_test-bcn-2013_david-sarro.jpg\" width=\"200\" height=\"133\" \/><\/a>El equipo Sauber, ha mejorado significativamente del viernes al s\u00e1bado incluso con las cambiantes condiciones clim\u00e1ticas, aunque Nico no pudo entrar a Q3 pero debido a la mala suerte , aunque el equipo todav\u00eda conf\u00eda en conseguir puntos ma\u00f1ana, ya que las posiciones de salida no son malas y el coche deber\u00eda ser m\u00e1s fuerte ma\u00f1ana en carrera.<\/p>\n<p><!--more--> <!--noteaser--><\/p>\n<p><a href=\"http:\/\/www.michael-schumacher.es\/noticias-f1\/wp-content\/uploads\/2013\/03\/nico_hulkenberg_test-bcn-2013_david-sarro.jpg\"><img loading=\"lazy\" class=\"aligncenter size-full wp-image-8249\" alt=\"Nico Hulkenberg - Test Bcn 2013 - David Sarr\u00f3\" src=\"http:\/\/www.michael-schumacher.es\/noticias-f1\/wp-content\/uploads\/2013\/03\/nico_hulkenberg_test-bcn-2013_david-sarro.jpg\" width=\"650\" height=\"433\" srcset=\"http:\/\/www.michael-schumacher.es\/noticias-f1\/wp-content\/uploads\/2013\/03\/nico_hulkenberg_test-bcn-2013_david-sarro.jpg 650w, http:\/\/www.michael-schumacher.es\/noticias-f1\/wp-content\/uploads\/2013\/03\/nico_hulkenberg_test-bcn-2013_david-sarro-300x199.jpg 300w\" sizes=\"(max-width: 650px) 100vw, 650px\" \/><\/a><\/p>\n<p>&nbsp;<\/p>\n<p>El equipo Sauber, ha mejorado significativamente del viernes al s\u00e1bado incluso con las cambiantes condiciones clim\u00e1ticas, aunque Nico no pudo entrar a Q3 pero debido a la mala suerte , aunque el equipo todav\u00eda conf\u00eda en conseguir puntos ma\u00f1ana, ya que las posiciones de salida no son malas y el coche deber\u00eda ser m\u00e1s fuerte ma\u00f1ana en carrera.<\/p>\n<p>&nbsp;<\/p>\n<p>Nico H\u00fclkenberg, ha calificado en posici\u00f3n 11\u00ba, aunque deber\u00eda haber logrado pasar a Q3 de no ser porque se vio perjudicado por la bandera roja, ahora espera que la carrera sea en seco y espera ser competitivo ma\u00f1ana. Esteban Guti\u00e9rrez ha conseguido calificar en posici\u00f3n 15\u00ba, ya que tras la bandera roja, fue imposible lograr la vuelta buena, tambi\u00e9n espera una carrera en seco que cree que ayudar\u00e1 a su configuraci\u00f3n para adelantar en carrera.<\/p>\n<p>&nbsp;<\/p>\n<p><strong>Nico Hulkenberg:<\/strong> <em>\u00abAcabamos de tener un poco de mala suerte hoy. Yo estaba en una buena vuelta, que me hubiera llevado a la Q3, cuando unos 200 metros antes de la l\u00ednea de meta se ondearon banderas rojas. Pero creo que hoy hemos ido mejorando despu\u00e9s de un viernes algo dif\u00edcil. P11 no es tan malo, est\u00e1 cerca de los puntos. De acuerdo con el clima de ma\u00f1ana ser\u00e1 muy diferente, seco y c\u00e1lido, y tenemos que esperar y ver lo competitivos que somos entonces\u201d.<\/em><\/p>\n<p>&nbsp;<\/p>\n<p><strong>Esteban Guti\u00e9rrez:<\/strong> <em>\u00abLas condiciones meteorol\u00f3gicas eran muy dif\u00edciles hoy. Trat\u00e9 de sacar el m\u00e1ximo partido del coche sin tener que pasar por encima del l\u00edmite. Especialmente encontrar el agarre era un desaf\u00edo. Q2 fue interrumpida por una bandera roja, y despu\u00e9s fue un gran desaf\u00edo conseguir una vuelta. Aunque el tercer entrenamiento fue m\u00e1s corto, creo que pudimos conseguir una buena idea de lo que era posible hoy en la calificaci\u00f3n. Nos est\u00e1bamos acercando a los diez primeros y segu\u00edamos trabajando para la Q3. Para la carrera de ma\u00f1ana no estamos seguros del clima pero supongo que ser\u00e1 en seco. Eso puede ser bueno para nosotros, puesto que hemos elegido una\u00a0 baja carga aerodin\u00e1mica, que con suerte esto nos\u00a0 ayuda a adelantar\u201d.<\/em><\/p>\n<p>&nbsp;<\/p>\n<p><strong>Monisha Kaltenborn, director del equipo:<\/strong> <em>\u00abUn emocionante sesi\u00f3n de clasificaci\u00f3n en la que el equipo ha aumentado de manera significativa desde el viernes hasta el s\u00e1bado. De hecho Nico tuvo la mala suerte de no entrar en Q3. Es una buena posici\u00f3n de salida para la carrera, por lo que sin duda tendr\u00e1 la oportunidad de puntos ma\u00f1ana\u201d.<\/em><\/p>\n<p>&nbsp;<\/p>\n<p><strong>Tom McCullough, ingeniero jefe de la pista:<\/strong> <em>\u00abDespu\u00e9s de un viernes dif\u00edcil que hemos logrado hoy para extraer mucho m\u00e1s desde el coche. Adem\u00e1s, ambos pilotos manejan f\u00e1cilmente las condiciones dif\u00edciles. Nico tuvo mala suerte en su \u00faltima vuelta. \u00c9l estaba en su camino a la l\u00ednea de meta, cuando se agitaban las banderas rojas. Su tiempo de vuelta habr\u00eda claramente tra\u00eddo a la Q3. Por supuesto, esto fue decepcionante. Pero con las posiciones once y 15, todav\u00eda tienen la oportunidad de entrar en los puntos especialmente porque el coche en la carrera deber\u00eda ser m\u00e1s fuerte. \u00ab<\/em><\/p>\n<p>&nbsp;<\/p>\n<p><strong>Imagen:<\/strong> David Sarr\u00f3<\/p>\n<div class=\"sharedaddy sd-sharing-enabled\"><div class=\"robots-nocontent sd-block sd-social sd-social-official sd-sharing\"><h3 class=\"sd-title\">Opciones Sociales:<\/h3><div class=\"sd-content\"><ul><li class=\"share-facebook\"><div class=\"fb-share-button\" data-href=\"http:\/\/www.michael-schumacher.es\/noticias-f1\/2013\/06\/09\/calificacion-gp-de-canada-montreal-2013-sauber\/\" data-layout=\"button_count\"><\/div><\/li><li class=\"share-twitter\"><a href=\"https:\/\/twitter.com\/share\" class=\"twitter-share-button\" data-url=\"http:\/\/www.michael-schumacher.es\/noticias-f1\/2013\/06\/09\/calificacion-gp-de-canada-montreal-2013-sauber\/\" data-text=\"Calificaci\u00f3n GP de Canad\u00e1, Montreal 2013. Sauber\"  >Tweet<\/a><\/li><li class=\"share-email\"><a rel=\"nofollow noopener noreferrer\" data-shared=\"\" class=\"share-email sd-button\" href=\"http:\/\/www.michael-schumacher.es\/noticias-f1\/2013\/06\/09\/calificacion-gp-de-canada-montreal-2013-sauber\/?share=email\" target=\"_blank\" title=\"Haz clic para enviar por correo electr\u00f3nico a un amigo\"><span>Correo electr\u00f3nico<\/span><\/a><\/li><li class=\"share-end\"><\/li><\/ul><\/div><\/div><\/div>","protected":false},"excerpt":{"rendered":"<p>El equipo Sauber, ha mejorado significativamente del viernes al s\u00e1bado incluso con las cambiantes condiciones clim\u00e1ticas, aunque Nico no pudo entrar a Q3 pero debido a la mala suerte , aunque el equipo todav\u00eda conf\u00eda en conseguir puntos ma\u00f1ana, ya que las posiciones de salida no son malas y el coche deber\u00eda ser m\u00e1s fuerte [&hellip;]<\/p>\n<div class=\"sharedaddy sd-sharing-enabled\"><div class=\"robots-nocontent sd-block sd-social sd-social-official sd-sharing\"><h3 class=\"sd-title\">Opciones Sociales:<\/h3><div class=\"sd-content\"><ul><li class=\"share-facebook\"><div class=\"fb-share-button\" data-href=\"http:\/\/www.michael-schumacher.es\/noticias-f1\/2013\/06\/09\/calificacion-gp-de-canada-montreal-2013-sauber\/\" data-layout=\"button_count\"><\/div><\/li><li class=\"share-twitter\"><a href=\"https:\/\/twitter.com\/share\" class=\"twitter-share-button\" data-url=\"http:\/\/www.michael-schumacher.es\/noticias-f1\/2013\/06\/09\/calificacion-gp-de-canada-montreal-2013-sauber\/\" data-text=\"Calificaci\u00f3n GP de Canad\u00e1, Montreal 2013. Sauber\"  >Tweet<\/a><\/li><li class=\"share-email\"><a rel=\"nofollow noopener noreferrer\" data-shared=\"\" class=\"share-email sd-button\" href=\"http:\/\/www.michael-schumacher.es\/noticias-f1\/2013\/06\/09\/calificacion-gp-de-canada-montreal-2013-sauber\/?share=email\" target=\"_blank\" title=\"Haz clic para enviar por correo electr\u00f3nico a un amigo\"><span>Correo electr\u00f3nico<\/span><\/a><\/li><li class=\"share-end\"><\/li><\/ul><\/div><\/div><\/div>","protected":false},"author":3,"featured_media":0,"comment_status":"open","ping_status":"open","sticky":false,"template":"","format":"standard","meta":{"_monsterinsights_skip_tracking":false,"_monsterinsights_sitenote_active":false,"_monsterinsights_sitenote_note":"","_monsterinsights_sitenote_category":0,"spay_email":"","jetpack_publicize_message":"","jetpack_is_tweetstorm":false,"jetpack_publicize_feature_enabled":true},"categories":[68,3],"tags":[373,732,155,417,159,110,17,126,15,6,8,379,451,109,733,113],"jetpack_featured_media_url":"","jetpack_publicize_connections":[],"jetpack_sharing_enabled":true,"jetpack_shortlink":"https:\/\/wp.me\/p27q3P-2Kw","_links":{"self":[{"href":"http:\/\/www.michael-schumacher.es\/noticias-f1\/wp-json\/wp\/v2\/posts\/10572"}],"collection":[{"href":"http:\/\/www.michael-schumacher.es\/noticias-f1\/wp-json\/wp\/v2\/posts"}],"about":[{"href":"http:\/\/www.michael-schumacher.es\/noticias-f1\/wp-json\/wp\/v2\/types\/post"}],"author":[{"embeddable":true,"href":"http:\/\/www.michael-schumacher.es\/noticias-f1\/wp-json\/wp\/v2\/users\/3"}],"replies":[{"embeddable":true,"href":"http:\/\/www.michael-schumacher.es\/noticias-f1\/wp-json\/wp\/v2\/comments?post=10572"}],"version-history":[{"count":0,"href":"http:\/\/www.michael-schumacher.es\/noticias-f1\/wp-json\/wp\/v2\/posts\/10572\/revisions"}],"wp:attachment":[{"href":"http:\/\/www.michael-schumacher.es\/noticias-f1\/wp-json\/wp\/v2\/media?parent=10572"}],"wp:term":[{"taxonomy":"category","embeddable":true,"href":"http:\/\/www.michael-schumacher.es\/noticias-f1\/wp-json\/wp\/v2\/categories?post=10572"},{"taxonomy":"post_tag","embeddable":true,"href":"http:\/\/www.michael-schumacher.es\/noticias-f1\/wp-json\/wp\/v2\/tags?post=10572"}],"curies":[{"name":"wp","href":"https:\/\/api.w.org\/{rel}","templated":true}]}}