{"id":1059,"date":"2012-05-25T10:17:07","date_gmt":"2012-05-25T08:17:07","guid":{"rendered":"http:\/\/www.michael-schumacher.es\/noticias-f1\/?p=1059"},"modified":"2012-05-25T10:21:54","modified_gmt":"2012-05-25T08:21:54","slug":"entrenamientos-gp-de-monaco-monte-carlo-2012-sahara-force-india","status":"publish","type":"post","link":"http:\/\/www.michael-schumacher.es\/noticias-f1\/2012\/05\/25\/entrenamientos-gp-de-monaco-monte-carlo-2012-sahara-force-india\/","title":{"rendered":"Entrenamientos GP de M\u00f3naco, Monte Carlo 2012. S\u00e1hara Force India"},"content":{"rendered":"<p style=\"text-align: center;\"><img loading=\"lazy\" class=\"alignleft\" title=\"Sahara Force India\" src=\"http:\/\/img.michael-schumacher.es\/noticias-f1\/force-india\/force-india-1-mini.jpg\" alt=\"Sahara Force India\" width=\"202\" height=\"100\" \/>El equipo ha trabajado bastante bien en su programa incluso con las molestias de la lluvia que impidi\u00f3 muchas pruebas con los superblandos como todos los equipos pero si pudieron al menos probarlos y tienen datos para estudiar.<\/p>\n<p><!--more--> <!--noteaser--><\/p>\n<p><img loading=\"lazy\" class=\"aligncenter\" title=\"Sahara Force India\" src=\"http:\/\/img.michael-schumacher.es\/noticias-f1\/force-india\/force-india-1.jpg\" alt=\"Sahara Force India \" width=\"605\" height=\"300\" \/><\/p>\n<p>El equipo ha trabajado bastante bien en su programa incluso con las molestias de la lluvia que impidi\u00f3 muchas pruebas con los superblandos como todos los equipos pero si pudieron al menos probarlos y tienen datos para estudiar.<\/p>\n<p>&nbsp;<\/p>\n<p><strong>Paul Di Resta:<\/strong> \u00abLa sesi\u00f3n de la ma\u00f1ana era bastante sencillo y la l\u00ednea de base puesta en marcha no estaba demasiado lejos. La pista estaba bastante verde para empezar, pero estaba empezando la goma muy bien durante la media hora final. Hemos trabajado un poco en la puesta en marcha, cambiando el equilibrio aerodin\u00e1mico y la recogida de datos que se necesitan en los neum\u00e1ticos blandos. La lluvia lleg\u00f3 muy temprano en la tarde y, aunque salimos con los neum\u00e1ticos superblandos, no he tenido una carrera completamente seca sobre ellas. Es bueno que se han hecho algunos kil\u00f3metros en los neum\u00e1ticos intermedios, porque, como hemos visto hoy, es muy dif\u00edcil predecir qu\u00e9 tiempo va a hacer el s\u00e1bado y el domingo. \u00bb<\/p>\n<p>&nbsp;<\/p>\n<p><strong>Nico Hulkenberg:<\/strong> \u00abLa primera sesi\u00f3n en M\u00f3naco es siempre un tiempo para aclimatarse y acostumbrarse al circuito de nuevo, sobre todo porque no hice la carrera aqu\u00ed el a\u00f1o pasado. La sesi\u00f3n de la ma\u00f1ana estaba ocupada en el buen camino, seguimos a trav\u00e9s de nuestro programa y lo hice varias carreras con los neum\u00e1ticos blandos. La tarde se vio afectada por el clima y eso lo hizo dif\u00edcil de conseguir en el ritmo o completar nuestro programa de neum\u00e1ticos. No pens\u00e1bamos que iba a llover hoy, pero las condiciones pueden cambiar muy r\u00e1pidamente aqu\u00ed y tenemos que estar preparados para ese fin de semana. \u00bb<\/p>\n<p>&nbsp;<\/p>\n<p><strong>Jakob Andreasen, Ingeniero Jefe:<\/strong> \u00abUn d\u00eda de clima variado en M\u00f3naco nos mantuvo en pie y nos oblig\u00f3 a adaptar nuestros planes para la sesi\u00f3n de la tarde. Despu\u00e9s de ejecutar en gran medida en los neum\u00e1ticos blandos esta ma\u00f1ana, nos cambiamos a principios de los superblandos para la sesi\u00f3n de la tarde, pero con la lluvia en el aire que s\u00f3lo se pudo correr limitadamente. La lluvia no era tan fuerte, pero era persistente y se dirigi\u00f3 a una pista muy h\u00fameda, as\u00ed que optamos por hacer una carrera en las intermedias de ambos, Pablo y Nico. Esto debe dejarnos bien preparados en caso de que recibamos un poco de tiempo h\u00famedo el fin de semana. Set-up inteligente que hicimos algunas mejoras de esta ma\u00f1ana y la retroalimentaci\u00f3n de los conductores es positivo. Tenemos un d\u00eda de ma\u00f1ana libre que tiene un mont\u00f3n de tiempo para analizar los datos y hacer m\u00e1s mejoras antes de la pr\u00e1ctica final en la ma\u00f1ana del s\u00e1bado.<\/p>\n<div class=\"sharedaddy sd-sharing-enabled\"><div class=\"robots-nocontent sd-block sd-social sd-social-official sd-sharing\"><h3 class=\"sd-title\">Opciones Sociales:<\/h3><div class=\"sd-content\"><ul><li class=\"share-facebook\"><div class=\"fb-share-button\" data-href=\"http:\/\/www.michael-schumacher.es\/noticias-f1\/2012\/05\/25\/entrenamientos-gp-de-monaco-monte-carlo-2012-sahara-force-india\/\" data-layout=\"button_count\"><\/div><\/li><li class=\"share-twitter\"><a href=\"https:\/\/twitter.com\/share\" class=\"twitter-share-button\" data-url=\"http:\/\/www.michael-schumacher.es\/noticias-f1\/2012\/05\/25\/entrenamientos-gp-de-monaco-monte-carlo-2012-sahara-force-india\/\" data-text=\"Entrenamientos GP de M\u00f3naco, Monte Carlo 2012. S\u00e1hara Force India\"  >Tweet<\/a><\/li><li class=\"share-email\"><a rel=\"nofollow noopener noreferrer\" data-shared=\"\" class=\"share-email sd-button\" href=\"http:\/\/www.michael-schumacher.es\/noticias-f1\/2012\/05\/25\/entrenamientos-gp-de-monaco-monte-carlo-2012-sahara-force-india\/?share=email\" target=\"_blank\" title=\"Haz clic para enviar por correo electr\u00f3nico a un amigo\"><span>Correo electr\u00f3nico<\/span><\/a><\/li><li class=\"share-end\"><\/li><\/ul><\/div><\/div><\/div>","protected":false},"excerpt":{"rendered":"<p>El equipo ha trabajado bastante bien en su programa incluso con las molestias de la lluvia que impidi\u00f3 muchas pruebas con los superblandos como todos los equipos pero si pudieron al menos probarlos y tienen datos para estudiar.<\/p>\n<div class=\"sharedaddy sd-sharing-enabled\"><div class=\"robots-nocontent sd-block sd-social sd-social-official sd-sharing\"><h3 class=\"sd-title\">Opciones Sociales:<\/h3><div class=\"sd-content\"><ul><li class=\"share-facebook\"><div class=\"fb-share-button\" data-href=\"http:\/\/www.michael-schumacher.es\/noticias-f1\/2012\/05\/25\/entrenamientos-gp-de-monaco-monte-carlo-2012-sahara-force-india\/\" data-layout=\"button_count\"><\/div><\/li><li class=\"share-twitter\"><a href=\"https:\/\/twitter.com\/share\" class=\"twitter-share-button\" data-url=\"http:\/\/www.michael-schumacher.es\/noticias-f1\/2012\/05\/25\/entrenamientos-gp-de-monaco-monte-carlo-2012-sahara-force-india\/\" data-text=\"Entrenamientos GP de M\u00f3naco, Monte Carlo 2012. S\u00e1hara Force India\"  >Tweet<\/a><\/li><li class=\"share-email\"><a rel=\"nofollow noopener noreferrer\" data-shared=\"\" class=\"share-email sd-button\" href=\"http:\/\/www.michael-schumacher.es\/noticias-f1\/2012\/05\/25\/entrenamientos-gp-de-monaco-monte-carlo-2012-sahara-force-india\/?share=email\" target=\"_blank\" title=\"Haz clic para enviar por correo electr\u00f3nico a un amigo\"><span>Correo electr\u00f3nico<\/span><\/a><\/li><li class=\"share-end\"><\/li><\/ul><\/div><\/div><\/div>","protected":false},"author":2,"featured_media":0,"comment_status":"open","ping_status":"open","sticky":false,"template":"","format":"standard","meta":{"_monsterinsights_skip_tracking":false,"_monsterinsights_sitenote_active":false,"_monsterinsights_sitenote_note":"","_monsterinsights_sitenote_category":0,"spay_email":"","jetpack_publicize_message":"","jetpack_is_tweetstorm":false,"jetpack_publicize_feature_enabled":true},"categories":[67,3],"tags":[],"jetpack_featured_media_url":"","jetpack_publicize_connections":[],"jetpack_sharing_enabled":true,"jetpack_shortlink":"https:\/\/wp.me\/p27q3P-h5","_links":{"self":[{"href":"http:\/\/www.michael-schumacher.es\/noticias-f1\/wp-json\/wp\/v2\/posts\/1059"}],"collection":[{"href":"http:\/\/www.michael-schumacher.es\/noticias-f1\/wp-json\/wp\/v2\/posts"}],"about":[{"href":"http:\/\/www.michael-schumacher.es\/noticias-f1\/wp-json\/wp\/v2\/types\/post"}],"author":[{"embeddable":true,"href":"http:\/\/www.michael-schumacher.es\/noticias-f1\/wp-json\/wp\/v2\/users\/2"}],"replies":[{"embeddable":true,"href":"http:\/\/www.michael-schumacher.es\/noticias-f1\/wp-json\/wp\/v2\/comments?post=1059"}],"version-history":[{"count":0,"href":"http:\/\/www.michael-schumacher.es\/noticias-f1\/wp-json\/wp\/v2\/posts\/1059\/revisions"}],"wp:attachment":[{"href":"http:\/\/www.michael-schumacher.es\/noticias-f1\/wp-json\/wp\/v2\/media?parent=1059"}],"wp:term":[{"taxonomy":"category","embeddable":true,"href":"http:\/\/www.michael-schumacher.es\/noticias-f1\/wp-json\/wp\/v2\/categories?post=1059"},{"taxonomy":"post_tag","embeddable":true,"href":"http:\/\/www.michael-schumacher.es\/noticias-f1\/wp-json\/wp\/v2\/tags?post=1059"}],"curies":[{"name":"wp","href":"https:\/\/api.w.org\/{rel}","templated":true}]}}