{"id":10591,"date":"2013-06-09T16:57:50","date_gmt":"2013-06-09T14:57:50","guid":{"rendered":"http:\/\/www.michael-schumacher.es\/noticias-f1\/?p=10591"},"modified":"2013-06-09T16:57:50","modified_gmt":"2013-06-09T14:57:50","slug":"helmut-marko-la-prueba-es-una-clara-violacion-de-la-normativa-deportiva","status":"publish","type":"post","link":"http:\/\/www.michael-schumacher.es\/noticias-f1\/2013\/06\/09\/helmut-marko-la-prueba-es-una-clara-violacion-de-la-normativa-deportiva\/","title":{"rendered":"Helmut Marko: \u00abLa prueba es una clara violaci\u00f3n de la normativa deportiva\u00bb"},"content":{"rendered":"<p><a href=\"http:\/\/www.michael-schumacher.es\/noticias-f1\/wp-content\/uploads\/2013\/03\/logo-equipo-redbull-2013.jpg\"><img loading=\"lazy\" class=\"alignleft\" alt=\"Logo Equipo Red Bull 2013\" src=\"http:\/\/www.michael-schumacher.es\/noticias-f1\/wp-content\/uploads\/2013\/03\/logo-equipo-redbull-2013.jpg\" width=\"200\" height=\"133\" \/><\/a>Helmut Marko es claro como siempre y no tiene dudas sobre la prueba de Mercedes y Pirelli con un coche del 2013, viol\u00f3 la normativa deportiva y quiere ver el castigo de la FIA, seg\u00fan sus declaraciones a la p\u00e1gina Web oficial de la F1<\/p>\n<p><!--more--> <!--noteaser--><\/p>\n<p><a href=\"http:\/\/www.michael-schumacher.es\/noticias-f1\/wp-content\/uploads\/2013\/03\/logo-equipo-redbull-2013.jpg\"><img loading=\"lazy\" class=\"aligncenter size-full wp-image-8655\" alt=\"Logo Equipo Red Bull 2013\" src=\"http:\/\/www.michael-schumacher.es\/noticias-f1\/wp-content\/uploads\/2013\/03\/logo-equipo-redbull-2013.jpg\" width=\"650\" height=\"433\" srcset=\"http:\/\/www.michael-schumacher.es\/noticias-f1\/wp-content\/uploads\/2013\/03\/logo-equipo-redbull-2013.jpg 650w, http:\/\/www.michael-schumacher.es\/noticias-f1\/wp-content\/uploads\/2013\/03\/logo-equipo-redbull-2013-300x199.jpg 300w\" sizes=\"(max-width: 650px) 100vw, 650px\" \/><\/a><\/p>\n<p>&nbsp;<\/p>\n<p>Helmut Marko es claro como siempre y no tiene dudas sobre la prueba de Mercedes y Pirelli con un coche del 2013, viol\u00f3 la normativa deportiva y quiere ver el castigo de la FIA, seg\u00fan sus declaraciones a la p\u00e1gina Web oficial de la F1<br \/>\nHelmut Marko explica claramente su postura: <strong>\u201cEsta prueba es una clara violaci\u00f3n de la normativa deportiva &#8211; y es por eso que lanzamos una protesta. En primer lugar queremos aclarar, y en segundo lugar &#8211; si es realmente una violaci\u00f3n &#8211; Queremos ver el castigo de la FIA\u201d.<\/strong><\/p>\n<p>&nbsp;<\/p>\n<p>Para Helmut Marko no hay duda de que una prueba as\u00ed supone una ventaja para el equipo que la desarrolla: <strong>\u201dLos coches de F\u00f3rmula Uno son m\u00e1quinas muy complejas y cada kil\u00f3metro que se puede ejecutar &#8211; especialmente en la temporada &#8211; entrega informaci\u00f3n. Si esta informaci\u00f3n se puede transformar en una ganancia directa en el tiempo es imposible saber desde lejos, pero si tuvi\u00e9ramos que hacer algo as\u00ed que s\u00e9 que nuestro coche ser\u00eda m\u00e1s r\u00e1pido. Muy claramente, s\u00ed. Cada kil\u00f3metro recorrido aporta informaci\u00f3n valiosa.\u201d<\/strong><\/p>\n<p>&nbsp;<\/p>\n<p>Tanto Red Bull como Ferrari hicieron una queja a la FIA pidiendo una aclaraci\u00f3n y sobre esto la FIA est\u00e1 actuando, pero McLaren no se han pronunciado, Helmut Marko tambi\u00e9n opina sobre los motivos: <strong>\u201cSer\u00e1 porque corren un motor Mercedes y dependen de la buena voluntad de Mercedes la pr\u00f3xima temporada\u201d.<\/strong><\/p>\n<p>&nbsp;<\/p>\n<p>Tambi\u00e9n al equipo Red Bull se le ofreci\u00f3 hacer esta prueba, pero el equipo no la hizo ya que consideraron que era una violaci\u00f3n de las reglas, seg\u00fan explica Marko: <strong>\u00abNos ofrecieron hacer esta prueba, es cierto. Pero nos pareci\u00f3 que era cometer una infracci\u00f3n de la normativa y como l\u00edderes del campeonato, habr\u00edamos sufrido las consecuencias, por lo tanto no fuimos por ese camino\u00bb.<\/strong><\/p>\n<p>&nbsp;<\/p>\n<p><strong>Imagen:<\/strong> David Sarr\u00f3<\/p>\n<div class=\"sharedaddy sd-sharing-enabled\"><div class=\"robots-nocontent sd-block sd-social sd-social-official sd-sharing\"><h3 class=\"sd-title\">Opciones Sociales:<\/h3><div class=\"sd-content\"><ul><li class=\"share-facebook\"><div class=\"fb-share-button\" data-href=\"http:\/\/www.michael-schumacher.es\/noticias-f1\/2013\/06\/09\/helmut-marko-la-prueba-es-una-clara-violacion-de-la-normativa-deportiva\/\" data-layout=\"button_count\"><\/div><\/li><li class=\"share-twitter\"><a href=\"https:\/\/twitter.com\/share\" class=\"twitter-share-button\" data-url=\"http:\/\/www.michael-schumacher.es\/noticias-f1\/2013\/06\/09\/helmut-marko-la-prueba-es-una-clara-violacion-de-la-normativa-deportiva\/\" data-text=\"Helmut Marko: &quot;La prueba es una clara violaci\u00f3n de la normativa deportiva&quot;\"  >Tweet<\/a><\/li><li class=\"share-email\"><a rel=\"nofollow noopener noreferrer\" data-shared=\"\" class=\"share-email sd-button\" href=\"http:\/\/www.michael-schumacher.es\/noticias-f1\/2013\/06\/09\/helmut-marko-la-prueba-es-una-clara-violacion-de-la-normativa-deportiva\/?share=email\" target=\"_blank\" title=\"Haz clic para enviar por correo electr\u00f3nico a un amigo\"><span>Correo electr\u00f3nico<\/span><\/a><\/li><li class=\"share-end\"><\/li><\/ul><\/div><\/div><\/div>","protected":false},"excerpt":{"rendered":"<p>Helmut Marko es claro como siempre y no tiene dudas sobre la prueba de Mercedes y Pirelli con un coche del 2013, viol\u00f3 la normativa deportiva y quiere ver el castigo de la FIA, seg\u00fan sus declaraciones a la p\u00e1gina Web oficial de la F1<\/p>\n<div class=\"sharedaddy sd-sharing-enabled\"><div class=\"robots-nocontent sd-block sd-social sd-social-official sd-sharing\"><h3 class=\"sd-title\">Opciones Sociales:<\/h3><div class=\"sd-content\"><ul><li class=\"share-facebook\"><div class=\"fb-share-button\" data-href=\"http:\/\/www.michael-schumacher.es\/noticias-f1\/2013\/06\/09\/helmut-marko-la-prueba-es-una-clara-violacion-de-la-normativa-deportiva\/\" data-layout=\"button_count\"><\/div><\/li><li class=\"share-twitter\"><a href=\"https:\/\/twitter.com\/share\" class=\"twitter-share-button\" data-url=\"http:\/\/www.michael-schumacher.es\/noticias-f1\/2013\/06\/09\/helmut-marko-la-prueba-es-una-clara-violacion-de-la-normativa-deportiva\/\" data-text=\"Helmut Marko: &quot;La prueba es una clara violaci\u00f3n de la normativa deportiva&quot;\"  >Tweet<\/a><\/li><li class=\"share-email\"><a rel=\"nofollow noopener noreferrer\" data-shared=\"\" class=\"share-email sd-button\" href=\"http:\/\/www.michael-schumacher.es\/noticias-f1\/2013\/06\/09\/helmut-marko-la-prueba-es-una-clara-violacion-de-la-normativa-deportiva\/?share=email\" target=\"_blank\" title=\"Haz clic para enviar por correo electr\u00f3nico a un amigo\"><span>Correo electr\u00f3nico<\/span><\/a><\/li><li class=\"share-end\"><\/li><\/ul><\/div><\/div><\/div>","protected":false},"author":3,"featured_media":0,"comment_status":"open","ping_status":"open","sticky":false,"template":"","format":"standard","meta":{"_monsterinsights_skip_tracking":false,"_monsterinsights_sitenote_active":false,"_monsterinsights_sitenote_note":"","_monsterinsights_sitenote_category":0,"spay_email":"","jetpack_publicize_message":"","jetpack_is_tweetstorm":false,"jetpack_publicize_feature_enabled":true},"categories":[3],"tags":[1508,2386,17,127,3564,15,1153,1154,304,523,223,3563,51,215,3565],"jetpack_featured_media_url":"","jetpack_publicize_connections":[],"jetpack_sharing_enabled":true,"jetpack_shortlink":"https:\/\/wp.me\/p27q3P-2KP","_links":{"self":[{"href":"http:\/\/www.michael-schumacher.es\/noticias-f1\/wp-json\/wp\/v2\/posts\/10591"}],"collection":[{"href":"http:\/\/www.michael-schumacher.es\/noticias-f1\/wp-json\/wp\/v2\/posts"}],"about":[{"href":"http:\/\/www.michael-schumacher.es\/noticias-f1\/wp-json\/wp\/v2\/types\/post"}],"author":[{"embeddable":true,"href":"http:\/\/www.michael-schumacher.es\/noticias-f1\/wp-json\/wp\/v2\/users\/3"}],"replies":[{"embeddable":true,"href":"http:\/\/www.michael-schumacher.es\/noticias-f1\/wp-json\/wp\/v2\/comments?post=10591"}],"version-history":[{"count":0,"href":"http:\/\/www.michael-schumacher.es\/noticias-f1\/wp-json\/wp\/v2\/posts\/10591\/revisions"}],"wp:attachment":[{"href":"http:\/\/www.michael-schumacher.es\/noticias-f1\/wp-json\/wp\/v2\/media?parent=10591"}],"wp:term":[{"taxonomy":"category","embeddable":true,"href":"http:\/\/www.michael-schumacher.es\/noticias-f1\/wp-json\/wp\/v2\/categories?post=10591"},{"taxonomy":"post_tag","embeddable":true,"href":"http:\/\/www.michael-schumacher.es\/noticias-f1\/wp-json\/wp\/v2\/tags?post=10591"}],"curies":[{"name":"wp","href":"https:\/\/api.w.org\/{rel}","templated":true}]}}