{"id":10628,"date":"2013-06-10T06:03:18","date_gmt":"2013-06-10T04:03:18","guid":{"rendered":"http:\/\/www.michael-schumacher.es\/noticias-f1\/?p=10628"},"modified":"2013-06-10T06:03:18","modified_gmt":"2013-06-10T04:03:18","slug":"balance-gp-de-canada-montreal-2013-mclaren","status":"publish","type":"post","link":"http:\/\/www.michael-schumacher.es\/noticias-f1\/2013\/06\/10\/balance-gp-de-canada-montreal-2013-mclaren\/","title":{"rendered":"Balance GP de Canad\u00e1, Montreal 2013. McLaren"},"content":{"rendered":"<p><a href=\"http:\/\/www.michael-schumacher.es\/noticias-f1\/wp-content\/uploads\/2013\/03\/sergio_perez_test-bcn-2013_david-sarro.jpg\"><img loading=\"lazy\" class=\"alignleft\" alt=\"sergio_perez_test-bcn-2013_david-sarro\" src=\"http:\/\/www.michael-schumacher.es\/noticias-f1\/wp-content\/uploads\/2013\/03\/sergio_perez_test-bcn-2013_david-sarro.jpg\" width=\"200\" height=\"133\" \/><\/a>El equipo McLaren ha sufrido una carrera m\u00e1s floja de lo que esperaban y como resultado finalizan sin lograr puntos, aunque el equipo ha destacado el buen trabajo de sus dos pilotos que no han cometido errores y han atacado todo lo posible, pero no han podido lograr un mejor resultado. Consideran que quiz\u00e1s en su estrategia fueron demasiado conservadores en la gesti\u00f3n de los neum\u00e1ticos, pero en positivo han acumulado muchos datos que ser\u00e1n una buena base para avanzar, y ahora se centran en el pr\u00f3ximo GP en Silverstone, su carrera en casa, donde har\u00e1n lo m\u00e1ximo para obtener un mejor resultado para sus aficionados brit\u00e1nicos.<\/p>\n<p><!--more--> <!--noteaser--><\/p>\n<p><a href=\"http:\/\/www.michael-schumacher.es\/noticias-f1\/wp-content\/uploads\/2013\/03\/sergio_perez_test-bcn-2013_david-sarro.jpg\"><img loading=\"lazy\" class=\"aligncenter size-full wp-image-8310\" alt=\"sergio_perez_test-bcn-2013_david-sarro\" src=\"http:\/\/www.michael-schumacher.es\/noticias-f1\/wp-content\/uploads\/2013\/03\/sergio_perez_test-bcn-2013_david-sarro.jpg\" width=\"650\" height=\"433\" srcset=\"http:\/\/www.michael-schumacher.es\/noticias-f1\/wp-content\/uploads\/2013\/03\/sergio_perez_test-bcn-2013_david-sarro.jpg 650w, http:\/\/www.michael-schumacher.es\/noticias-f1\/wp-content\/uploads\/2013\/03\/sergio_perez_test-bcn-2013_david-sarro-300x199.jpg 300w\" sizes=\"(max-width: 650px) 100vw, 650px\" \/><\/a><\/p>\n<p>&nbsp;<\/p>\n<p>El equipo McLaren ha sufrido una carrera m\u00e1s floja de lo que esperaban y como resultado finalizan sin lograr puntos, aunque el equipo ha destacado el buen trabajo de sus dos pilotos que no han cometido errores y han atacado todo lo posible, pero no han podido lograr un mejor resultado. Consideran que quiz\u00e1s en su estrategia fueron demasiado conservadores en la gesti\u00f3n de los neum\u00e1ticos, pero en positivo han acumulado muchos datos que ser\u00e1n una buena base para avanzar, y ahora se centran en el pr\u00f3ximo GP en Silverstone, su carrera en casa, donde har\u00e1n lo m\u00e1ximo para obtener un mejor resultado para sus aficionados brit\u00e1nicos.<\/p>\n<p>&nbsp;<\/p>\n<p>Sergio P\u00e9rez ha finalizado en posici\u00f3n 11\u00ba, ya que aunque hizo todo lo posible para llegar a sumar puntos la carrera no fue como esperaba y resulto una tarea imposible, aunque espera poder dar un paso adelante en Silverstone. Jenson Button ha conseguido finalizar la carrera en posici\u00f3n 12\u00ba en un circuito que suele ser bueno para el McLaren, pero que en esta ocasi\u00f3n no lo ha sido a pesar de que los pilotos no han cometido errores, ahora est\u00e1 deseando que llegue la carrera en Silverstone, la carrera en casa, donde las nuevas piezas se deben adaptar mejor, as\u00ed que es positivo respecto al futuro<\/p>\n<p>&nbsp;<\/p>\n<p><strong>Sergio P\u00e9rez:<\/strong> <em>\u00abEsta no fue la carrera que esper\u00e1bamos tener. Hicimos todo lo posible para tratar de sumar algunos puntos, pero fue imposible hacerlo mejor de lo que hicimos por ah\u00ed hoy. Es una pena, porque el coche iba muy bien durante nuestras vueltas de instalaci\u00f3n. Pero el coche no funciona tan bien con los neum\u00e1ticos de opci\u00f3n, y nos cost\u00f3 encontrar suficiente agarre. En Silverstone, espero que podamos dar un paso adelante. Hemos tra\u00eddo algunas mejoras para esta carrera, pero realmente no conseguimos el funcionamiento que necesit\u00e1bamos para verificarlos. Con suerte, van a trabajar mejor en Silverstone\u00bb.<\/em><\/p>\n<p>&nbsp;<\/p>\n<p><strong>Jenson Button:<\/strong><em> \u00abEsta no fue la mejor carrera para nosotros como equipo. Es particularmente dif\u00edcil porque este circuito es generalmente muy bueno para nosotros. En retrospectiva, creo que nos hubiera ido mejor a partir del primer neum\u00e1tico, en lugar de la opci\u00f3n. Durante mi primera tanda, todos los que iban a dos paradas han parado antes que yo y luego iban a adelantarme, as\u00ed que ha sido algo dif\u00edcil. Sin embargo, hemos demostrado hoy que, independientemente de la estrategia, no hubi\u00e9ramos ido m\u00e1s r\u00e1pido. Nuestro coche tiende a funcionar mejor en los circuitos r\u00e1pidos y fluidos &#8211; como Malasia o China &#8211; as\u00ed que estoy deseando que llegue la carrera de casa en Silverstone a finales de mes. Hemos probado algunas piezas nuevas este fin de semana, pero no eran muy adecuadas para este tipo de circuito &#8211; deben trabajar mejor en Silverstone, as\u00ed que me siento positivo sobre el futuro\u201d.<\/em><\/p>\n<p>&nbsp;<\/p>\n<p><strong>Martin Whitmarsh\u00a0 director del equipo, Vodafone McLaren Mercedes:<\/strong> <em>\u00abHa sido una tarde complicada. El cr\u00e9dito va para Jenson y Checo &#8211; los dos pilotos realizaron brillantemente, atacando cuando era necesario, y conduciendo con la precauci\u00f3n y la cautela necesaria para cuidar de sus neum\u00e1ticos a trav\u00e9s de tandas largas. Ellos merec\u00edan ganar puntos. Por desgracia, con la perspectiva del tiempo, nos quedamos un poco demasiado conservadores con nuestra gesti\u00f3n de los neum\u00e1ticos esta tarde. El Primer result\u00f3 ser un neum\u00e1tico m\u00e1s fuerte que lo que hab\u00eda previsto, y que podr\u00eda haberse explotado durante m\u00e1s tiempo y m\u00e1s en la carrera de lo que lo hicimos. Los datos que hemos acumulado este fin de semana ser\u00e1n, sin embargo, los que nos proporcionan una buena base desde la que avanzar, y hemos aprendido algunas lecciones valiosas este fin de semana. Nuestra atenci\u00f3n se dirige ahora a nuestra carrera de casa en Silverstone. Haremos todo lo posible para marcar un mejor resultado para los muchos aficionados brit\u00e1nicos que van a estar apoyando a Vodafone McLaren Mercedes en su tierra natal\u00bb.<\/em><\/p>\n<p>&nbsp;<\/p>\n<p><strong>Imagen:<\/strong> David Sarr\u00f3<\/p>\n<div class=\"sharedaddy sd-sharing-enabled\"><div class=\"robots-nocontent sd-block sd-social sd-social-official sd-sharing\"><h3 class=\"sd-title\">Opciones Sociales:<\/h3><div class=\"sd-content\"><ul><li class=\"share-facebook\"><div class=\"fb-share-button\" data-href=\"http:\/\/www.michael-schumacher.es\/noticias-f1\/2013\/06\/10\/balance-gp-de-canada-montreal-2013-mclaren\/\" data-layout=\"button_count\"><\/div><\/li><li class=\"share-twitter\"><a href=\"https:\/\/twitter.com\/share\" class=\"twitter-share-button\" data-url=\"http:\/\/www.michael-schumacher.es\/noticias-f1\/2013\/06\/10\/balance-gp-de-canada-montreal-2013-mclaren\/\" data-text=\"Balance GP de Canad\u00e1, Montreal 2013. McLaren\"  >Tweet<\/a><\/li><li class=\"share-email\"><a rel=\"nofollow noopener noreferrer\" data-shared=\"\" class=\"share-email sd-button\" href=\"http:\/\/www.michael-schumacher.es\/noticias-f1\/2013\/06\/10\/balance-gp-de-canada-montreal-2013-mclaren\/?share=email\" target=\"_blank\" title=\"Haz clic para enviar por correo electr\u00f3nico a un amigo\"><span>Correo electr\u00f3nico<\/span><\/a><\/li><li class=\"share-end\"><\/li><\/ul><\/div><\/div><\/div>","protected":false},"excerpt":{"rendered":"<p>El equipo McLaren ha sufrido una carrera m\u00e1s floja de lo que esperaban y como resultado finalizan sin lograr puntos, aunque el equipo ha destacado el buen trabajo de sus dos pilotos que no han cometido errores y han atacado todo lo posible, pero no han podido lograr un mejor resultado. Consideran que quiz\u00e1s en [&hellip;]<\/p>\n<div class=\"sharedaddy sd-sharing-enabled\"><div class=\"robots-nocontent sd-block sd-social sd-social-official sd-sharing\"><h3 class=\"sd-title\">Opciones Sociales:<\/h3><div class=\"sd-content\"><ul><li class=\"share-facebook\"><div class=\"fb-share-button\" data-href=\"http:\/\/www.michael-schumacher.es\/noticias-f1\/2013\/06\/10\/balance-gp-de-canada-montreal-2013-mclaren\/\" data-layout=\"button_count\"><\/div><\/li><li class=\"share-twitter\"><a href=\"https:\/\/twitter.com\/share\" class=\"twitter-share-button\" data-url=\"http:\/\/www.michael-schumacher.es\/noticias-f1\/2013\/06\/10\/balance-gp-de-canada-montreal-2013-mclaren\/\" data-text=\"Balance GP de Canad\u00e1, Montreal 2013. McLaren\"  >Tweet<\/a><\/li><li class=\"share-email\"><a rel=\"nofollow noopener noreferrer\" data-shared=\"\" class=\"share-email sd-button\" href=\"http:\/\/www.michael-schumacher.es\/noticias-f1\/2013\/06\/10\/balance-gp-de-canada-montreal-2013-mclaren\/?share=email\" target=\"_blank\" title=\"Haz clic para enviar por correo electr\u00f3nico a un amigo\"><span>Correo electr\u00f3nico<\/span><\/a><\/li><li class=\"share-end\"><\/li><\/ul><\/div><\/div><\/div>","protected":false},"author":3,"featured_media":0,"comment_status":"open","ping_status":"open","sticky":false,"template":"","format":"standard","meta":{"_monsterinsights_skip_tracking":false,"_monsterinsights_sitenote_active":false,"_monsterinsights_sitenote_note":"","_monsterinsights_sitenote_category":0,"spay_email":"","jetpack_publicize_message":"","jetpack_is_tweetstorm":false,"jetpack_publicize_feature_enabled":true},"categories":[4,3],"tags":[373,401,64,13,417,17,15,6,8,12,115,138,451,90,89],"jetpack_featured_media_url":"","jetpack_publicize_connections":[],"jetpack_sharing_enabled":true,"jetpack_shortlink":"https:\/\/wp.me\/p27q3P-2Lq","_links":{"self":[{"href":"http:\/\/www.michael-schumacher.es\/noticias-f1\/wp-json\/wp\/v2\/posts\/10628"}],"collection":[{"href":"http:\/\/www.michael-schumacher.es\/noticias-f1\/wp-json\/wp\/v2\/posts"}],"about":[{"href":"http:\/\/www.michael-schumacher.es\/noticias-f1\/wp-json\/wp\/v2\/types\/post"}],"author":[{"embeddable":true,"href":"http:\/\/www.michael-schumacher.es\/noticias-f1\/wp-json\/wp\/v2\/users\/3"}],"replies":[{"embeddable":true,"href":"http:\/\/www.michael-schumacher.es\/noticias-f1\/wp-json\/wp\/v2\/comments?post=10628"}],"version-history":[{"count":0,"href":"http:\/\/www.michael-schumacher.es\/noticias-f1\/wp-json\/wp\/v2\/posts\/10628\/revisions"}],"wp:attachment":[{"href":"http:\/\/www.michael-schumacher.es\/noticias-f1\/wp-json\/wp\/v2\/media?parent=10628"}],"wp:term":[{"taxonomy":"category","embeddable":true,"href":"http:\/\/www.michael-schumacher.es\/noticias-f1\/wp-json\/wp\/v2\/categories?post=10628"},{"taxonomy":"post_tag","embeddable":true,"href":"http:\/\/www.michael-schumacher.es\/noticias-f1\/wp-json\/wp\/v2\/tags?post=10628"}],"curies":[{"name":"wp","href":"https:\/\/api.w.org\/{rel}","templated":true}]}}