{"id":10641,"date":"2013-06-10T15:06:17","date_gmt":"2013-06-10T13:06:17","guid":{"rendered":"http:\/\/www.michael-schumacher.es\/noticias-f1\/?p=10641"},"modified":"2013-06-10T15:06:17","modified_gmt":"2013-06-10T13:06:17","slug":"fallece-un-trabajador-del-gran-premio-de-montreal","status":"publish","type":"post","link":"http:\/\/www.michael-schumacher.es\/noticias-f1\/2013\/06\/10\/fallece-un-trabajador-del-gran-premio-de-montreal\/","title":{"rendered":"Fallece un trabajador del Gran Premio de Montreal"},"content":{"rendered":"<p><a href=\"http:\/\/www.michael-schumacher.es\/noticias-f1\/wp-content\/uploads\/2013\/06\/gran_premio_canad\u00e1_2.jpg\"><img loading=\"lazy\" class=\"alignleft\" alt=\"gran_premio_canad\u00e1_2\" src=\"http:\/\/www.michael-schumacher.es\/noticias-f1\/wp-content\/uploads\/2013\/06\/gran_premio_canad\u00e1_2.jpg\" width=\"200\" height=\"133\" \/><\/a>El trabajador trabajaba en las maniobras para retirar el monoplaza de Esteban Guti\u00e9rrez, durante el desarrollo de dicha maniobra al trabajador se le cay\u00f3 la radio y cuando fue a recuperarla parece que tropez\u00f3 y cay\u00f3, con tan mala suerte que la gr\u00faa le atropello en ese momento sin verlo, tras atenderlo y estabilizarlo en el circuito fue trasladado al hospital en estado consciente pero en estado cr\u00edtico<\/p>\n<p><!--more--> <!--noteaser--><\/p>\n<p><a href=\"http:\/\/www.michael-schumacher.es\/noticias-f1\/wp-content\/uploads\/2013\/06\/gran_premio_canad\u00e1_2.jpg\"><img loading=\"lazy\" class=\"aligncenter size-full wp-image-10417\" alt=\"gran_premio_canad\u00e1_2\" src=\"http:\/\/www.michael-schumacher.es\/noticias-f1\/wp-content\/uploads\/2013\/06\/gran_premio_canad\u00e1_2.jpg\" width=\"650\" height=\"433\" srcset=\"http:\/\/www.michael-schumacher.es\/noticias-f1\/wp-content\/uploads\/2013\/06\/gran_premio_canad\u00e1_2.jpg 650w, http:\/\/www.michael-schumacher.es\/noticias-f1\/wp-content\/uploads\/2013\/06\/gran_premio_canad\u00e1_2-300x199.jpg 300w\" sizes=\"(max-width: 650px) 100vw, 650px\" \/><\/a><\/p>\n<p>&nbsp;<\/p>\n<p>El trabajador trabajaba en las maniobras para retirar el monoplaza de Esteban Guti\u00e9rrez, durante el desarrollo de dicha maniobra al trabajador se le cay\u00f3 la radio y cuando fue a recuperarla parece que tropez\u00f3 y cay\u00f3, con tan mala suerte que la gr\u00faa le atropello en ese momento sin verlo, tras atenderlo y estabilizarlo en el circuito fue trasladado al hospital en estado consciente pero en estado cr\u00edtico<\/p>\n<p>&nbsp;<\/p>\n<p>El servicio m\u00e9dico del Gran Premio de Canad\u00e1 considero que el accidentado sufr\u00eda fracturas pero no cre\u00edan que sufriera da\u00f1os pulmonares o cerebrales, m\u00e1s tarde la FIA confirmaba la triste noticia de su fallecimiento a causa de las heridas sufridas en el atropello.<\/p>\n<p>&nbsp;<\/p>\n<p>Aunque la identidad de la v\u00edctima no ha sido revelada, se ha conocido alguna informaci\u00f3n como que era un trabajador que llevaba trabajando en esta funci\u00f3n seis a\u00f1os.<\/p>\n<p>&nbsp;<\/p>\n<p>Como es natural este accidente tan desafortunado ha conmocionado al mundo de la F1 y son m\u00faltiples los mensajes de condolencia de equipos y pilotos colgados en las diferente cuentas de Twitter.<\/p>\n<p>&nbsp;<\/p>\n<p>Desde aqu\u00ed nuestras condolencias por tan triste perdida a su familia y amigos.<\/p>\n<p>&nbsp;<\/p>\n<p><strong>Comunicado de la FIA sobre la muerte de un trabajador de la pista.<\/strong><\/p>\n<p>&nbsp;<\/p>\n<p>La FIA lamenta la muerte de un trabajador de la pista de F\u00f3rmula 1 Gran Premio de Canad\u00e1, que se produjo a las 18:02.<\/p>\n<p>&nbsp;<\/p>\n<p>El trabajador, un miembro del Automobile Club de l&#8217;\u00cele Notre-Dame, fue v\u00edctima de un desafortunado accidente que se produjo a finales de este evento por la tarde en el Gran Premio de Canad\u00e1 de F\u00f3rmula. El trabajador fue destinado a la recuperaci\u00f3n de un coche de carreras inmovilizado durante la carrera, y el transporte a su stand. Durante la maniobra, al trabajador se ha cayo su radio y al tratar de recuperarla, tropez\u00f3 antes de ser atropellado por el veh\u00edculo de recuperaci\u00f3n.<\/p>\n<p>&nbsp;<\/p>\n<p>El trabajador de la pista fue llevado al hospital donde su estado se estabiliz\u00f3 antes de ser llevado en helic\u00f3ptero al Hospital del Sagrado Coraz\u00f3n, donde fue asignado al equipo de trauma del Dr. Ronald Denis, co-director m\u00e9dico del Gran Premio de Canad\u00e1 con el Dr. Jacques Bouchard, Director M\u00e9dico del Gran Premio de Canad\u00e1. Por desgracia, el trabajador muri\u00f3 en el hospital a consecuencia de sus heridas.<\/p>\n<p>&nbsp;<\/p>\n<p>La FIA, el Automobile Club de l&#8217;Ile Notre-Dame y el\u00a0 Gran Premio de Canad\u00e1 de F\u00f3rmula 1 env\u00edan sus m\u00e1s sentidas condolencias a los familiares y amigos del trabajador. La identidad del mismo no puede ser revelada ahora.<\/p>\n<p>&nbsp;<\/p>\n<p>&nbsp;<\/p>\n<div class=\"sharedaddy sd-sharing-enabled\"><div class=\"robots-nocontent sd-block sd-social sd-social-official sd-sharing\"><h3 class=\"sd-title\">Opciones Sociales:<\/h3><div class=\"sd-content\"><ul><li class=\"share-facebook\"><div class=\"fb-share-button\" data-href=\"http:\/\/www.michael-schumacher.es\/noticias-f1\/2013\/06\/10\/fallece-un-trabajador-del-gran-premio-de-montreal\/\" data-layout=\"button_count\"><\/div><\/li><li class=\"share-twitter\"><a href=\"https:\/\/twitter.com\/share\" class=\"twitter-share-button\" data-url=\"http:\/\/www.michael-schumacher.es\/noticias-f1\/2013\/06\/10\/fallece-un-trabajador-del-gran-premio-de-montreal\/\" data-text=\"Fallece un trabajador del Gran Premio de Montreal\"  >Tweet<\/a><\/li><li class=\"share-email\"><a rel=\"nofollow noopener noreferrer\" data-shared=\"\" class=\"share-email sd-button\" href=\"http:\/\/www.michael-schumacher.es\/noticias-f1\/2013\/06\/10\/fallece-un-trabajador-del-gran-premio-de-montreal\/?share=email\" target=\"_blank\" title=\"Haz clic para enviar por correo electr\u00f3nico a un amigo\"><span>Correo electr\u00f3nico<\/span><\/a><\/li><li class=\"share-end\"><\/li><\/ul><\/div><\/div><\/div>","protected":false},"excerpt":{"rendered":"<p>El trabajador trabajaba en las maniobras para retirar el monoplaza de Esteban Guti\u00e9rrez, durante el desarrollo de dicha maniobra al trabajador se le cay\u00f3 la radio y cuando fue a recuperarla parece que tropez\u00f3 y cay\u00f3, con tan mala suerte que la gr\u00faa le atropello en ese momento sin verlo, tras atenderlo y estabilizarlo en [&hellip;]<\/p>\n<div class=\"sharedaddy sd-sharing-enabled\"><div class=\"robots-nocontent sd-block sd-social sd-social-official sd-sharing\"><h3 class=\"sd-title\">Opciones Sociales:<\/h3><div class=\"sd-content\"><ul><li class=\"share-facebook\"><div class=\"fb-share-button\" data-href=\"http:\/\/www.michael-schumacher.es\/noticias-f1\/2013\/06\/10\/fallece-un-trabajador-del-gran-premio-de-montreal\/\" data-layout=\"button_count\"><\/div><\/li><li class=\"share-twitter\"><a href=\"https:\/\/twitter.com\/share\" class=\"twitter-share-button\" data-url=\"http:\/\/www.michael-schumacher.es\/noticias-f1\/2013\/06\/10\/fallece-un-trabajador-del-gran-premio-de-montreal\/\" data-text=\"Fallece un trabajador del Gran Premio de Montreal\"  >Tweet<\/a><\/li><li class=\"share-email\"><a rel=\"nofollow noopener noreferrer\" data-shared=\"\" class=\"share-email sd-button\" href=\"http:\/\/www.michael-schumacher.es\/noticias-f1\/2013\/06\/10\/fallece-un-trabajador-del-gran-premio-de-montreal\/?share=email\" target=\"_blank\" title=\"Haz clic para enviar por correo electr\u00f3nico a un amigo\"><span>Correo electr\u00f3nico<\/span><\/a><\/li><li class=\"share-end\"><\/li><\/ul><\/div><\/div><\/div>","protected":false},"author":3,"featured_media":0,"comment_status":"open","ping_status":"open","sticky":false,"template":"","format":"standard","meta":{"_monsterinsights_skip_tracking":false,"_monsterinsights_sitenote_active":false,"_monsterinsights_sitenote_note":"","_monsterinsights_sitenote_category":0,"spay_email":"","jetpack_publicize_message":"","jetpack_is_tweetstorm":false,"jetpack_publicize_feature_enabled":true},"categories":[3],"tags":[3570,417,550,1751,17,1006,15,6,8,2059,3569,3452,3568],"jetpack_featured_media_url":"","jetpack_publicize_connections":[],"jetpack_sharing_enabled":true,"jetpack_shortlink":"https:\/\/wp.me\/p27q3P-2LD","_links":{"self":[{"href":"http:\/\/www.michael-schumacher.es\/noticias-f1\/wp-json\/wp\/v2\/posts\/10641"}],"collection":[{"href":"http:\/\/www.michael-schumacher.es\/noticias-f1\/wp-json\/wp\/v2\/posts"}],"about":[{"href":"http:\/\/www.michael-schumacher.es\/noticias-f1\/wp-json\/wp\/v2\/types\/post"}],"author":[{"embeddable":true,"href":"http:\/\/www.michael-schumacher.es\/noticias-f1\/wp-json\/wp\/v2\/users\/3"}],"replies":[{"embeddable":true,"href":"http:\/\/www.michael-schumacher.es\/noticias-f1\/wp-json\/wp\/v2\/comments?post=10641"}],"version-history":[{"count":0,"href":"http:\/\/www.michael-schumacher.es\/noticias-f1\/wp-json\/wp\/v2\/posts\/10641\/revisions"}],"wp:attachment":[{"href":"http:\/\/www.michael-schumacher.es\/noticias-f1\/wp-json\/wp\/v2\/media?parent=10641"}],"wp:term":[{"taxonomy":"category","embeddable":true,"href":"http:\/\/www.michael-schumacher.es\/noticias-f1\/wp-json\/wp\/v2\/categories?post=10641"},{"taxonomy":"post_tag","embeddable":true,"href":"http:\/\/www.michael-schumacher.es\/noticias-f1\/wp-json\/wp\/v2\/tags?post=10641"}],"curies":[{"name":"wp","href":"https:\/\/api.w.org\/{rel}","templated":true}]}}