{"id":10665,"date":"2013-06-11T22:41:45","date_gmt":"2013-06-11T20:41:45","guid":{"rendered":"http:\/\/www.michael-schumacher.es\/noticias-f1\/?p=10665"},"modified":"2013-06-11T23:22:01","modified_gmt":"2013-06-11T21:22:01","slug":"sebastian-vettel-ha-ampliado-su-contrato-hasta-el-2015","status":"publish","type":"post","link":"http:\/\/www.michael-schumacher.es\/noticias-f1\/2013\/06\/11\/sebastian-vettel-ha-ampliado-su-contrato-hasta-el-2015\/","title":{"rendered":"Sebastian Vettel ha ampliado su contrato hasta el 2015"},"content":{"rendered":"<p><a href=\"http:\/\/www.michael-schumacher.es\/noticias-f1\/wp-content\/uploads\/2012\/12\/Sebastian-Vettel-Adrian-Newey.jpg\"><img loading=\"lazy\" class=\"alignleft\" alt=\"Sebastian-Vettel-Adrian-Newey\" src=\"http:\/\/www.michael-schumacher.es\/noticias-f1\/wp-content\/uploads\/2012\/12\/Sebastian-Vettel-Adrian-Newey.jpg\" width=\"200\" height=\"150\" \/><\/a>Sebastian Vettel naci\u00f3 en Heppenheim, el 3 de julio de 1987\u00a0 desde 2009 es piloto oficial de Red Bull junto a Mark Webber y sin duda su palmar\u00e9s es pr\u00e1cticamente insuperable. En 2009 fue subcampe\u00f3n 1 y ha sido campe\u00f3n del mundo de F1 en 2010, 2011 y 2012.\u00a0 Es el piloto m\u00e1s joven de la historia en ser tricampe\u00f3n F1. Sebastian fue tricampe\u00f3n del mundo de F1 con 25 a\u00f1os y 145 d\u00edas. Arrebat\u00e1ndole ese record a\u00a0 Ayrton Senna, quien en 1991 gan\u00f3 su tercer t\u00edtulo con 31 a\u00f1os y 213 d\u00edas. En 2013 es l\u00edder del campeonato con siete carreras disputadas y 36 puntos de ventaja de su inmediato rival.<\/p>\n<p><!--more--> <!--noteaser--><\/p>\n<p><a href=\"http:\/\/www.michael-schumacher.es\/noticias-f1\/wp-content\/uploads\/2012\/12\/Sebastian-Vettel-Adrian-Newey.jpg\"><img loading=\"lazy\" class=\"aligncenter size-full wp-image-7052\" alt=\"Sebastian-Vettel-Adrian-Newey\" src=\"http:\/\/www.michael-schumacher.es\/noticias-f1\/wp-content\/uploads\/2012\/12\/Sebastian-Vettel-Adrian-Newey.jpg\" width=\"650\" height=\"488\" srcset=\"http:\/\/www.michael-schumacher.es\/noticias-f1\/wp-content\/uploads\/2012\/12\/Sebastian-Vettel-Adrian-Newey.jpg 650w, http:\/\/www.michael-schumacher.es\/noticias-f1\/wp-content\/uploads\/2012\/12\/Sebastian-Vettel-Adrian-Newey-300x225.jpg 300w\" sizes=\"(max-width: 650px) 100vw, 650px\" \/><\/a><\/p>\n<p>&nbsp;<\/p>\n<p>Sebastian Vettel naci\u00f3 en Heppenheim, el 3 de julio de 1987\u00a0 desde 2009 es piloto oficial de Red Bull junto a Mark Webber y sin duda su palmar\u00e9s es pr\u00e1cticamente insuperable. En 2009 fue subcampe\u00f3n 1 y ha sido campe\u00f3n del mundo de F1 en 2010, 2011 y 2012.\u00a0 Es el piloto m\u00e1s joven de la historia en ser tricampe\u00f3n F1. Sebastian fue tricampe\u00f3n del mundo de F1 con 25 a\u00f1os y 145 d\u00edas. Arrebat\u00e1ndole ese record a\u00a0 Ayrton Senna, quien en 1991 gan\u00f3 su tercer t\u00edtulo con 31 a\u00f1os y 213 d\u00edas. En 2013 es l\u00edder del campeonato con siete carreras disputadas y 36 puntos de ventaja de su inmediato rival.<\/p>\n<p>&nbsp;<\/p>\n<p><strong>Confirmaci\u00f3n de Red Bull en su p\u00e1gina Web Oficial:<\/strong><\/p>\n<p>&nbsp;<\/p>\n<p><em>Infiniti Red Bull Racing se complace en confirmar que el campe\u00f3n del mundo Sebastian Vettel ha ampliado su contrato por varios a\u00f1os con el equipo hasta el final de 2015.<\/em><\/p>\n<p>&nbsp;<\/p>\n<p><em>Un miembro anterior del Red Bull J\u00fanior, Sebastian condujo para Red Bull Racing desde 2009. Durante su carrera en la F\u00f3rmula Uno, el piloto de 25 a\u00f1os de edad, ha logrado 29 victorias, 51 podios y 39 pole positions. \u00c9l es el actual campe\u00f3n del mundo de F\u00f3rmula Uno y tambi\u00e9n un triple campe\u00f3n del mundo, despu\u00e9s de haber retenido el t\u00edtulo desde que gan\u00f3 en 2010.<\/em><\/p>\n<p>&nbsp;<\/p>\n<p>&nbsp;<\/p>\n<div class=\"sharedaddy sd-sharing-enabled\"><div class=\"robots-nocontent sd-block sd-social sd-social-official sd-sharing\"><h3 class=\"sd-title\">Opciones Sociales:<\/h3><div class=\"sd-content\"><ul><li class=\"share-facebook\"><div class=\"fb-share-button\" data-href=\"http:\/\/www.michael-schumacher.es\/noticias-f1\/2013\/06\/11\/sebastian-vettel-ha-ampliado-su-contrato-hasta-el-2015\/\" data-layout=\"button_count\"><\/div><\/li><li class=\"share-twitter\"><a href=\"https:\/\/twitter.com\/share\" class=\"twitter-share-button\" data-url=\"http:\/\/www.michael-schumacher.es\/noticias-f1\/2013\/06\/11\/sebastian-vettel-ha-ampliado-su-contrato-hasta-el-2015\/\" data-text=\"Sebastian Vettel ha ampliado su contrato hasta el 2015\"  >Tweet<\/a><\/li><li class=\"share-email\"><a rel=\"nofollow noopener noreferrer\" data-shared=\"\" class=\"share-email sd-button\" href=\"http:\/\/www.michael-schumacher.es\/noticias-f1\/2013\/06\/11\/sebastian-vettel-ha-ampliado-su-contrato-hasta-el-2015\/?share=email\" target=\"_blank\" title=\"Haz clic para enviar por correo electr\u00f3nico a un amigo\"><span>Correo electr\u00f3nico<\/span><\/a><\/li><li class=\"share-end\"><\/li><\/ul><\/div><\/div><\/div>","protected":false},"excerpt":{"rendered":"<p>Sebastian Vettel naci\u00f3 en Heppenheim, el 3 de julio de 1987\u00a0 desde 2009 es piloto oficial de Red Bull junto a Mark Webber y sin duda su palmar\u00e9s es pr\u00e1cticamente insuperable. En 2009 fue subcampe\u00f3n 1 y ha sido campe\u00f3n del mundo de F1 en 2010, 2011 y 2012.\u00a0 Es el piloto m\u00e1s joven de [&hellip;]<\/p>\n<div class=\"sharedaddy sd-sharing-enabled\"><div class=\"robots-nocontent sd-block sd-social sd-social-official sd-sharing\"><h3 class=\"sd-title\">Opciones Sociales:<\/h3><div class=\"sd-content\"><ul><li class=\"share-facebook\"><div class=\"fb-share-button\" data-href=\"http:\/\/www.michael-schumacher.es\/noticias-f1\/2013\/06\/11\/sebastian-vettel-ha-ampliado-su-contrato-hasta-el-2015\/\" data-layout=\"button_count\"><\/div><\/li><li class=\"share-twitter\"><a href=\"https:\/\/twitter.com\/share\" class=\"twitter-share-button\" data-url=\"http:\/\/www.michael-schumacher.es\/noticias-f1\/2013\/06\/11\/sebastian-vettel-ha-ampliado-su-contrato-hasta-el-2015\/\" data-text=\"Sebastian Vettel ha ampliado su contrato hasta el 2015\"  >Tweet<\/a><\/li><li class=\"share-email\"><a rel=\"nofollow noopener noreferrer\" data-shared=\"\" class=\"share-email sd-button\" href=\"http:\/\/www.michael-schumacher.es\/noticias-f1\/2013\/06\/11\/sebastian-vettel-ha-ampliado-su-contrato-hasta-el-2015\/?share=email\" target=\"_blank\" title=\"Haz clic para enviar por correo electr\u00f3nico a un amigo\"><span>Correo electr\u00f3nico<\/span><\/a><\/li><li class=\"share-end\"><\/li><\/ul><\/div><\/div><\/div>","protected":false},"author":3,"featured_media":0,"comment_status":"open","ping_status":"open","sticky":false,"template":"","format":"standard","meta":{"_monsterinsights_skip_tracking":false,"_monsterinsights_sitenote_active":false,"_monsterinsights_sitenote_note":"","_monsterinsights_sitenote_category":0,"spay_email":"","jetpack_publicize_message":"","jetpack_is_tweetstorm":false,"jetpack_publicize_feature_enabled":true},"categories":[3],"tags":[487,25,500,17,1056,15,2767,51,501,71,1944,30],"jetpack_featured_media_url":"","jetpack_publicize_connections":[],"jetpack_sharing_enabled":true,"jetpack_shortlink":"https:\/\/wp.me\/p27q3P-2M1","_links":{"self":[{"href":"http:\/\/www.michael-schumacher.es\/noticias-f1\/wp-json\/wp\/v2\/posts\/10665"}],"collection":[{"href":"http:\/\/www.michael-schumacher.es\/noticias-f1\/wp-json\/wp\/v2\/posts"}],"about":[{"href":"http:\/\/www.michael-schumacher.es\/noticias-f1\/wp-json\/wp\/v2\/types\/post"}],"author":[{"embeddable":true,"href":"http:\/\/www.michael-schumacher.es\/noticias-f1\/wp-json\/wp\/v2\/users\/3"}],"replies":[{"embeddable":true,"href":"http:\/\/www.michael-schumacher.es\/noticias-f1\/wp-json\/wp\/v2\/comments?post=10665"}],"version-history":[{"count":0,"href":"http:\/\/www.michael-schumacher.es\/noticias-f1\/wp-json\/wp\/v2\/posts\/10665\/revisions"}],"wp:attachment":[{"href":"http:\/\/www.michael-schumacher.es\/noticias-f1\/wp-json\/wp\/v2\/media?parent=10665"}],"wp:term":[{"taxonomy":"category","embeddable":true,"href":"http:\/\/www.michael-schumacher.es\/noticias-f1\/wp-json\/wp\/v2\/categories?post=10665"},{"taxonomy":"post_tag","embeddable":true,"href":"http:\/\/www.michael-schumacher.es\/noticias-f1\/wp-json\/wp\/v2\/tags?post=10665"}],"curies":[{"name":"wp","href":"https:\/\/api.w.org\/{rel}","templated":true}]}}