{"id":10670,"date":"2013-06-12T01:55:24","date_gmt":"2013-06-11T23:55:24","guid":{"rendered":"http:\/\/www.michael-schumacher.es\/noticias-f1\/?p=10670"},"modified":"2013-06-12T01:55:24","modified_gmt":"2013-06-11T23:55:24","slug":"montezemolo-el-que-intente-eludir-el-reglamento-sera-seguido-y-perseguido","status":"publish","type":"post","link":"http:\/\/www.michael-schumacher.es\/noticias-f1\/2013\/06\/12\/montezemolo-el-que-intente-eludir-el-reglamento-sera-seguido-y-perseguido\/","title":{"rendered":"Montezemolo: \u201cEl que intente eludir el reglamento ser\u00e1 seguido y perseguido\u201d"},"content":{"rendered":"<p><a href=\"http:\/\/www.michael-schumacher.es\/noticias-f1\/wp-content\/uploads\/2012\/10\/montezemolo.jpg\"><img loading=\"lazy\" class=\"alignleft\" alt=\"Montezemolo \" src=\"http:\/\/www.michael-schumacher.es\/noticias-f1\/wp-content\/uploads\/2012\/10\/montezemolo.jpg\" width=\"200\" height=\"130\" \/><\/a>Recordemos que estas pruebas que presuntamente violan las reglas de la F1, saltaron a la luz en el Gran Premio de M\u00f3naco, y precisamente fueron Red Bull y Ferrari lo equipos que, hicieron una queja a la FIA para que aclarara el asunto, la FIA ha hecho sus investigaciones y ha decidido elevar el caso al IT, Tribunal Internacional de la FIA, Mercedes y Pirelli est\u00e1n citados el 20 de Junio para dilucidar si esta prueba puede constituir una violaci\u00f3n del reglas aplicables de la FIA<\/p>\n<p><!--more--> <!--noteaser--><\/p>\n<p><a href=\"http:\/\/www.michael-schumacher.es\/noticias-f1\/wp-content\/uploads\/2012\/10\/montezemolo.jpg\"><img loading=\"lazy\" class=\"aligncenter size-full wp-image-5127\" alt=\"Montezemolo \" src=\"http:\/\/www.michael-schumacher.es\/noticias-f1\/wp-content\/uploads\/2012\/10\/montezemolo.jpg\" width=\"680\" height=\"444\" srcset=\"http:\/\/www.michael-schumacher.es\/noticias-f1\/wp-content\/uploads\/2012\/10\/montezemolo.jpg 680w, http:\/\/www.michael-schumacher.es\/noticias-f1\/wp-content\/uploads\/2012\/10\/montezemolo-300x195.jpg 300w\" sizes=\"(max-width: 680px) 100vw, 680px\" \/><\/a><\/p>\n<p>&nbsp;<\/p>\n<p>Recordemos que estas pruebas que presuntamente violan las reglas de la F1, saltaron a la luz en el Gran Premio de M\u00f3naco, y precisamente fueron Red Bull y Ferrari lo equipos que, hicieron una queja a la FIA para que aclarara el asunto, la FIA ha hecho sus investigaciones y ha decidido elevar el caso al IT, Tribunal Internacional de la FIA, Mercedes y Pirelli est\u00e1n citados el 20 de Junio para dilucidar si esta prueba puede constituir una violaci\u00f3n del reglas aplicables de la FIA<\/p>\n<p>&nbsp;<\/p>\n<p>Luca di Montezemolo presidente de Ferrari, aunque no quer\u00eda hacer comentarios y no se ha extendido mucho en los mismos, da dicho que conf\u00edan en la FIA y les ha pedido profesionalidad y que persigan a los que eludan las reglas, en declaraciones en su p\u00e1gina Web:\u00a0 <strong>\u201cNo quiero comentar, pero anoto con satisfacci\u00f3n que la Federaci\u00f3n est\u00e1 siguiendo de cerca el incidente. Esperemos que la F\u00f3rmula 1 mantenga su profesionalidad y confiamos en que aquellos que intenten eludir el reglamento, sean perseguidos y procesados, o mejor procesados que perseguidos\u201d.<\/strong><\/p>\n<p>&nbsp;<\/p>\n<p>Realmente Montezemolo, est\u00e1 m\u00e1s concentrado en que Ferrari gane y dice que saben c\u00f3mo hacerlo para\u00a0\u00a0 mejorar y conf\u00eda en que van a ser aspirantes hasta la \u00faltima carrera: <strong>\u201cNosotros, mientras tanto, sabemos exactamente lo que debemos hacer para ganar. Entre hoy y ma\u00f1ana, voy a mantener una larga y detallada reuni\u00f3n con Domenicali y los ingenieros: ellos saben lo que debemos hacer para mejorar y estoy convencido de que, hasta la \u00faltima carrera, Ferrari va a ser competitivo y un aspirante, que no nos rendiremos y que contamos con todo lo que se necesita para mejorar.\u201d<\/strong><\/p>\n<p>&nbsp;<\/p>\n<p>&nbsp;<\/p>\n<div class=\"sharedaddy sd-sharing-enabled\"><div class=\"robots-nocontent sd-block sd-social sd-social-official sd-sharing\"><h3 class=\"sd-title\">Opciones Sociales:<\/h3><div class=\"sd-content\"><ul><li class=\"share-facebook\"><div class=\"fb-share-button\" data-href=\"http:\/\/www.michael-schumacher.es\/noticias-f1\/2013\/06\/12\/montezemolo-el-que-intente-eludir-el-reglamento-sera-seguido-y-perseguido\/\" data-layout=\"button_count\"><\/div><\/li><li class=\"share-twitter\"><a href=\"https:\/\/twitter.com\/share\" class=\"twitter-share-button\" data-url=\"http:\/\/www.michael-schumacher.es\/noticias-f1\/2013\/06\/12\/montezemolo-el-que-intente-eludir-el-reglamento-sera-seguido-y-perseguido\/\" data-text=\"Montezemolo: \u201cEl que intente eludir el reglamento ser\u00e1 seguido y perseguido\u201d\"  >Tweet<\/a><\/li><li class=\"share-email\"><a rel=\"nofollow noopener noreferrer\" data-shared=\"\" class=\"share-email sd-button\" href=\"http:\/\/www.michael-schumacher.es\/noticias-f1\/2013\/06\/12\/montezemolo-el-que-intente-eludir-el-reglamento-sera-seguido-y-perseguido\/?share=email\" target=\"_blank\" title=\"Haz clic para enviar por correo electr\u00f3nico a un amigo\"><span>Correo electr\u00f3nico<\/span><\/a><\/li><li class=\"share-end\"><\/li><\/ul><\/div><\/div><\/div>","protected":false},"excerpt":{"rendered":"<p>Recordemos que estas pruebas que presuntamente violan las reglas de la F1, saltaron a la luz en el Gran Premio de M\u00f3naco, y precisamente fueron Red Bull y Ferrari lo equipos que, hicieron una queja a la FIA para que aclarara el asunto, la FIA ha hecho sus investigaciones y ha decidido elevar el caso [&hellip;]<\/p>\n<div class=\"sharedaddy sd-sharing-enabled\"><div class=\"robots-nocontent sd-block sd-social sd-social-official sd-sharing\"><h3 class=\"sd-title\">Opciones Sociales:<\/h3><div class=\"sd-content\"><ul><li class=\"share-facebook\"><div class=\"fb-share-button\" data-href=\"http:\/\/www.michael-schumacher.es\/noticias-f1\/2013\/06\/12\/montezemolo-el-que-intente-eludir-el-reglamento-sera-seguido-y-perseguido\/\" data-layout=\"button_count\"><\/div><\/li><li class=\"share-twitter\"><a href=\"https:\/\/twitter.com\/share\" class=\"twitter-share-button\" data-url=\"http:\/\/www.michael-schumacher.es\/noticias-f1\/2013\/06\/12\/montezemolo-el-que-intente-eludir-el-reglamento-sera-seguido-y-perseguido\/\" data-text=\"Montezemolo: \u201cEl que intente eludir el reglamento ser\u00e1 seguido y perseguido\u201d\"  >Tweet<\/a><\/li><li class=\"share-email\"><a rel=\"nofollow noopener noreferrer\" data-shared=\"\" class=\"share-email sd-button\" href=\"http:\/\/www.michael-schumacher.es\/noticias-f1\/2013\/06\/12\/montezemolo-el-que-intente-eludir-el-reglamento-sera-seguido-y-perseguido\/?share=email\" target=\"_blank\" title=\"Haz clic para enviar por correo electr\u00f3nico a un amigo\"><span>Correo electr\u00f3nico<\/span><\/a><\/li><li class=\"share-end\"><\/li><\/ul><\/div><\/div><\/div>","protected":false},"author":3,"featured_media":0,"comment_status":"open","ping_status":"open","sticky":false,"template":"","format":"standard","meta":{"_monsterinsights_skip_tracking":false,"_monsterinsights_sitenote_active":false,"_monsterinsights_sitenote_note":"","_monsterinsights_sitenote_category":0,"spay_email":"","jetpack_publicize_message":"","jetpack_is_tweetstorm":false,"jetpack_publicize_feature_enabled":true},"categories":[3],"tags":[315,17,141,127,15,1564,304,1320,223,215,3561],"jetpack_featured_media_url":"","jetpack_publicize_connections":[],"jetpack_sharing_enabled":true,"jetpack_shortlink":"https:\/\/wp.me\/p27q3P-2M6","_links":{"self":[{"href":"http:\/\/www.michael-schumacher.es\/noticias-f1\/wp-json\/wp\/v2\/posts\/10670"}],"collection":[{"href":"http:\/\/www.michael-schumacher.es\/noticias-f1\/wp-json\/wp\/v2\/posts"}],"about":[{"href":"http:\/\/www.michael-schumacher.es\/noticias-f1\/wp-json\/wp\/v2\/types\/post"}],"author":[{"embeddable":true,"href":"http:\/\/www.michael-schumacher.es\/noticias-f1\/wp-json\/wp\/v2\/users\/3"}],"replies":[{"embeddable":true,"href":"http:\/\/www.michael-schumacher.es\/noticias-f1\/wp-json\/wp\/v2\/comments?post=10670"}],"version-history":[{"count":0,"href":"http:\/\/www.michael-schumacher.es\/noticias-f1\/wp-json\/wp\/v2\/posts\/10670\/revisions"}],"wp:attachment":[{"href":"http:\/\/www.michael-schumacher.es\/noticias-f1\/wp-json\/wp\/v2\/media?parent=10670"}],"wp:term":[{"taxonomy":"category","embeddable":true,"href":"http:\/\/www.michael-schumacher.es\/noticias-f1\/wp-json\/wp\/v2\/categories?post=10670"},{"taxonomy":"post_tag","embeddable":true,"href":"http:\/\/www.michael-schumacher.es\/noticias-f1\/wp-json\/wp\/v2\/tags?post=10670"}],"curies":[{"name":"wp","href":"https:\/\/api.w.org\/{rel}","templated":true}]}}