{"id":10752,"date":"2013-06-18T01:52:46","date_gmt":"2013-06-17T23:52:46","guid":{"rendered":"http:\/\/www.michael-schumacher.es\/noticias-f1\/?p=10752"},"modified":"2013-06-18T01:52:46","modified_gmt":"2013-06-17T23:52:46","slug":"wolff-considera-que-su-equipo-no-ha-hecho-nada-malo","status":"publish","type":"post","link":"http:\/\/www.michael-schumacher.es\/noticias-f1\/2013\/06\/18\/wolff-considera-que-su-equipo-no-ha-hecho-nada-malo\/","title":{"rendered":"Wolff considera que su equipo no ha hecho nada malo"},"content":{"rendered":"<p><a href=\"http:\/\/www.michael-schumacher.es\/noticias-f1\/wp-content\/uploads\/2013\/01\/toto-wolff-3.jpg\"><img loading=\"lazy\" class=\"alignleft\" alt=\"Toto Wolff 3 \" src=\"http:\/\/www.michael-schumacher.es\/noticias-f1\/wp-content\/uploads\/2013\/01\/toto-wolff-3.jpg\" width=\"202\" height=\"100\" \/><\/a>El equipo Mercedes y el proveedor de neum\u00e1ticos Pirelli\u00a0 se enfrentan este pr\u00f3ximo jueves d\u00eda 20 al Tribunal Internacional de la FIA para dilucidar, si las condiciones de las pruebas de tres d\u00edas de Mercedes con Pirelli en Barcelona despu\u00e9s del Gran Premio de Espa\u00f1a, pueden constituir una violaci\u00f3n de las reglas aplicables de la FIA.<\/p>\n<p><!--more--> <!--noteaser--><\/p>\n<p><a href=\"http:\/\/www.michael-schumacher.es\/noticias-f1\/wp-content\/uploads\/2013\/01\/toto-wolff-3.jpg\"><img loading=\"lazy\" class=\"aligncenter size-full wp-image-7553\" alt=\"Toto Wolff 3 \" src=\"http:\/\/www.michael-schumacher.es\/noticias-f1\/wp-content\/uploads\/2013\/01\/toto-wolff-3.jpg\" width=\"650\" height=\"322\" srcset=\"http:\/\/www.michael-schumacher.es\/noticias-f1\/wp-content\/uploads\/2013\/01\/toto-wolff-3.jpg 650w, http:\/\/www.michael-schumacher.es\/noticias-f1\/wp-content\/uploads\/2013\/01\/toto-wolff-3-300x148.jpg 300w\" sizes=\"(max-width: 650px) 100vw, 650px\" \/><\/a><\/p>\n<p>&nbsp;<\/p>\n<p>El equipo Mercedes y el proveedor de neum\u00e1ticos Pirelli\u00a0 se enfrentan este pr\u00f3ximo jueves d\u00eda 20 al Tribunal Internacional de la FIA para dilucidar, si las condiciones de las pruebas de tres d\u00edas de Mercedes con Pirelli en Barcelona despu\u00e9s del Gran Premio de Espa\u00f1a, pueden constituir una violaci\u00f3n de las reglas aplicables de la FIA.<\/p>\n<p>&nbsp;<\/p>\n<p>Ya que dichas pruebas de Mercedes con Pirelli, se llevaron a cabo con el Mercedes W04 el coche actual del 2013, algo que es contrario a la normativa, y con los pilotos oficiales Nico Rosberg y Lewis Hamilton, que seg\u00fan las informaciones cambiaron sus cascos oficiales para pasar m\u00e1s desapercibidos durante las pruebas de 1000km y tres d\u00edas de duraci\u00f3n en el Circuit de Catalunya.<\/p>\n<p>&nbsp;<\/p>\n<p>En caso de ser sancionados duramente Mercedes podr\u00eda incluso decidir abandonar la F1 ya que fuertes inversores del grupo son contrarios a la permanencia Mercedes en la F1 por considerar que tiene altos costes y pocos beneficios, lo cual se agravar\u00eda de ser declarados culpables y por tanto da\u00f1ar\u00edan la reputaci\u00f3n de Mercedes. Esto tambi\u00e9n pone en apuros a la FIA ya que de ser muy duros podr\u00edan perder un equipo de prestigioso nombre.<\/p>\n<p>&nbsp;<\/p>\n<p>Aunque pese a todo esto Toto Wolff, considera que su equipo no hizo nada malo y por si acaso Ross Brawn se ha adjudicado ser responsable de la decisi\u00f3n de realizar estas pruebas y sin embargo en ning\u00fan momento ha querido confirmar si Toto Wolff y Niki Lauda eran conocedores y responsables tambi\u00e9n de dicha decisi\u00f3n, aunque parece un tanto extra\u00f1o que estas pruebas se hagan sin el conocimiento y autorizaci\u00f3n del director ejecutivo del equipo.<\/p>\n<p>&nbsp;<\/p>\n<p>Toto Wolff insiste en que siguieron las normas y no hicieron nada malo: <strong>\u00abTodo lo que hicimos fue exactamente de acuerdo a las regulaciones. No tenemos ning\u00fan sentimiento, ni positiva ni negativa. Nuestra creencia es que no hemos hecho nada malo.\u201d<\/strong><\/p>\n<p>&nbsp;<\/p>\n<p>Wolff considera que van preparados para su comparecencia ante el Tribunal y no sabe cual ser\u00e1 la sentencia: <strong>\u00abNos hemos preparado, con nuestros documentos, no podemos hacer nada m\u00e1s hasta que el juicio del jueves que viene y luego ya veremos si podemos vivir con ello. No vamos a Par\u00eds con un plan de batalla concreta &#8211; no estamos diciendo que vamos a ser exonerados Simplemente no s\u00e9 cu\u00e1l ser\u00e1 la sentencia.\u00bb<\/strong><\/p>\n<p>&nbsp;<\/p>\n<div class=\"sharedaddy sd-sharing-enabled\"><div class=\"robots-nocontent sd-block sd-social sd-social-official sd-sharing\"><h3 class=\"sd-title\">Opciones Sociales:<\/h3><div class=\"sd-content\"><ul><li class=\"share-facebook\"><div class=\"fb-share-button\" data-href=\"http:\/\/www.michael-schumacher.es\/noticias-f1\/2013\/06\/18\/wolff-considera-que-su-equipo-no-ha-hecho-nada-malo\/\" data-layout=\"button_count\"><\/div><\/li><li class=\"share-twitter\"><a href=\"https:\/\/twitter.com\/share\" class=\"twitter-share-button\" data-url=\"http:\/\/www.michael-schumacher.es\/noticias-f1\/2013\/06\/18\/wolff-considera-que-su-equipo-no-ha-hecho-nada-malo\/\" data-text=\"Wolff considera que su equipo no ha hecho nada malo\"  >Tweet<\/a><\/li><li class=\"share-email\"><a rel=\"nofollow noopener noreferrer\" data-shared=\"\" class=\"share-email sd-button\" href=\"http:\/\/www.michael-schumacher.es\/noticias-f1\/2013\/06\/18\/wolff-considera-que-su-equipo-no-ha-hecho-nada-malo\/?share=email\" target=\"_blank\" title=\"Haz clic para enviar por correo electr\u00f3nico a un amigo\"><span>Correo electr\u00f3nico<\/span><\/a><\/li><li class=\"share-end\"><\/li><\/ul><\/div><\/div><\/div>","protected":false},"excerpt":{"rendered":"<p>El equipo Mercedes y el proveedor de neum\u00e1ticos Pirelli\u00a0 se enfrentan este pr\u00f3ximo jueves d\u00eda 20 al Tribunal Internacional de la FIA para dilucidar, si las condiciones de las pruebas de tres d\u00edas de Mercedes con Pirelli en Barcelona despu\u00e9s del Gran Premio de Espa\u00f1a, pueden constituir una violaci\u00f3n de las reglas aplicables de la [&hellip;]<\/p>\n<div class=\"sharedaddy sd-sharing-enabled\"><div class=\"robots-nocontent sd-block sd-social sd-social-official sd-sharing\"><h3 class=\"sd-title\">Opciones Sociales:<\/h3><div class=\"sd-content\"><ul><li class=\"share-facebook\"><div class=\"fb-share-button\" data-href=\"http:\/\/www.michael-schumacher.es\/noticias-f1\/2013\/06\/18\/wolff-considera-que-su-equipo-no-ha-hecho-nada-malo\/\" data-layout=\"button_count\"><\/div><\/li><li class=\"share-twitter\"><a href=\"https:\/\/twitter.com\/share\" class=\"twitter-share-button\" data-url=\"http:\/\/www.michael-schumacher.es\/noticias-f1\/2013\/06\/18\/wolff-considera-que-su-equipo-no-ha-hecho-nada-malo\/\" data-text=\"Wolff considera que su equipo no ha hecho nada malo\"  >Tweet<\/a><\/li><li class=\"share-email\"><a rel=\"nofollow noopener noreferrer\" data-shared=\"\" class=\"share-email sd-button\" href=\"http:\/\/www.michael-schumacher.es\/noticias-f1\/2013\/06\/18\/wolff-considera-que-su-equipo-no-ha-hecho-nada-malo\/?share=email\" target=\"_blank\" title=\"Haz clic para enviar por correo electr\u00f3nico a un amigo\"><span>Correo electr\u00f3nico<\/span><\/a><\/li><li class=\"share-end\"><\/li><\/ul><\/div><\/div><\/div>","protected":false},"author":3,"featured_media":0,"comment_status":"open","ping_status":"open","sticky":false,"template":"","format":"standard","meta":{"_monsterinsights_skip_tracking":false,"_monsterinsights_sitenote_active":false,"_monsterinsights_sitenote_note":"","_monsterinsights_sitenote_category":0,"spay_email":"","jetpack_publicize_message":"","jetpack_is_tweetstorm":false,"jetpack_publicize_feature_enabled":true},"categories":[3],"tags":[316,127,304,548,223,1380,215,616,3561,617],"jetpack_featured_media_url":"","jetpack_publicize_connections":[],"jetpack_sharing_enabled":true,"jetpack_shortlink":"https:\/\/wp.me\/p27q3P-2Nq","_links":{"self":[{"href":"http:\/\/www.michael-schumacher.es\/noticias-f1\/wp-json\/wp\/v2\/posts\/10752"}],"collection":[{"href":"http:\/\/www.michael-schumacher.es\/noticias-f1\/wp-json\/wp\/v2\/posts"}],"about":[{"href":"http:\/\/www.michael-schumacher.es\/noticias-f1\/wp-json\/wp\/v2\/types\/post"}],"author":[{"embeddable":true,"href":"http:\/\/www.michael-schumacher.es\/noticias-f1\/wp-json\/wp\/v2\/users\/3"}],"replies":[{"embeddable":true,"href":"http:\/\/www.michael-schumacher.es\/noticias-f1\/wp-json\/wp\/v2\/comments?post=10752"}],"version-history":[{"count":0,"href":"http:\/\/www.michael-schumacher.es\/noticias-f1\/wp-json\/wp\/v2\/posts\/10752\/revisions"}],"wp:attachment":[{"href":"http:\/\/www.michael-schumacher.es\/noticias-f1\/wp-json\/wp\/v2\/media?parent=10752"}],"wp:term":[{"taxonomy":"category","embeddable":true,"href":"http:\/\/www.michael-schumacher.es\/noticias-f1\/wp-json\/wp\/v2\/categories?post=10752"},{"taxonomy":"post_tag","embeddable":true,"href":"http:\/\/www.michael-schumacher.es\/noticias-f1\/wp-json\/wp\/v2\/tags?post=10752"}],"curies":[{"name":"wp","href":"https:\/\/api.w.org\/{rel}","templated":true}]}}