{"id":10762,"date":"2013-06-18T15:24:08","date_gmt":"2013-06-18T13:24:08","guid":{"rendered":"http:\/\/www.michael-schumacher.es\/noticias-f1\/?p=10762"},"modified":"2013-06-18T15:24:08","modified_gmt":"2013-06-18T13:24:08","slug":"brawn-sera-el-encargado-de-comparecer-por-mercedes-ante-el-tribunal","status":"publish","type":"post","link":"http:\/\/www.michael-schumacher.es\/noticias-f1\/2013\/06\/18\/brawn-sera-el-encargado-de-comparecer-por-mercedes-ante-el-tribunal\/","title":{"rendered":"Brawn ser\u00e1 el encargado de comparecer por Mercedes ante el Tribunal"},"content":{"rendered":"<p><a href=\"http:\/\/www.michael-schumacher.es\/noticias-f1\/wp-content\/uploads\/2012\/09\/ross.brawn-1.jpg\"><img loading=\"lazy\" class=\"alignleft\" alt=\"Ross Brawn\" src=\"http:\/\/www.michael-schumacher.es\/noticias-f1\/wp-content\/uploads\/2012\/09\/ross.brawn-1.jpg\" width=\"198\" height=\"98\" \/><\/a>Este pr\u00f3ximo jueves d\u00eda 20 es la fecha del Tribunal Internacional contra Mercedes y Pirelli para aclarar si los pol\u00e9micos test de 1000 km realizados con el coche actual del 2013, cumpl\u00edan o no la normativa. Un portavoz del equipo Mercedes ha confirmado que el representante de Mercedes ante el tribunal, reunido en Paris, ser\u00e1 el director del equipo Ross Brawn<\/p>\n<p><!--more--> <!--noteaser--><\/p>\n<p><a href=\"http:\/\/www.michael-schumacher.es\/noticias-f1\/wp-content\/uploads\/2012\/09\/ross.brawn-1.jpg\"><img loading=\"lazy\" class=\"aligncenter size-full wp-image-4050\" alt=\"Ross Brawn\" src=\"http:\/\/www.michael-schumacher.es\/noticias-f1\/wp-content\/uploads\/2012\/09\/ross.brawn-1.jpg\" width=\"605\" height=\"300\" srcset=\"http:\/\/www.michael-schumacher.es\/noticias-f1\/wp-content\/uploads\/2012\/09\/ross.brawn-1.jpg 605w, http:\/\/www.michael-schumacher.es\/noticias-f1\/wp-content\/uploads\/2012\/09\/ross.brawn-1-300x148.jpg 300w\" sizes=\"(max-width: 605px) 100vw, 605px\" \/><\/a><\/p>\n<p>&nbsp;<\/p>\n<p>Este pr\u00f3ximo jueves d\u00eda 20 es la fecha del Tribunal Internacional contra Mercedes y Pirelli para aclarar si los pol\u00e9micos test de 1000 km realizados con el coche actual del 2013, cumpl\u00edan o no la normativa. Un portavoz del equipo Mercedes ha confirmado que el representante de Mercedes ante el tribunal, reunido en Paris, ser\u00e1 el director del equipo Ross Brawn<\/p>\n<p>&nbsp;<\/p>\n<p>Tambi\u00e9n se ha confirmado que el \u00fanico que se enfrentar\u00e1, solo ante el peligro al tribunal, ser\u00e1 Ross Brawn, aunque acompa\u00f1ado de los abogados de Mercedes, porque ni Toto Wolff director ejecutivo, ni Niki Lauda director no ejecutivo, acudir\u00e1n a la comparecencia del Tribunal Internacional de la FIA en Paris.<\/p>\n<p>&nbsp;<\/p>\n<p>Pese a que a todas luces parece ilegal la utilizaci\u00f3n de un coche actual, ya que la normativa dice muy claramente que se debe utilizar un coche de dos a\u00f1os de antig\u00fcedad y est\u00e1 comprobado que Mercedes utiliz\u00f3 un coche del 2013 y as\u00ed como parec\u00edan test secretos ya que los dos pilotos actuales estaban camuflados con cascos diferentes e incluso parece que Hamilton sub\u00eda a Twitter fotos como si estuviera en Florida, en Disneyland mientras realmente estaba participando con Rosberg en el test secreto de Mercedes en Barcelona<\/p>\n<p>&nbsp;<\/p>\n<p>Por todo esto\u00a0 Red Bull y Ferrari presentaron protestas ya que\u00a0 las pruebas se realizaron con el coche de 2013 y sus pilotos oficiales Nico Rosberg y Lewis Hamilton.<\/p>\n<p>&nbsp;<\/p>\n<p>Sin embargo Mercedes siempre ha negado que fueran test secretos y que rompieran las normas y se rumorea que basaran su defensa en que ten\u00edan la autorizaci\u00f3n de Charlie Whiting director de carreras de la FIA, para llevar a cabo estas pruebas, y como prueba parece que contar\u00edan con un correo electr\u00f3nico. Tambi\u00e9n otras informaciones dicen que existe ese correo pero que Charlie Whiting, para autorizar dichas pruebas ped\u00eda que todos los equipos fueran conocedores de dicha posibilidad de hacer la prueba, pero que tras esto ya no hubo m\u00e1s comunicaci\u00f3n.<\/p>\n<p>&nbsp;<\/p>\n<p>\u00bfAhora que pasar\u00e1?, pronto lo sabremos, pero sin duda es complicado, ya que si la FIA es dura con el equipo Mercedes puede abandonar la F1, tambi\u00e9n la culpa ahora podr\u00eda recaer en Charlie Whiting o en Ross Brawn y cerrar el caso con dos bajas.<\/p>\n<p>&nbsp;<\/p>\n<p>&nbsp;<\/p>\n<div class=\"sharedaddy sd-sharing-enabled\"><div class=\"robots-nocontent sd-block sd-social sd-social-official sd-sharing\"><h3 class=\"sd-title\">Opciones Sociales:<\/h3><div class=\"sd-content\"><ul><li class=\"share-facebook\"><div class=\"fb-share-button\" data-href=\"http:\/\/www.michael-schumacher.es\/noticias-f1\/2013\/06\/18\/brawn-sera-el-encargado-de-comparecer-por-mercedes-ante-el-tribunal\/\" data-layout=\"button_count\"><\/div><\/li><li class=\"share-twitter\"><a href=\"https:\/\/twitter.com\/share\" class=\"twitter-share-button\" data-url=\"http:\/\/www.michael-schumacher.es\/noticias-f1\/2013\/06\/18\/brawn-sera-el-encargado-de-comparecer-por-mercedes-ante-el-tribunal\/\" data-text=\"Brawn ser\u00e1 el encargado de comparecer por Mercedes ante el Tribunal\"  >Tweet<\/a><\/li><li class=\"share-email\"><a rel=\"nofollow noopener noreferrer\" data-shared=\"\" class=\"share-email sd-button\" href=\"http:\/\/www.michael-schumacher.es\/noticias-f1\/2013\/06\/18\/brawn-sera-el-encargado-de-comparecer-por-mercedes-ante-el-tribunal\/?share=email\" target=\"_blank\" title=\"Haz clic para enviar por correo electr\u00f3nico a un amigo\"><span>Correo electr\u00f3nico<\/span><\/a><\/li><li class=\"share-end\"><\/li><\/ul><\/div><\/div><\/div>","protected":false},"excerpt":{"rendered":"<p>Este pr\u00f3ximo jueves d\u00eda 20 es la fecha del Tribunal Internacional contra Mercedes y Pirelli para aclarar si los pol\u00e9micos test de 1000 km realizados con el coche actual del 2013, cumpl\u00edan o no la normativa. Un portavoz del equipo Mercedes ha confirmado que el representante de Mercedes ante el tribunal, reunido en Paris, ser\u00e1 [&hellip;]<\/p>\n<div class=\"sharedaddy sd-sharing-enabled\"><div class=\"robots-nocontent sd-block sd-social sd-social-official sd-sharing\"><h3 class=\"sd-title\">Opciones Sociales:<\/h3><div class=\"sd-content\"><ul><li class=\"share-facebook\"><div class=\"fb-share-button\" data-href=\"http:\/\/www.michael-schumacher.es\/noticias-f1\/2013\/06\/18\/brawn-sera-el-encargado-de-comparecer-por-mercedes-ante-el-tribunal\/\" data-layout=\"button_count\"><\/div><\/li><li class=\"share-twitter\"><a href=\"https:\/\/twitter.com\/share\" class=\"twitter-share-button\" data-url=\"http:\/\/www.michael-schumacher.es\/noticias-f1\/2013\/06\/18\/brawn-sera-el-encargado-de-comparecer-por-mercedes-ante-el-tribunal\/\" data-text=\"Brawn ser\u00e1 el encargado de comparecer por Mercedes ante el Tribunal\"  >Tweet<\/a><\/li><li class=\"share-email\"><a rel=\"nofollow noopener noreferrer\" data-shared=\"\" class=\"share-email sd-button\" href=\"http:\/\/www.michael-schumacher.es\/noticias-f1\/2013\/06\/18\/brawn-sera-el-encargado-de-comparecer-por-mercedes-ante-el-tribunal\/?share=email\" target=\"_blank\" title=\"Haz clic para enviar por correo electr\u00f3nico a un amigo\"><span>Correo electr\u00f3nico<\/span><\/a><\/li><li class=\"share-end\"><\/li><\/ul><\/div><\/div><\/div>","protected":false},"author":3,"featured_media":0,"comment_status":"open","ping_status":"open","sticky":false,"template":"","format":"standard","meta":{"_monsterinsights_skip_tracking":false,"_monsterinsights_sitenote_active":false,"_monsterinsights_sitenote_note":"","_monsterinsights_sitenote_category":0,"spay_email":"","jetpack_publicize_message":"","jetpack_is_tweetstorm":false,"jetpack_publicize_feature_enabled":true},"categories":[3],"tags":[315,1381,3551,475,381,127,11,10,304,1400,223,259,1380,215,3561,2773],"jetpack_featured_media_url":"","jetpack_publicize_connections":[],"jetpack_sharing_enabled":true,"jetpack_shortlink":"https:\/\/wp.me\/p27q3P-2NA","_links":{"self":[{"href":"http:\/\/www.michael-schumacher.es\/noticias-f1\/wp-json\/wp\/v2\/posts\/10762"}],"collection":[{"href":"http:\/\/www.michael-schumacher.es\/noticias-f1\/wp-json\/wp\/v2\/posts"}],"about":[{"href":"http:\/\/www.michael-schumacher.es\/noticias-f1\/wp-json\/wp\/v2\/types\/post"}],"author":[{"embeddable":true,"href":"http:\/\/www.michael-schumacher.es\/noticias-f1\/wp-json\/wp\/v2\/users\/3"}],"replies":[{"embeddable":true,"href":"http:\/\/www.michael-schumacher.es\/noticias-f1\/wp-json\/wp\/v2\/comments?post=10762"}],"version-history":[{"count":0,"href":"http:\/\/www.michael-schumacher.es\/noticias-f1\/wp-json\/wp\/v2\/posts\/10762\/revisions"}],"wp:attachment":[{"href":"http:\/\/www.michael-schumacher.es\/noticias-f1\/wp-json\/wp\/v2\/media?parent=10762"}],"wp:term":[{"taxonomy":"category","embeddable":true,"href":"http:\/\/www.michael-schumacher.es\/noticias-f1\/wp-json\/wp\/v2\/categories?post=10762"},{"taxonomy":"post_tag","embeddable":true,"href":"http:\/\/www.michael-schumacher.es\/noticias-f1\/wp-json\/wp\/v2\/tags?post=10762"}],"curies":[{"name":"wp","href":"https:\/\/api.w.org\/{rel}","templated":true}]}}