{"id":10781,"date":"2013-06-20T01:28:12","date_gmt":"2013-06-19T23:28:12","guid":{"rendered":"http:\/\/www.michael-schumacher.es\/noticias-f1\/?p=10781"},"modified":"2013-06-20T01:28:12","modified_gmt":"2013-06-19T23:28:12","slug":"gp-de-la-india-se-desmienten-los-rumores-de-problemas-para-el-futuro","status":"publish","type":"post","link":"http:\/\/www.michael-schumacher.es\/noticias-f1\/2013\/06\/20\/gp-de-la-india-se-desmienten-los-rumores-de-problemas-para-el-futuro\/","title":{"rendered":"GP de la India se desmienten los rumores de problemas para el futuro"},"content":{"rendered":"<p><a href=\"http:\/\/www.michael-schumacher.es\/noticias-f1\/wp-content\/uploads\/2013\/06\/circuito-india-buddh.jpg\"><img loading=\"lazy\" class=\"alignleft\" alt=\"Circuito Gran Premio de India - Buddh \" src=\"http:\/\/www.michael-schumacher.es\/noticias-f1\/wp-content\/uploads\/2013\/06\/circuito-india-buddh.jpg\" width=\"200\" height=\"133\" \/><\/a>D\u00edas atr\u00e1s han surgido rumores que apuntaban que los organizadores del Gran Premio de la India, Jaypee Sports International (JPSI), atravesar\u00edan problemas financieros que pondr\u00edan en peligro el desarrollo del Gran Premio los a\u00f1os 2014 y 2015, a\u00f1os en los que tienen contrato en vigor, pero los responsables niegan esos rumores a los que consideran <strong>\u00abTotalmente infundados y maliciosos\u00bb<\/strong><\/p>\n<p><!--more--> <!--noteaser--><\/p>\n<p><a href=\"http:\/\/www.michael-schumacher.es\/noticias-f1\/wp-content\/uploads\/2013\/06\/circuito-india-buddh.jpg\"><img loading=\"lazy\" class=\"aligncenter size-full wp-image-10789\" alt=\"Circuito Gran Premio de India - Buddh \" src=\"http:\/\/www.michael-schumacher.es\/noticias-f1\/wp-content\/uploads\/2013\/06\/circuito-india-buddh.jpg\" width=\"650\" height=\"433\" srcset=\"http:\/\/www.michael-schumacher.es\/noticias-f1\/wp-content\/uploads\/2013\/06\/circuito-india-buddh.jpg 650w, http:\/\/www.michael-schumacher.es\/noticias-f1\/wp-content\/uploads\/2013\/06\/circuito-india-buddh-300x199.jpg 300w\" sizes=\"(max-width: 650px) 100vw, 650px\" \/><\/a><\/p>\n<p>&nbsp;<\/p>\n<p>D\u00edas atr\u00e1s han surgido rumores que apuntaban que los organizadores del Gran Premio de la India, Jaypee Sports International (JPSI), atravesar\u00edan problemas financieros que pondr\u00edan en peligro el desarrollo del Gran Premio los a\u00f1os 2014 y 2015, a\u00f1os en los que tienen contrato en vigor, pero los responsables niegan esos rumores a los que consideran <strong>\u00abTotalmente infundados y maliciosos\u00bb<\/strong><\/p>\n<p>&nbsp;<\/p>\n<p>Por lo que un portavoz de la organizaci\u00f3n ha salido al paso de los rumores declarando: <strong>\u00abNuestro acuerdo de acoger carreras de F\u00f3rmula en el Circuito Internacional de Budh con la FOM es hasta el 2015 y estamos totalmente comprometidos con eso. No existe ninguna raz\u00f3n para que dejemos de la organizaci\u00f3n del Gran Premio de F1.\u00bb<\/strong><\/p>\n<p>&nbsp;<\/p>\n<p>Adem\u00e1s todav\u00eda van m\u00e1s all\u00e1 y reconocen que su inter\u00e9s tambi\u00e9n es no solamente la F1 sino que buscan acoger m\u00e1s carreras Internacionales de motos y coches:<strong> \u00abEl Grupo Jaypee quiere coches m\u00e1s carreras internacionales de coches y motos en el circuito de Buddh, adem\u00e1s de la F1 y Superbike que ya lo tenemos. Queremos seguir fomentando los deportes de motor en la India, en colaboraci\u00f3n con el gobierno local, el gobierno nacional y las federaciones de automovilismo en el pa\u00eds\u201d.<\/strong><\/p>\n<p>&nbsp;<\/p>\n<div class=\"sharedaddy sd-sharing-enabled\"><div class=\"robots-nocontent sd-block sd-social sd-social-official sd-sharing\"><h3 class=\"sd-title\">Opciones Sociales:<\/h3><div class=\"sd-content\"><ul><li class=\"share-facebook\"><div class=\"fb-share-button\" data-href=\"http:\/\/www.michael-schumacher.es\/noticias-f1\/2013\/06\/20\/gp-de-la-india-se-desmienten-los-rumores-de-problemas-para-el-futuro\/\" data-layout=\"button_count\"><\/div><\/li><li class=\"share-twitter\"><a href=\"https:\/\/twitter.com\/share\" class=\"twitter-share-button\" data-url=\"http:\/\/www.michael-schumacher.es\/noticias-f1\/2013\/06\/20\/gp-de-la-india-se-desmienten-los-rumores-de-problemas-para-el-futuro\/\" data-text=\"GP de la India se desmienten los rumores de problemas para el futuro\"  >Tweet<\/a><\/li><li class=\"share-email\"><a rel=\"nofollow noopener noreferrer\" data-shared=\"\" class=\"share-email sd-button\" href=\"http:\/\/www.michael-schumacher.es\/noticias-f1\/2013\/06\/20\/gp-de-la-india-se-desmienten-los-rumores-de-problemas-para-el-futuro\/?share=email\" target=\"_blank\" title=\"Haz clic para enviar por correo electr\u00f3nico a un amigo\"><span>Correo electr\u00f3nico<\/span><\/a><\/li><li class=\"share-end\"><\/li><\/ul><\/div><\/div><\/div>","protected":false},"excerpt":{"rendered":"<p>D\u00edas atr\u00e1s han surgido rumores que apuntaban que los organizadores del Gran Premio de la India, Jaypee Sports International (JPSI), atravesar\u00edan problemas financieros que pondr\u00edan en peligro el desarrollo del Gran Premio los a\u00f1os 2014 y 2015, a\u00f1os en los que tienen contrato en vigor, pero los responsables niegan esos rumores a los que consideran [&hellip;]<\/p>\n<div class=\"sharedaddy sd-sharing-enabled\"><div class=\"robots-nocontent sd-block sd-social sd-social-official sd-sharing\"><h3 class=\"sd-title\">Opciones Sociales:<\/h3><div class=\"sd-content\"><ul><li class=\"share-facebook\"><div class=\"fb-share-button\" data-href=\"http:\/\/www.michael-schumacher.es\/noticias-f1\/2013\/06\/20\/gp-de-la-india-se-desmienten-los-rumores-de-problemas-para-el-futuro\/\" data-layout=\"button_count\"><\/div><\/li><li class=\"share-twitter\"><a href=\"https:\/\/twitter.com\/share\" class=\"twitter-share-button\" data-url=\"http:\/\/www.michael-schumacher.es\/noticias-f1\/2013\/06\/20\/gp-de-la-india-se-desmienten-los-rumores-de-problemas-para-el-futuro\/\" data-text=\"GP de la India se desmienten los rumores de problemas para el futuro\"  >Tweet<\/a><\/li><li class=\"share-email\"><a rel=\"nofollow noopener noreferrer\" data-shared=\"\" class=\"share-email sd-button\" href=\"http:\/\/www.michael-schumacher.es\/noticias-f1\/2013\/06\/20\/gp-de-la-india-se-desmienten-los-rumores-de-problemas-para-el-futuro\/?share=email\" target=\"_blank\" title=\"Haz clic para enviar por correo electr\u00f3nico a un amigo\"><span>Correo electr\u00f3nico<\/span><\/a><\/li><li class=\"share-end\"><\/li><\/ul><\/div><\/div><\/div>","protected":false},"author":3,"featured_media":0,"comment_status":"open","ping_status":"open","sticky":false,"template":"","format":"standard","meta":{"_monsterinsights_skip_tracking":false,"_monsterinsights_sitenote_active":false,"_monsterinsights_sitenote_note":"","_monsterinsights_sitenote_category":0,"spay_email":"","jetpack_publicize_message":"","jetpack_is_tweetstorm":false,"jetpack_publicize_feature_enabled":true},"categories":[3],"tags":[758,487,1743,3612,2044,17,15,6,8,1103,1687,181,372],"jetpack_featured_media_url":"","jetpack_publicize_connections":[],"jetpack_sharing_enabled":true,"jetpack_shortlink":"https:\/\/wp.me\/p27q3P-2NT","_links":{"self":[{"href":"http:\/\/www.michael-schumacher.es\/noticias-f1\/wp-json\/wp\/v2\/posts\/10781"}],"collection":[{"href":"http:\/\/www.michael-schumacher.es\/noticias-f1\/wp-json\/wp\/v2\/posts"}],"about":[{"href":"http:\/\/www.michael-schumacher.es\/noticias-f1\/wp-json\/wp\/v2\/types\/post"}],"author":[{"embeddable":true,"href":"http:\/\/www.michael-schumacher.es\/noticias-f1\/wp-json\/wp\/v2\/users\/3"}],"replies":[{"embeddable":true,"href":"http:\/\/www.michael-schumacher.es\/noticias-f1\/wp-json\/wp\/v2\/comments?post=10781"}],"version-history":[{"count":0,"href":"http:\/\/www.michael-schumacher.es\/noticias-f1\/wp-json\/wp\/v2\/posts\/10781\/revisions"}],"wp:attachment":[{"href":"http:\/\/www.michael-schumacher.es\/noticias-f1\/wp-json\/wp\/v2\/media?parent=10781"}],"wp:term":[{"taxonomy":"category","embeddable":true,"href":"http:\/\/www.michael-schumacher.es\/noticias-f1\/wp-json\/wp\/v2\/categories?post=10781"},{"taxonomy":"post_tag","embeddable":true,"href":"http:\/\/www.michael-schumacher.es\/noticias-f1\/wp-json\/wp\/v2\/tags?post=10781"}],"curies":[{"name":"wp","href":"https:\/\/api.w.org\/{rel}","templated":true}]}}