{"id":1079,"date":"2012-05-26T10:16:40","date_gmt":"2012-05-26T08:16:40","guid":{"rendered":"http:\/\/www.michael-schumacher.es\/noticias-f1\/?p=1079"},"modified":"2012-05-26T10:18:30","modified_gmt":"2012-05-26T08:18:30","slug":"entrenamientos-gp-de-monaco-monte-carlo-2012-toro-rosso","status":"publish","type":"post","link":"http:\/\/www.michael-schumacher.es\/noticias-f1\/2012\/05\/26\/entrenamientos-gp-de-monaco-monte-carlo-2012-toro-rosso\/","title":{"rendered":"Entrenamientos GP de M\u00f3naco, Monte Carlo 2012. Toro Rosso"},"content":{"rendered":"<p><img loading=\"lazy\" class=\"alignleft\" title=\"Toro Rosso\" src=\"http:\/\/img.michael-schumacher.es\/noticias-f1\/toro-rosso\/toro-rosso-1-mini.jpg\" alt=\"Toro Rosso\" width=\"202\" height=\"100\" \/>Toro Rosso ha conseguido bastante tiempo en pista para sus pilotos que salieron los primeros pero la lluvia les impidi\u00f3 probar reglajes y ajustes para carrera aunque est\u00e1n optimistas porque no han tenido problemas y hay un dia extra para trabajar de carrera a clasificaci\u00f3n y carrera.<\/p>\n<p><!--more--> <!--noteaser--><\/p>\n<p><img loading=\"lazy\" class=\"aligncenter\" title=\"Toro Rosso\" src=\"http:\/\/img.michael-schumacher.es\/noticias-f1\/toro-rosso\/toro-rosso-1.jpg\" alt=\"Toro Rosso\" width=\"605\" height=\"300\" \/><\/p>\n<p>Toro Rosso ha conseguido bastante tiempo en pista para sus pilotos que salieron los primeros pero la lluvia les impidi\u00f3 probar reglajes y ajustes para carrera aunque est\u00e1n optimistas porque no han tenido problemas y hay un dia extra para trabajar de carrera a clasificaci\u00f3n y carrera.<\/p>\n<p>&nbsp;<\/p>\n<p><strong>Jean-Eric Vergne:<\/strong> \u00abHa sido mi primera vez aqu\u00ed en un coche de F\u00f3rmula 1, y lo he disfrutado mucho. Como el a\u00f1o pasado en la World Series no tuve buena suerte, estaba un poco inquieto, sigo mirando adelante a una nueva experiencia. Creo que mi actuaci\u00f3n de hoy en comparaci\u00f3n con mi compa\u00f1ero de equipo fue muy buena, Daniel gan\u00f3 las dos \u00faltimas ediciones de la World Series en este circuito, y tambi\u00e9n tuvo algo de tiempo de entrenamiento en el coche de F1 del a\u00f1o pasado. Desde esta perspectiva, estoy muy feliz y pienso que el tiempo de vuelta no fue importante, sobre todo porque yo ten\u00eda un poco de tr\u00e1fico y termin\u00e9 mi vuelta m\u00e1s r\u00e1pida en el pit lane. Estoy relativamente satisfecho con el equilibrio del coche, que podemos afinar un poco m\u00e1s, pero a\u00fan necesito un poco m\u00e1s tiempo para adaptarme a este circuito, aunque me gustaba conducir cuando estaba mojado. Me siento preparado para las condiciones meteorol\u00f3gicas que pueden surgir durante el resto del fin de semana\u00bb.<\/p>\n<p>&nbsp;<\/p>\n<p><strong>Daniel Ricciardo:<\/strong> \u00abDebido al clima de la tarde, las cosas no salieron tan bien como lo hab\u00edamos planeado y no hemos podido probar todo lo que ten\u00edamos previsto. Me siento algo frustado sobre todo porque tenemos un d\u00eda libre. Prefiero estar conduciendo, pero probablemente sea bueno, ya que realmente se puede trabajar en lo que necesitamos para seguir adelante. Hay algunas \u00e1reas en las que debemos mejorar y estoy seguro de que si lo arreglamos nuestra actuaci\u00f3n va a cambiar por completo y esperamos tener una buena clasificaci\u00f3n el s\u00e1bado\u00bb.<\/p>\n<p>&nbsp;<\/p>\n<p><strong>Laurent Mekies, ingeniero en jefe:<\/strong> \u00abEn conjunto ha sido un d\u00eda frustrante, ya que las condiciones de la pista fueron muy variables durante la sesi\u00f3n de la tarde. Teniendo en cuenta que Daniel s\u00f3lo ha pilotado la primera sesi\u00f3n de entrenamientos libres en M\u00f3naco el a\u00f1o pasado para nosotros y Jean-Eric nunca ha conducido un F\u00f3rmula 1 aqu\u00ed, nuestro principal objetivo para el d\u00eda era darle a los dos pilotos tiempo en la pista para que se adapten. Por eso que fueron los primeros en salir por la ma\u00f1ana, ya que quer\u00edamos que consiguieran el ritmo adecuado y parte de nuestro plan tuvo \u00e9xito. Parec\u00edan disfrutar de la experiencia. Tambi\u00e9n tratamos de hacer un mont\u00f3n de vueltas esta tarde, a pesar de las condiciones clim\u00e1ticas, ya que no pod\u00edamos hacer nada para poner a punto los reglajes del coche. Aparte de eso, tuvimos un d\u00eda libre sin problemas y los pilotos no cometieron ning\u00fan error. A causa del diferente horario en este evento, tenemos todo el d\u00eda del viernes para pensar en c\u00f3mo podemos mejorar el coche para el resto del fin de semana\u00bb.<\/p>\n<div class=\"sharedaddy sd-sharing-enabled\"><div class=\"robots-nocontent sd-block sd-social sd-social-official sd-sharing\"><h3 class=\"sd-title\">Opciones Sociales:<\/h3><div class=\"sd-content\"><ul><li class=\"share-facebook\"><div class=\"fb-share-button\" data-href=\"http:\/\/www.michael-schumacher.es\/noticias-f1\/2012\/05\/26\/entrenamientos-gp-de-monaco-monte-carlo-2012-toro-rosso\/\" data-layout=\"button_count\"><\/div><\/li><li class=\"share-twitter\"><a href=\"https:\/\/twitter.com\/share\" class=\"twitter-share-button\" data-url=\"http:\/\/www.michael-schumacher.es\/noticias-f1\/2012\/05\/26\/entrenamientos-gp-de-monaco-monte-carlo-2012-toro-rosso\/\" data-text=\"Entrenamientos GP de M\u00f3naco, Monte Carlo 2012. Toro Rosso\"  >Tweet<\/a><\/li><li class=\"share-email\"><a rel=\"nofollow noopener noreferrer\" data-shared=\"\" class=\"share-email sd-button\" href=\"http:\/\/www.michael-schumacher.es\/noticias-f1\/2012\/05\/26\/entrenamientos-gp-de-monaco-monte-carlo-2012-toro-rosso\/?share=email\" target=\"_blank\" title=\"Haz clic para enviar por correo electr\u00f3nico a un amigo\"><span>Correo electr\u00f3nico<\/span><\/a><\/li><li class=\"share-end\"><\/li><\/ul><\/div><\/div><\/div>","protected":false},"excerpt":{"rendered":"<p>Toro Rosso ha conseguido bastante tiempo en pista para sus pilotos que salieron los primeros pero la lluvia les impidi\u00f3 probar reglajes y ajustes para carrera aunque est\u00e1n optimistas porque no han tenido problemas y hay un dia extra para trabajar de carrera a clasificaci\u00f3n y carrera.<\/p>\n<div class=\"sharedaddy sd-sharing-enabled\"><div class=\"robots-nocontent sd-block sd-social sd-social-official sd-sharing\"><h3 class=\"sd-title\">Opciones Sociales:<\/h3><div class=\"sd-content\"><ul><li class=\"share-facebook\"><div class=\"fb-share-button\" data-href=\"http:\/\/www.michael-schumacher.es\/noticias-f1\/2012\/05\/26\/entrenamientos-gp-de-monaco-monte-carlo-2012-toro-rosso\/\" data-layout=\"button_count\"><\/div><\/li><li class=\"share-twitter\"><a href=\"https:\/\/twitter.com\/share\" class=\"twitter-share-button\" data-url=\"http:\/\/www.michael-schumacher.es\/noticias-f1\/2012\/05\/26\/entrenamientos-gp-de-monaco-monte-carlo-2012-toro-rosso\/\" data-text=\"Entrenamientos GP de M\u00f3naco, Monte Carlo 2012. Toro Rosso\"  >Tweet<\/a><\/li><li class=\"share-email\"><a rel=\"nofollow noopener noreferrer\" data-shared=\"\" class=\"share-email sd-button\" href=\"http:\/\/www.michael-schumacher.es\/noticias-f1\/2012\/05\/26\/entrenamientos-gp-de-monaco-monte-carlo-2012-toro-rosso\/?share=email\" target=\"_blank\" title=\"Haz clic para enviar por correo electr\u00f3nico a un amigo\"><span>Correo electr\u00f3nico<\/span><\/a><\/li><li class=\"share-end\"><\/li><\/ul><\/div><\/div><\/div>","protected":false},"author":3,"featured_media":0,"comment_status":"open","ping_status":"open","sticky":false,"template":"","format":"standard","meta":{"_monsterinsights_skip_tracking":false,"_monsterinsights_sitenote_active":false,"_monsterinsights_sitenote_note":"","_monsterinsights_sitenote_category":0,"spay_email":"","jetpack_publicize_message":"","jetpack_is_tweetstorm":false,"jetpack_publicize_feature_enabled":true},"categories":[67,3],"tags":[101,131,17,15,6,99,404,405,406,102,103,100],"jetpack_featured_media_url":"","jetpack_publicize_connections":[],"jetpack_sharing_enabled":true,"jetpack_shortlink":"https:\/\/wp.me\/p27q3P-hp","_links":{"self":[{"href":"http:\/\/www.michael-schumacher.es\/noticias-f1\/wp-json\/wp\/v2\/posts\/1079"}],"collection":[{"href":"http:\/\/www.michael-schumacher.es\/noticias-f1\/wp-json\/wp\/v2\/posts"}],"about":[{"href":"http:\/\/www.michael-schumacher.es\/noticias-f1\/wp-json\/wp\/v2\/types\/post"}],"author":[{"embeddable":true,"href":"http:\/\/www.michael-schumacher.es\/noticias-f1\/wp-json\/wp\/v2\/users\/3"}],"replies":[{"embeddable":true,"href":"http:\/\/www.michael-schumacher.es\/noticias-f1\/wp-json\/wp\/v2\/comments?post=1079"}],"version-history":[{"count":0,"href":"http:\/\/www.michael-schumacher.es\/noticias-f1\/wp-json\/wp\/v2\/posts\/1079\/revisions"}],"wp:attachment":[{"href":"http:\/\/www.michael-schumacher.es\/noticias-f1\/wp-json\/wp\/v2\/media?parent=1079"}],"wp:term":[{"taxonomy":"category","embeddable":true,"href":"http:\/\/www.michael-schumacher.es\/noticias-f1\/wp-json\/wp\/v2\/categories?post=1079"},{"taxonomy":"post_tag","embeddable":true,"href":"http:\/\/www.michael-schumacher.es\/noticias-f1\/wp-json\/wp\/v2\/tags?post=1079"}],"curies":[{"name":"wp","href":"https:\/\/api.w.org\/{rel}","templated":true}]}}