{"id":10824,"date":"2013-06-21T15:43:52","date_gmt":"2013-06-21T13:43:52","guid":{"rendered":"http:\/\/www.michael-schumacher.es\/noticias-f1\/?p=10824"},"modified":"2013-06-21T15:43:52","modified_gmt":"2013-06-21T13:43:52","slug":"decision-del-tribunal-internacional-sobre-mercedes-y-pirelli","status":"publish","type":"post","link":"http:\/\/www.michael-schumacher.es\/noticias-f1\/2013\/06\/21\/decision-del-tribunal-internacional-sobre-mercedes-y-pirelli\/","title":{"rendered":"Decisi\u00f3n del Tribunal Internacional sobre Mercedes y Pirelli"},"content":{"rendered":"<p><a href=\"http:\/\/www.michael-schumacher.es\/noticias-f1\/wp-content\/uploads\/2012\/12\/FIA-LOGO-2.jpg\"><img loading=\"lazy\" class=\"alignleft\" alt=\"FIA-LOGO-2\" src=\"http:\/\/www.michael-schumacher.es\/noticias-f1\/wp-content\/uploads\/2012\/12\/FIA-LOGO-2.jpg\" width=\"200\" height=\"133\" \/><\/a>La decisi\u00f3n ha sido casi calcada a la petici\u00f3n de ayer de Mercedes, se salda \u00fanicamente con una reprimenda para Mercedes y Pirelli y la suspensi\u00f3n de participar en el test de j\u00f3venes pilotos.<\/p>\n<p><!--more--> <!--noteaser--><\/p>\n<p><a href=\"http:\/\/www.michael-schumacher.es\/noticias-f1\/wp-content\/uploads\/2012\/12\/FIA-LOGO-2.jpg\"><img loading=\"lazy\" class=\"aligncenter size-full wp-image-6613\" alt=\"FIA-LOGO-2\" src=\"http:\/\/www.michael-schumacher.es\/noticias-f1\/wp-content\/uploads\/2012\/12\/FIA-LOGO-2.jpg\" width=\"650\" height=\"433\" srcset=\"http:\/\/www.michael-schumacher.es\/noticias-f1\/wp-content\/uploads\/2012\/12\/FIA-LOGO-2.jpg 650w, http:\/\/www.michael-schumacher.es\/noticias-f1\/wp-content\/uploads\/2012\/12\/FIA-LOGO-2-300x199.jpg 300w\" sizes=\"(max-width: 650px) 100vw, 650px\" \/><\/a><\/p>\n<p>&nbsp;<\/p>\n<p>La decisi\u00f3n ha sido casi calcada a la petici\u00f3n de ayer de Mercedes, se salda \u00fanicamente con una reprimenda para Mercedes y Pirelli y la suspensi\u00f3n de participar en el test de j\u00f3venes pilotos.<\/p>\n<p>&nbsp;<\/p>\n<p>Sin duda es la sentencia m\u00e1s indulgente que cab\u00eda esperar ya que ni tan siquiera se les pone una sanci\u00f3n econ\u00f3mica, antes de hacerse p\u00fablica esta decisi\u00f3n ha sido comunicada a todas las partes y al resto de equipos de F1<\/p>\n<p>&nbsp;<\/p>\n<p>Contra esta decisi\u00f3n las partes involucradas tienen el derecho de apelaci\u00f3n, incluida\u00a0 la FIA. Ya que seg\u00fan el nuevo procedimiento introducido por Jean Todt, el Tribunal y sus miembros tiene independencia de la FIA.<\/p>\n<p>&nbsp;<\/p>\n<p>Evidentemente ni\u00a0 Mercedes ni Pirelli parece probable que apelen ya que han logrado el veredicto m\u00e1s indulgentes posible, pero habr\u00e1 que ver la reacci\u00f3n de la FIA. As\u00ed como de los equipos Red Bull y Ferrari, se decidir\u00e1n a apelar o directamente organizaran test similares ya que se saldan con una reprimenda.<\/p>\n<p>&nbsp;<\/p>\n<p>La decision del Tribunal Internacional, tal como se ha publicado en la pagina web oficial de la FIA:<\/p>\n<p>&nbsp;<\/p>\n<p><em><strong>Tribunal Internacional<\/strong><\/em><\/p>\n<p>&nbsp;<\/p>\n<p><em>La siguiente audiencia del Tribunal Internacional tuvo lugar en Par\u00eds el jueves 20 junio de 2013. Procedimiento disciplinario contra Mercedes y Pirelli (2013 FIA Formula One World Championship)<\/em><\/p>\n<p><em>VIE 21\/06\/13, 13:01<\/em><\/p>\n<p>&nbsp;<\/p>\n<p><em>Recordatorio de los hechos<\/em><\/p>\n<p>&nbsp;<\/p>\n<p><em>El 5 de junio de 2013, adem\u00e1s de las protestas presentadas durante el 2013 Gran Premio de M\u00f3naco por Red Bull Racing y Scuderia Ferrari equipo contra los autos n \u00b0 9 y 10 (Mercedes AMG Petronas F1 Team) por haber llevado a cabo con una prueba de neum\u00e1ticos Pirelli de tres d\u00edas con un coche 2013 los d\u00edas 15, 16 y 17 de mayo en Barcelona, el presidente de la FIA, en calidad de Fiscal Cuerpo FIA, envio al Presidente del Tribunal Internacional una notificaci\u00f3n de cargos en contra de Pirelli y la notificaci\u00f3n de los cargos en contra de Mercedes AMG Petronas F1 Team.<\/em><\/p>\n<p>&nbsp;<\/p>\n<p><em>El 5 de junio de 2013, Pirelli y Mercedes AMG Petronas F1 Team han sido convocadas por el Presidente del Tribunal Internacional para comparecer ante un panel de jueces del Tribunal Internacional.<\/em><\/p>\n<p>&nbsp;<\/p>\n<p><em>Decisi\u00f3n del Tribunal Internacional<\/em><\/p>\n<p>&nbsp;<\/p>\n<p><em>El Tribunal, despu\u00e9s de haber o\u00eddo a las partes y examinados sus presentaciones, decidi\u00f3 que:<\/em><\/p>\n<p style=\"padding-left: 30px;\"><em>Mercedes es reprendida;<\/em><\/p>\n<p style=\"padding-left: 30px;\"><em>Mercedes sera suspendido de participar en el pr\u00f3ximo \u00abtres d\u00edas de test de j\u00f3venes pilotos\u00bb;<\/em><\/p>\n<p style=\"padding-left: 30px;\"><em>Pirelli es reprendido.<\/em><\/p>\n<p><em>y rechaz\u00f3 todas las dem\u00e1s y m\u00e1s conclusiones.<\/em><\/p>\n<p>&nbsp;<\/p>\n<p><em>El Tribunal Internacional fue presidido por el Sr. Edwin GLASGOW QC (Reino Unido), e incluy\u00f3 el Sr. Christy HARRIS (Estados Unidos), el Sr. Patrick Raedersdorf (Suiza) y el Sr. Anthony SCOTT ANDREWS (Gran Breta\u00f1a).<\/em><\/p>\n<p>&nbsp;<\/p>\n<p><em>La decisi\u00f3n completa est\u00e1 disponible en: . (IT-2013-01)-Decisi\u00f3n (EN) pdf<\/em><\/p>\n<div class=\"sharedaddy sd-sharing-enabled\"><div class=\"robots-nocontent sd-block sd-social sd-social-official sd-sharing\"><h3 class=\"sd-title\">Opciones Sociales:<\/h3><div class=\"sd-content\"><ul><li class=\"share-facebook\"><div class=\"fb-share-button\" data-href=\"http:\/\/www.michael-schumacher.es\/noticias-f1\/2013\/06\/21\/decision-del-tribunal-internacional-sobre-mercedes-y-pirelli\/\" data-layout=\"button_count\"><\/div><\/li><li class=\"share-twitter\"><a href=\"https:\/\/twitter.com\/share\" class=\"twitter-share-button\" data-url=\"http:\/\/www.michael-schumacher.es\/noticias-f1\/2013\/06\/21\/decision-del-tribunal-internacional-sobre-mercedes-y-pirelli\/\" data-text=\"Decisi\u00f3n del Tribunal Internacional sobre Mercedes y Pirelli\"  >Tweet<\/a><\/li><li class=\"share-email\"><a rel=\"nofollow noopener noreferrer\" data-shared=\"\" class=\"share-email sd-button\" href=\"http:\/\/www.michael-schumacher.es\/noticias-f1\/2013\/06\/21\/decision-del-tribunal-internacional-sobre-mercedes-y-pirelli\/?share=email\" target=\"_blank\" title=\"Haz clic para enviar por correo electr\u00f3nico a un amigo\"><span>Correo electr\u00f3nico<\/span><\/a><\/li><li class=\"share-end\"><\/li><\/ul><\/div><\/div><\/div>","protected":false},"excerpt":{"rendered":"<p>La decisi\u00f3n ha sido casi calcada a la petici\u00f3n de ayer de Mercedes, se salda \u00fanicamente con una reprimenda para Mercedes y Pirelli y la suspensi\u00f3n de participar en el test de j\u00f3venes pilotos.<\/p>\n<div class=\"sharedaddy sd-sharing-enabled\"><div class=\"robots-nocontent sd-block sd-social sd-social-official sd-sharing\"><h3 class=\"sd-title\">Opciones Sociales:<\/h3><div class=\"sd-content\"><ul><li class=\"share-facebook\"><div class=\"fb-share-button\" data-href=\"http:\/\/www.michael-schumacher.es\/noticias-f1\/2013\/06\/21\/decision-del-tribunal-internacional-sobre-mercedes-y-pirelli\/\" data-layout=\"button_count\"><\/div><\/li><li class=\"share-twitter\"><a href=\"https:\/\/twitter.com\/share\" class=\"twitter-share-button\" data-url=\"http:\/\/www.michael-schumacher.es\/noticias-f1\/2013\/06\/21\/decision-del-tribunal-internacional-sobre-mercedes-y-pirelli\/\" data-text=\"Decisi\u00f3n del Tribunal Internacional sobre Mercedes y Pirelli\"  >Tweet<\/a><\/li><li class=\"share-email\"><a rel=\"nofollow noopener noreferrer\" data-shared=\"\" class=\"share-email sd-button\" href=\"http:\/\/www.michael-schumacher.es\/noticias-f1\/2013\/06\/21\/decision-del-tribunal-internacional-sobre-mercedes-y-pirelli\/?share=email\" target=\"_blank\" title=\"Haz clic para enviar por correo electr\u00f3nico a un amigo\"><span>Correo electr\u00f3nico<\/span><\/a><\/li><li class=\"share-end\"><\/li><\/ul><\/div><\/div><\/div>","protected":false},"author":3,"featured_media":0,"comment_status":"open","ping_status":"open","sticky":false,"template":"","format":"standard","meta":{"_monsterinsights_skip_tracking":false,"_monsterinsights_sitenote_active":false,"_monsterinsights_sitenote_note":"","_monsterinsights_sitenote_category":0,"spay_email":"","jetpack_publicize_message":"","jetpack_is_tweetstorm":false,"jetpack_publicize_feature_enabled":true},"categories":[3],"tags":[3634,315,1528,127,531,304,223,3632,3633,215,3554,3561],"jetpack_featured_media_url":"","jetpack_publicize_connections":[],"jetpack_sharing_enabled":true,"jetpack_shortlink":"https:\/\/wp.me\/p27q3P-2OA","_links":{"self":[{"href":"http:\/\/www.michael-schumacher.es\/noticias-f1\/wp-json\/wp\/v2\/posts\/10824"}],"collection":[{"href":"http:\/\/www.michael-schumacher.es\/noticias-f1\/wp-json\/wp\/v2\/posts"}],"about":[{"href":"http:\/\/www.michael-schumacher.es\/noticias-f1\/wp-json\/wp\/v2\/types\/post"}],"author":[{"embeddable":true,"href":"http:\/\/www.michael-schumacher.es\/noticias-f1\/wp-json\/wp\/v2\/users\/3"}],"replies":[{"embeddable":true,"href":"http:\/\/www.michael-schumacher.es\/noticias-f1\/wp-json\/wp\/v2\/comments?post=10824"}],"version-history":[{"count":0,"href":"http:\/\/www.michael-schumacher.es\/noticias-f1\/wp-json\/wp\/v2\/posts\/10824\/revisions"}],"wp:attachment":[{"href":"http:\/\/www.michael-schumacher.es\/noticias-f1\/wp-json\/wp\/v2\/media?parent=10824"}],"wp:term":[{"taxonomy":"category","embeddable":true,"href":"http:\/\/www.michael-schumacher.es\/noticias-f1\/wp-json\/wp\/v2\/categories?post=10824"},{"taxonomy":"post_tag","embeddable":true,"href":"http:\/\/www.michael-schumacher.es\/noticias-f1\/wp-json\/wp\/v2\/tags?post=10824"}],"curies":[{"name":"wp","href":"https:\/\/api.w.org\/{rel}","templated":true}]}}