{"id":10845,"date":"2013-06-22T01:31:34","date_gmt":"2013-06-21T23:31:34","guid":{"rendered":"http:\/\/www.michael-schumacher.es\/noticias-f1\/?p=10845"},"modified":"2013-06-22T01:31:34","modified_gmt":"2013-06-21T23:31:34","slug":"mercedes-toma-nota-y-acepta-la-decision-del-tribunal-internacional","status":"publish","type":"post","link":"http:\/\/www.michael-schumacher.es\/noticias-f1\/2013\/06\/22\/mercedes-toma-nota-y-acepta-la-decision-del-tribunal-internacional\/","title":{"rendered":"Mercedes toma nota y acepta la decisi\u00f3n del Tribunal Internacional"},"content":{"rendered":"<p><a href=\"http:\/\/www.michael-schumacher.es\/noticias-f1\/wp-content\/uploads\/2013\/02\/lewis_hamilton_mercedes-montmelo-lluvia-4-dia-test.jpg\"><img loading=\"lazy\" class=\"alignleft\" alt=\"Lewis Hamilton, Mercedes Montmel\u00f3 2013 - 4 dia 1 Test Barcelona\" src=\"http:\/\/www.michael-schumacher.es\/noticias-f1\/wp-content\/uploads\/2013\/02\/lewis_hamilton_mercedes-montmelo-lluvia-4-dia-test.jpg\" width=\"201\" height=\"111\" \/><\/a>Obviamente Mercedes ha decidido aceptar la decisi\u00f3n del Tribunal Internacional de la FIA y no presenta apelaci\u00f3n contra dicha decisi\u00f3n que conlleva una reprimenda y la prohibici\u00f3n de participar en los Test de j\u00f3venes pilotos que tendr\u00e1 lugar en el pr\u00f3ximo mes de julio en Silverstone.<\/p>\n<p><!--more--> <!--noteaser--><\/p>\n<p><a href=\"http:\/\/www.michael-schumacher.es\/noticias-f1\/wp-content\/uploads\/2013\/02\/lewis_hamilton_mercedes-montmelo-lluvia-4-dia-test.jpg\"><img loading=\"lazy\" class=\"aligncenter size-full wp-image-8032\" alt=\"Lewis Hamilton, Mercedes Montmel\u00f3 2013 - 4 dia 1 Test Barcelona\" src=\"http:\/\/www.michael-schumacher.es\/noticias-f1\/wp-content\/uploads\/2013\/02\/lewis_hamilton_mercedes-montmelo-lluvia-4-dia-test.jpg\" width=\"660\" height=\"366\" srcset=\"http:\/\/www.michael-schumacher.es\/noticias-f1\/wp-content\/uploads\/2013\/02\/lewis_hamilton_mercedes-montmelo-lluvia-4-dia-test.jpg 660w, http:\/\/www.michael-schumacher.es\/noticias-f1\/wp-content\/uploads\/2013\/02\/lewis_hamilton_mercedes-montmelo-lluvia-4-dia-test-300x166.jpg 300w\" sizes=\"(max-width: 660px) 100vw, 660px\" \/><\/a><\/p>\n<p>&nbsp;<\/p>\n<p>Obviamente Mercedes ha decidido aceptar la decisi\u00f3n del Tribunal Internacional de la FIA y no presenta apelaci\u00f3n contra dicha decisi\u00f3n que conlleva una reprimenda y la prohibici\u00f3n de participar en los Test de j\u00f3venes pilotos que tendr\u00e1 lugar en el pr\u00f3ximo mes de julio en Silverstone.<\/p>\n<p>&nbsp;<\/p>\n<p>El equipo Mercedes a trav\u00e9s de un comunicado confirma que aceptan la sentencia y no van a apelar:<strong> \u201cHemos tomado nota y aceptar la decisi\u00f3n del Tribunal de la FIA ha publicado hoy. Esta decisi\u00f3n confirma que hemos actuado de buena fe y que no quer\u00edamos conseguir ninguna ventaja atl\u00e9tica injusta. Tambi\u00e9n confirma que no ten\u00eda ninguna raz\u00f3n para creer que no se hab\u00eda dado el visto bueno para la prueba con Pirelli. Mercedes acepta las sanciones dictadas por el tribunal, es decir, una reprimenda y la imposibilidad de hacer la siguiente prueba para los j\u00f3venes. Queremos reafirmar nuestra creencia en el proceso disciplinario y el organismo independiente establecido por la FIA.\u00bb<\/strong><\/p>\n<p>&nbsp;<\/p>\n<p><strong>\u00abEl equipo tambi\u00e9n quiere dar las gracias a la nueva corte y su presidente por escucharnos ayer. En el mejor inter\u00e9s del deporte, el equipo lo tanto, no vamos a apelar la decisi\u00f3n. Esperamos con inter\u00e9s trabajar con la FIA y otros equipos para desarrollar procedimientos m\u00e1s rigurosos para las pruebas en el futuro, en particular para apoyar al fabricante de neum\u00e1ticos (Pirelli)\u201d.<\/strong><\/p>\n<p>&nbsp;<\/p>\n<p>En resumen, Mercedes cierra as\u00ed este triste capitulo para ellos, con la creencia que han demostrado su buena fe y que, aunque la hayan podido conseguir, no quer\u00edan conseguir ninguna ventaja y en inter\u00e9s del deporte no presentaran apelaci\u00f3n contra las sanciones impuestas, (ya que dif\u00edcilmente podr\u00edan conseguir una sentencia m\u00e1s indulgente), las que aceptan de buen grado y quieren trabajar con la FIA y los dem\u00e1s equipos para ser m\u00e1s rigurosos con los test, eso s\u00ed, en el futuro\u2026<\/p>\n<p>&nbsp;<\/p>\n<p>Ahora Mercedes se concentra en las pr\u00f3ximas carreras:<strong> \u00abAhora queremos cerrar el caso y centrarnos en nuestras dos pr\u00f3ximas carreras, que estar\u00e1n en casa en Inglaterra y Alemania.\u00bb<\/strong><\/p>\n<p>&nbsp;<\/p>\n<div class=\"sharedaddy sd-sharing-enabled\"><div class=\"robots-nocontent sd-block sd-social sd-social-official sd-sharing\"><h3 class=\"sd-title\">Opciones Sociales:<\/h3><div class=\"sd-content\"><ul><li class=\"share-facebook\"><div class=\"fb-share-button\" data-href=\"http:\/\/www.michael-schumacher.es\/noticias-f1\/2013\/06\/22\/mercedes-toma-nota-y-acepta-la-decision-del-tribunal-internacional\/\" data-layout=\"button_count\"><\/div><\/li><li class=\"share-twitter\"><a href=\"https:\/\/twitter.com\/share\" class=\"twitter-share-button\" data-url=\"http:\/\/www.michael-schumacher.es\/noticias-f1\/2013\/06\/22\/mercedes-toma-nota-y-acepta-la-decision-del-tribunal-internacional\/\" data-text=\"Mercedes toma nota y acepta la decisi\u00f3n del Tribunal Internacional\"  >Tweet<\/a><\/li><li class=\"share-email\"><a rel=\"nofollow noopener noreferrer\" data-shared=\"\" class=\"share-email sd-button\" href=\"http:\/\/www.michael-schumacher.es\/noticias-f1\/2013\/06\/22\/mercedes-toma-nota-y-acepta-la-decision-del-tribunal-internacional\/?share=email\" target=\"_blank\" title=\"Haz clic para enviar por correo electr\u00f3nico a un amigo\"><span>Correo electr\u00f3nico<\/span><\/a><\/li><li class=\"share-end\"><\/li><\/ul><\/div><\/div><\/div>","protected":false},"excerpt":{"rendered":"<p>Obviamente Mercedes ha decidido aceptar la decisi\u00f3n del Tribunal Internacional de la FIA y no presenta apelaci\u00f3n contra dicha decisi\u00f3n que conlleva una reprimenda y la prohibici\u00f3n de participar en los Test de j\u00f3venes pilotos que tendr\u00e1 lugar en el pr\u00f3ximo mes de julio en Silverstone.<\/p>\n<div class=\"sharedaddy sd-sharing-enabled\"><div class=\"robots-nocontent sd-block sd-social sd-social-official sd-sharing\"><h3 class=\"sd-title\">Opciones Sociales:<\/h3><div class=\"sd-content\"><ul><li class=\"share-facebook\"><div class=\"fb-share-button\" data-href=\"http:\/\/www.michael-schumacher.es\/noticias-f1\/2013\/06\/22\/mercedes-toma-nota-y-acepta-la-decision-del-tribunal-internacional\/\" data-layout=\"button_count\"><\/div><\/li><li class=\"share-twitter\"><a href=\"https:\/\/twitter.com\/share\" class=\"twitter-share-button\" data-url=\"http:\/\/www.michael-schumacher.es\/noticias-f1\/2013\/06\/22\/mercedes-toma-nota-y-acepta-la-decision-del-tribunal-internacional\/\" data-text=\"Mercedes toma nota y acepta la decisi\u00f3n del Tribunal Internacional\"  >Tweet<\/a><\/li><li class=\"share-email\"><a rel=\"nofollow noopener noreferrer\" data-shared=\"\" class=\"share-email sd-button\" href=\"http:\/\/www.michael-schumacher.es\/noticias-f1\/2013\/06\/22\/mercedes-toma-nota-y-acepta-la-decision-del-tribunal-internacional\/?share=email\" target=\"_blank\" title=\"Haz clic para enviar por correo electr\u00f3nico a un amigo\"><span>Correo electr\u00f3nico<\/span><\/a><\/li><li class=\"share-end\"><\/li><\/ul><\/div><\/div><\/div>","protected":false},"author":3,"featured_media":0,"comment_status":"open","ping_status":"open","sticky":false,"template":"","format":"standard","meta":{"_monsterinsights_skip_tracking":false,"_monsterinsights_sitenote_active":false,"_monsterinsights_sitenote_note":"","_monsterinsights_sitenote_category":0,"spay_email":"","jetpack_publicize_message":"","jetpack_is_tweetstorm":false,"jetpack_publicize_feature_enabled":true},"categories":[3],"tags":[3646,315,1528,127,304,3648,223,3632,215,3645,3647],"jetpack_featured_media_url":"","jetpack_publicize_connections":[],"jetpack_sharing_enabled":true,"jetpack_shortlink":"https:\/\/wp.me\/p27q3P-2OV","_links":{"self":[{"href":"http:\/\/www.michael-schumacher.es\/noticias-f1\/wp-json\/wp\/v2\/posts\/10845"}],"collection":[{"href":"http:\/\/www.michael-schumacher.es\/noticias-f1\/wp-json\/wp\/v2\/posts"}],"about":[{"href":"http:\/\/www.michael-schumacher.es\/noticias-f1\/wp-json\/wp\/v2\/types\/post"}],"author":[{"embeddable":true,"href":"http:\/\/www.michael-schumacher.es\/noticias-f1\/wp-json\/wp\/v2\/users\/3"}],"replies":[{"embeddable":true,"href":"http:\/\/www.michael-schumacher.es\/noticias-f1\/wp-json\/wp\/v2\/comments?post=10845"}],"version-history":[{"count":0,"href":"http:\/\/www.michael-schumacher.es\/noticias-f1\/wp-json\/wp\/v2\/posts\/10845\/revisions"}],"wp:attachment":[{"href":"http:\/\/www.michael-schumacher.es\/noticias-f1\/wp-json\/wp\/v2\/media?parent=10845"}],"wp:term":[{"taxonomy":"category","embeddable":true,"href":"http:\/\/www.michael-schumacher.es\/noticias-f1\/wp-json\/wp\/v2\/categories?post=10845"},{"taxonomy":"post_tag","embeddable":true,"href":"http:\/\/www.michael-schumacher.es\/noticias-f1\/wp-json\/wp\/v2\/tags?post=10845"}],"curies":[{"name":"wp","href":"https:\/\/api.w.org\/{rel}","templated":true}]}}