{"id":10976,"date":"2013-06-29T01:30:49","date_gmt":"2013-06-28T23:30:49","guid":{"rendered":"http:\/\/www.michael-schumacher.es\/noticias-f1\/?p=10976"},"modified":"2013-06-29T01:30:49","modified_gmt":"2013-06-28T23:30:49","slug":"entrenamientos-gp-de-gran-bretana-silverstone-2013-sauber","status":"publish","type":"post","link":"http:\/\/www.michael-schumacher.es\/noticias-f1\/2013\/06\/29\/entrenamientos-gp-de-gran-bretana-silverstone-2013-sauber\/","title":{"rendered":"Entrenamientos GP de Gran Breta\u00f1a, Silverstone 2013. Sauber"},"content":{"rendered":"<p><a href=\"http:\/\/www.michael-schumacher.es\/noticias-f1\/wp-content\/uploads\/2013\/03\/nico_hulkenberg_test-bcn-2013_david-sarro.jpg\"><img loading=\"lazy\" class=\"alignleft\" alt=\"Nico Hulkenberg - Test Bcn 2013 - David Sarr\u00f3\" src=\"http:\/\/www.michael-schumacher.es\/noticias-f1\/wp-content\/uploads\/2013\/03\/nico_hulkenberg_test-bcn-2013_david-sarro.jpg\" width=\"200\" height=\"133\" \/><\/a>El equipo Sauber se ha visto perjudicado por la lluvia como la mayor\u00eda de los equipos, en especial en la primera sesi\u00f3n que no ten\u00eda sentido conducir con lluvia. En la segunda sesi\u00f3n las condiciones eran mejores, aunque no perfectas, pero los dos pilotos del equipo pudieron hacer una buena parte del programa previsto. Y consideran que todav\u00eda hay margen de mejora, en especial en las tandas largas, para estar bien preparados para la carrera.<\/p>\n<p><!--more--> <!--noteaser--><\/p>\n<p><a href=\"http:\/\/www.michael-schumacher.es\/noticias-f1\/wp-content\/uploads\/2013\/03\/nico_hulkenberg_test-bcn-2013_david-sarro.jpg\"><img loading=\"lazy\" class=\"aligncenter size-full wp-image-8249\" alt=\"Nico Hulkenberg - Test Bcn 2013 - David Sarr\u00f3\" src=\"http:\/\/www.michael-schumacher.es\/noticias-f1\/wp-content\/uploads\/2013\/03\/nico_hulkenberg_test-bcn-2013_david-sarro.jpg\" width=\"650\" height=\"433\" srcset=\"http:\/\/www.michael-schumacher.es\/noticias-f1\/wp-content\/uploads\/2013\/03\/nico_hulkenberg_test-bcn-2013_david-sarro.jpg 650w, http:\/\/www.michael-schumacher.es\/noticias-f1\/wp-content\/uploads\/2013\/03\/nico_hulkenberg_test-bcn-2013_david-sarro-300x199.jpg 300w\" sizes=\"(max-width: 650px) 100vw, 650px\" \/><\/a><\/p>\n<p>&nbsp;<\/p>\n<p>&nbsp;<\/p>\n<p>El equipo Sauber se ha visto perjudicado por la lluvia como la mayor\u00eda de los equipos, en especial en la primera sesi\u00f3n que no ten\u00eda sentido conducir con lluvia. En la segunda sesi\u00f3n las condiciones eran mejores, aunque no perfectas, pero los dos pilotos del equipo pudieron hacer una buena parte del programa previsto. Y consideran que todav\u00eda hay margen de mejora, en especial en las tandas largas, para estar bien preparados para la carrera.<\/p>\n<p>&nbsp;<\/p>\n<p>&nbsp;<\/p>\n<p>Nico Hulkenberg ha finalizado la primera sesi\u00f3n en segunda posici\u00f3n, en la segunda sesi\u00f3n en la que ha finalizado en posici\u00f3n 12\u00ba, pudo trabajar con el programa previsto, y han aprendido bastante sobre los neum\u00e1ticos, tambi\u00e9n pudo conducir algunas vueltas con los neum\u00e1ticos prototipo que Pirelli ha puesto a disposici\u00f3n de los equipos, y aunque todav\u00eda tienen trabajo por hacer, conf\u00eda en poder mejora para ma\u00f1ana. Esteban Guti\u00e9rrez ha finalizado la primera sesi\u00f3n en posici\u00f3n quinta y la segunda sesi\u00f3n en la que pudo probar con los tres compuestos de neum\u00e1ticos y carga alta de combustible fue buena y termino la sesi\u00f3n en posici\u00f3n 15\u00ba<\/p>\n<p>&nbsp;<\/p>\n<p><strong>Nico Hulkenberg:<\/strong><em> \u00abEsta ma\u00f1ana no pudimos aprender mucho, sobre todo porque ma\u00f1ana ser\u00e1 en seco, pero nunca es seguro, sin embargo esta fue la misma situaci\u00f3n para todos los equipos. La segunda sesi\u00f3n de entrenamientos libres de esta tarde fue buena fuimos capaces de cambiar a neum\u00e1ticos de seco muy r\u00e1pido. Por supuesto, el programa es un poco diferente sin tener una buena FP1 y eso puede ser problem\u00e1tico a veces, pero yo creo que tenemos que lo gestionamos bien, para trabajar a trav\u00e9s del programa bastante bien. Nosotros hemos aprendido mucho sobre los neum\u00e1ticos y tuvimos una consistente tanda larga, la configuraci\u00f3n del coche todav\u00eda puede ser optimizado, pero es normal despu\u00e9s de haber perdido mucho tiempo esta ma\u00f1ana\u201d.<\/em><\/p>\n<p>&nbsp;<\/p>\n<p><strong>\u00a0Esteban Guti\u00e9rrez:<\/strong> <em>\u00abEl tiempo era un poco frustrante por la ma\u00f1ana. Era demasiado h\u00famedo y tuvimos que esperar mucho tiempo para salir. Ma\u00f1ana va a ser en seco, por lo que no habr\u00eda tenido mucho sentido conducir en mojado. Afortunadamente los segundos entrenamientos libres fueron en seco, y hemos sido capaces de conducir algunas buenas vueltas con los tres compuestos de neum\u00e1ticos, as\u00ed como la carga de combustible de alta, lo que era bueno. Manejamos vueltas consistentes y ahora tenemos que evaluar dos configuraciones diferentes que tenemos en los coches. Parece que la configuraci\u00f3n de Nico es un poco mejor con la carga aerodin\u00e1mica, especialmente en las curvas r\u00e1pidas. Ahora tenemos que analizar los datos y luego decidir para la calificaci\u00f3n de ma\u00f1ana.\u00bb<\/em><\/p>\n<p>&nbsp;<\/p>\n<p><strong>\u00a0Tom McCullough, ingeniero jefe de la pista:<\/strong> <em>\u00abLa lluvia era demasiado fuerte en la ma\u00f1ana, as\u00ed que no ten\u00eda mucho sentido conducir mucho, y tambi\u00e9n tenemos bastante experiencia corriendo en mojado durante este a\u00f1o. Por la tarde la pista estaba cada vez en mejores condiciones, no era la situaci\u00f3n ideal para comparar configuraciones. Sin embargo, hemos sido capaces de trabajar a trav\u00e9s de una buena parte del programa. Nico estaba muy contento con sus intentos con neum\u00e1ticos nuevos medios, pero todav\u00eda tenemos algo de trabajo que hacer, para mejorar el ritmo de las tandas largas,\u00a0 si queremos tener una buena carrera el domingo.\u00bb<\/em><\/p>\n<p>&nbsp;<\/p>\n<p><strong>Imagen:<\/strong> David Sarr\u00f3<\/p>\n<div class=\"sharedaddy sd-sharing-enabled\"><div class=\"robots-nocontent sd-block sd-social sd-social-official sd-sharing\"><h3 class=\"sd-title\">Opciones Sociales:<\/h3><div class=\"sd-content\"><ul><li class=\"share-facebook\"><div class=\"fb-share-button\" data-href=\"http:\/\/www.michael-schumacher.es\/noticias-f1\/2013\/06\/29\/entrenamientos-gp-de-gran-bretana-silverstone-2013-sauber\/\" data-layout=\"button_count\"><\/div><\/li><li class=\"share-twitter\"><a href=\"https:\/\/twitter.com\/share\" class=\"twitter-share-button\" data-url=\"http:\/\/www.michael-schumacher.es\/noticias-f1\/2013\/06\/29\/entrenamientos-gp-de-gran-bretana-silverstone-2013-sauber\/\" data-text=\"Entrenamientos GP de Gran Breta\u00f1a, Silverstone 2013. Sauber\"  >Tweet<\/a><\/li><li class=\"share-email\"><a rel=\"nofollow noopener noreferrer\" data-shared=\"\" class=\"share-email sd-button\" href=\"http:\/\/www.michael-schumacher.es\/noticias-f1\/2013\/06\/29\/entrenamientos-gp-de-gran-bretana-silverstone-2013-sauber\/?share=email\" target=\"_blank\" title=\"Haz clic para enviar por correo electr\u00f3nico a un amigo\"><span>Correo electr\u00f3nico<\/span><\/a><\/li><li class=\"share-end\"><\/li><\/ul><\/div><\/div><\/div>","protected":false},"excerpt":{"rendered":"<p>El equipo Sauber se ha visto perjudicado por la lluvia como la mayor\u00eda de los equipos, en especial en la primera sesi\u00f3n que no ten\u00eda sentido conducir con lluvia. En la segunda sesi\u00f3n las condiciones eran mejores, aunque no perfectas, pero los dos pilotos del equipo pudieron hacer una buena parte del programa previsto. Y [&hellip;]<\/p>\n<div class=\"sharedaddy sd-sharing-enabled\"><div class=\"robots-nocontent sd-block sd-social sd-social-official sd-sharing\"><h3 class=\"sd-title\">Opciones Sociales:<\/h3><div class=\"sd-content\"><ul><li class=\"share-facebook\"><div class=\"fb-share-button\" data-href=\"http:\/\/www.michael-schumacher.es\/noticias-f1\/2013\/06\/29\/entrenamientos-gp-de-gran-bretana-silverstone-2013-sauber\/\" data-layout=\"button_count\"><\/div><\/li><li class=\"share-twitter\"><a href=\"https:\/\/twitter.com\/share\" class=\"twitter-share-button\" data-url=\"http:\/\/www.michael-schumacher.es\/noticias-f1\/2013\/06\/29\/entrenamientos-gp-de-gran-bretana-silverstone-2013-sauber\/\" data-text=\"Entrenamientos GP de Gran Breta\u00f1a, Silverstone 2013. Sauber\"  >Tweet<\/a><\/li><li class=\"share-email\"><a rel=\"nofollow noopener noreferrer\" data-shared=\"\" class=\"share-email sd-button\" href=\"http:\/\/www.michael-schumacher.es\/noticias-f1\/2013\/06\/29\/entrenamientos-gp-de-gran-bretana-silverstone-2013-sauber\/?share=email\" target=\"_blank\" title=\"Haz clic para enviar por correo electr\u00f3nico a un amigo\"><span>Correo electr\u00f3nico<\/span><\/a><\/li><li class=\"share-end\"><\/li><\/ul><\/div><\/div><\/div>","protected":false},"author":3,"featured_media":0,"comment_status":"open","ping_status":"open","sticky":false,"template":"","format":"standard","meta":{"_monsterinsights_skip_tracking":false,"_monsterinsights_sitenote_active":false,"_monsterinsights_sitenote_note":"","_monsterinsights_sitenote_category":0,"spay_email":"","jetpack_publicize_message":"","jetpack_is_tweetstorm":false,"jetpack_publicize_feature_enabled":true},"categories":[67,3],"tags":[373,131,393,1751,17,15,6,3587,8,2059,112,379,111,1245,86,338,3018],"jetpack_featured_media_url":"","jetpack_publicize_connections":[],"jetpack_sharing_enabled":true,"jetpack_shortlink":"https:\/\/wp.me\/p27q3P-2R2","_links":{"self":[{"href":"http:\/\/www.michael-schumacher.es\/noticias-f1\/wp-json\/wp\/v2\/posts\/10976"}],"collection":[{"href":"http:\/\/www.michael-schumacher.es\/noticias-f1\/wp-json\/wp\/v2\/posts"}],"about":[{"href":"http:\/\/www.michael-schumacher.es\/noticias-f1\/wp-json\/wp\/v2\/types\/post"}],"author":[{"embeddable":true,"href":"http:\/\/www.michael-schumacher.es\/noticias-f1\/wp-json\/wp\/v2\/users\/3"}],"replies":[{"embeddable":true,"href":"http:\/\/www.michael-schumacher.es\/noticias-f1\/wp-json\/wp\/v2\/comments?post=10976"}],"version-history":[{"count":0,"href":"http:\/\/www.michael-schumacher.es\/noticias-f1\/wp-json\/wp\/v2\/posts\/10976\/revisions"}],"wp:attachment":[{"href":"http:\/\/www.michael-schumacher.es\/noticias-f1\/wp-json\/wp\/v2\/media?parent=10976"}],"wp:term":[{"taxonomy":"category","embeddable":true,"href":"http:\/\/www.michael-schumacher.es\/noticias-f1\/wp-json\/wp\/v2\/categories?post=10976"},{"taxonomy":"post_tag","embeddable":true,"href":"http:\/\/www.michael-schumacher.es\/noticias-f1\/wp-json\/wp\/v2\/tags?post=10976"}],"curies":[{"name":"wp","href":"https:\/\/api.w.org\/{rel}","templated":true}]}}