{"id":10994,"date":"2013-06-29T03:54:45","date_gmt":"2013-06-29T01:54:45","guid":{"rendered":"http:\/\/www.michael-schumacher.es\/noticias-f1\/?p=10994"},"modified":"2013-06-29T03:54:45","modified_gmt":"2013-06-29T01:54:45","slug":"entrenamientos-gp-de-gran-bretana-silverstone-2013-mclaren","status":"publish","type":"post","link":"http:\/\/www.michael-schumacher.es\/noticias-f1\/2013\/06\/29\/entrenamientos-gp-de-gran-bretana-silverstone-2013-mclaren\/","title":{"rendered":"Entrenamientos GP de Gran Breta\u00f1a, Silverstone 2013. McLaren"},"content":{"rendered":"<p><a href=\"http:\/\/www.michael-schumacher.es\/noticias-f1\/wp-content\/uploads\/2013\/03\/jenson_button_test-bcn-2013_david-sarro.jpg\"><img loading=\"lazy\" class=\"alignleft\" alt=\"Jenson Button - Test  BCN 2013 - David sarro\" src=\"http:\/\/www.michael-schumacher.es\/noticias-f1\/wp-content\/uploads\/2013\/03\/jenson_button_test-bcn-2013_david-sarro.jpg\" width=\"200\" height=\"133\" \/><\/a>El equipo McLaren como el resto de equipo ha perdido mucho tiempo de trabajo en la ma\u00f1ana por las condiciones de lluvia y aunque han conseguido rodar mucho durante la segunda sesi\u00f3n es frustrante no tener el d\u00eda completo de trabajo ya que ten\u00edan un amplio programa preparado, en cualquier caso seguir\u00e1n trabajando y esperan que las condiciones de seco de los pr\u00f3ximos dos d\u00edas les ayude a mejorar.<\/p>\n<p><!--more--> <!--noteaser--><\/p>\n<p><a href=\"http:\/\/www.michael-schumacher.es\/noticias-f1\/wp-content\/uploads\/2013\/03\/jenson_button_test-bcn-2013_david-sarro.jpg\"><img loading=\"lazy\" class=\"aligncenter size-full wp-image-8191\" alt=\"Jenson Button - Test  BCN 2013 - David sarro\" src=\"http:\/\/www.michael-schumacher.es\/noticias-f1\/wp-content\/uploads\/2013\/03\/jenson_button_test-bcn-2013_david-sarro.jpg\" width=\"650\" height=\"433\" srcset=\"http:\/\/www.michael-schumacher.es\/noticias-f1\/wp-content\/uploads\/2013\/03\/jenson_button_test-bcn-2013_david-sarro.jpg 650w, http:\/\/www.michael-schumacher.es\/noticias-f1\/wp-content\/uploads\/2013\/03\/jenson_button_test-bcn-2013_david-sarro-300x199.jpg 300w\" sizes=\"(max-width: 650px) 100vw, 650px\" \/><\/a><\/p>\n<p>&nbsp;<\/p>\n<p>El equipo McLaren como el resto de equipo ha perdido mucho tiempo de trabajo en la ma\u00f1ana por las condiciones de lluvia y aunque han conseguido rodar mucho durante la segunda sesi\u00f3n es frustrante no tener el d\u00eda completo de trabajo ya que ten\u00edan un amplio programa preparado, en cualquier caso seguir\u00e1n trabajando y esperan que las condiciones de seco de los pr\u00f3ximos dos d\u00edas les ayude a mejorar.<\/p>\n<p>&nbsp;<\/p>\n<p>Jenson Button, considera que han rodado bastante esta tarde y han realizado la mayor parte del programa previsto, y que el coche es mejor que en Canad\u00e1, aunque todav\u00eda est\u00e1n lejos de los lideres, Jenson acab\u00f3 la segunda sesi\u00f3n en posici\u00f3n 11\u00ba. Sergio P\u00e9rez que termin\u00f3 la sesi\u00f3n en posici\u00f3n 14\u00ba, tambi\u00e9n cree que han realizado mucho trabajo en la sesi\u00f3n de tarde,\u00a0 aunque piensa que est\u00e1n en una posici\u00f3n similar a la de Canad\u00e1, pero que todav\u00eda pueden mejorar este fin de semana.<\/p>\n<p>&nbsp;<\/p>\n<p><strong>Jenson Button:<\/strong> <em>\u00abA pesar de sesi\u00f3n de lluvia de esta ma\u00f1ana, creo que logramos rodar bastante esta tarde, y nos las arreglamos para conseguir realizar la mayor parte de nuestro programa &#8211; incluyendo probar los neum\u00e1ticos experimentales de Pirelli. El coche no se siente muy mal y el equilibrio es razonable, es mejor de lo que era en Canad\u00e1,\u00a0 pero estamos a\u00fan muy lejos del l\u00edder. Sin embargo, los ingenieros tienen muchos datos para analizar, por lo que ser\u00e1n capaces de saber si las nuevas piezas se han hecho las mejoras que se hab\u00edan previsto.\u00bb<\/em><\/p>\n<p>&nbsp;<\/p>\n<p><strong>Sergio P\u00e9rez:<\/strong> <em>\u00abLa segunda sesi\u00f3n fue bastante productiva, nos las arreglamos para hacer un mont\u00f3n de trabajo y realizar todo lo que ten\u00edamos preparado, as\u00ed que no fue un desperdicio de un d\u00eda. Sin embargo, creo que estamos en una posici\u00f3n similar a la de la \u00faltima carrera, y a\u00fan bastante lejos del frente. Hemos trabajado para mejorar la calidad de las tandas\u00a0 y creo que hemos dado un paso adelante en esa \u00e1rea. Sin embargo, no todo lo que probamos hoy funcionaba correctamente, as\u00ed que todav\u00eda creo que podemos aspirar a mejorar este fin de semana.\u00bb<\/em><\/p>\n<p>&nbsp;<\/p>\n<p><strong>Martin Whitmarsh &#8211; El director del equipo, Vodafone McLaren Mercedes:<\/strong> <em>\u00abParece\u00a0 que estamos siendo afectados por un n\u00famero inusualmente alto de sesiones libres de los viernes lluviosas este a\u00f1o. Si bien es el mismo para todo el mundo, puede ser frustrante cuando usted est\u00e1 tratando de ejecutar a trav\u00e9s de un programa\u00a0 grande e intensivo de pruebas. Aunque hemos sido capaces de conseguir un buen mont\u00f3n de kilometraje en nuestro haber, todav\u00eda hay mucho trabajo por hacer. Ha sido un d\u00eda dif\u00edcil, pero con el pron\u00f3stico del tiempo m\u00e1s seco durante los pr\u00f3ximos dos d\u00edas, tenemos la esperanza de avanzar\u201d.<\/em><\/p>\n<p>&nbsp;<\/p>\n<p><strong>Imagen:<\/strong> David Sarr\u00f3<\/p>\n<div class=\"sharedaddy sd-sharing-enabled\"><div class=\"robots-nocontent sd-block sd-social sd-social-official sd-sharing\"><h3 class=\"sd-title\">Opciones Sociales:<\/h3><div class=\"sd-content\"><ul><li class=\"share-facebook\"><div class=\"fb-share-button\" data-href=\"http:\/\/www.michael-schumacher.es\/noticias-f1\/2013\/06\/29\/entrenamientos-gp-de-gran-bretana-silverstone-2013-mclaren\/\" data-layout=\"button_count\"><\/div><\/li><li class=\"share-twitter\"><a href=\"https:\/\/twitter.com\/share\" class=\"twitter-share-button\" data-url=\"http:\/\/www.michael-schumacher.es\/noticias-f1\/2013\/06\/29\/entrenamientos-gp-de-gran-bretana-silverstone-2013-mclaren\/\" data-text=\"Entrenamientos GP de Gran Breta\u00f1a, Silverstone 2013. McLaren\"  >Tweet<\/a><\/li><li class=\"share-email\"><a rel=\"nofollow noopener noreferrer\" data-shared=\"\" class=\"share-email sd-button\" href=\"http:\/\/www.michael-schumacher.es\/noticias-f1\/2013\/06\/29\/entrenamientos-gp-de-gran-bretana-silverstone-2013-mclaren\/?share=email\" target=\"_blank\" title=\"Haz clic para enviar por correo electr\u00f3nico a un amigo\"><span>Correo electr\u00f3nico<\/span><\/a><\/li><li class=\"share-end\"><\/li><\/ul><\/div><\/div><\/div>","protected":false},"excerpt":{"rendered":"<p>El equipo McLaren como el resto de equipo ha perdido mucho tiempo de trabajo en la ma\u00f1ana por las condiciones de lluvia y aunque han conseguido rodar mucho durante la segunda sesi\u00f3n es frustrante no tener el d\u00eda completo de trabajo ya que ten\u00edan un amplio programa preparado, en cualquier caso seguir\u00e1n trabajando y esperan [&hellip;]<\/p>\n<div class=\"sharedaddy sd-sharing-enabled\"><div class=\"robots-nocontent sd-block sd-social sd-social-official sd-sharing\"><h3 class=\"sd-title\">Opciones Sociales:<\/h3><div class=\"sd-content\"><ul><li class=\"share-facebook\"><div class=\"fb-share-button\" data-href=\"http:\/\/www.michael-schumacher.es\/noticias-f1\/2013\/06\/29\/entrenamientos-gp-de-gran-bretana-silverstone-2013-mclaren\/\" data-layout=\"button_count\"><\/div><\/li><li class=\"share-twitter\"><a href=\"https:\/\/twitter.com\/share\" class=\"twitter-share-button\" data-url=\"http:\/\/www.michael-schumacher.es\/noticias-f1\/2013\/06\/29\/entrenamientos-gp-de-gran-bretana-silverstone-2013-mclaren\/\" data-text=\"Entrenamientos GP de Gran Breta\u00f1a, Silverstone 2013. McLaren\"  >Tweet<\/a><\/li><li class=\"share-email\"><a rel=\"nofollow noopener noreferrer\" data-shared=\"\" class=\"share-email sd-button\" href=\"http:\/\/www.michael-schumacher.es\/noticias-f1\/2013\/06\/29\/entrenamientos-gp-de-gran-bretana-silverstone-2013-mclaren\/?share=email\" target=\"_blank\" title=\"Haz clic para enviar por correo electr\u00f3nico a un amigo\"><span>Correo electr\u00f3nico<\/span><\/a><\/li><li class=\"share-end\"><\/li><\/ul><\/div><\/div><\/div>","protected":false},"author":3,"featured_media":0,"comment_status":"open","ping_status":"open","sticky":false,"template":"","format":"standard","meta":{"_monsterinsights_skip_tracking":false,"_monsterinsights_sitenote_active":false,"_monsterinsights_sitenote_note":"","_monsterinsights_sitenote_category":0,"spay_email":"","jetpack_publicize_message":"","jetpack_is_tweetstorm":false,"jetpack_publicize_feature_enabled":true},"categories":[67,3],"tags":[373,13,131,393,17,15,6,3587,8,12,379,115,138,90,1245,89,338],"jetpack_featured_media_url":"","jetpack_publicize_connections":[],"jetpack_sharing_enabled":true,"jetpack_shortlink":"https:\/\/wp.me\/p27q3P-2Rk","_links":{"self":[{"href":"http:\/\/www.michael-schumacher.es\/noticias-f1\/wp-json\/wp\/v2\/posts\/10994"}],"collection":[{"href":"http:\/\/www.michael-schumacher.es\/noticias-f1\/wp-json\/wp\/v2\/posts"}],"about":[{"href":"http:\/\/www.michael-schumacher.es\/noticias-f1\/wp-json\/wp\/v2\/types\/post"}],"author":[{"embeddable":true,"href":"http:\/\/www.michael-schumacher.es\/noticias-f1\/wp-json\/wp\/v2\/users\/3"}],"replies":[{"embeddable":true,"href":"http:\/\/www.michael-schumacher.es\/noticias-f1\/wp-json\/wp\/v2\/comments?post=10994"}],"version-history":[{"count":0,"href":"http:\/\/www.michael-schumacher.es\/noticias-f1\/wp-json\/wp\/v2\/posts\/10994\/revisions"}],"wp:attachment":[{"href":"http:\/\/www.michael-schumacher.es\/noticias-f1\/wp-json\/wp\/v2\/media?parent=10994"}],"wp:term":[{"taxonomy":"category","embeddable":true,"href":"http:\/\/www.michael-schumacher.es\/noticias-f1\/wp-json\/wp\/v2\/categories?post=10994"},{"taxonomy":"post_tag","embeddable":true,"href":"http:\/\/www.michael-schumacher.es\/noticias-f1\/wp-json\/wp\/v2\/tags?post=10994"}],"curies":[{"name":"wp","href":"https:\/\/api.w.org\/{rel}","templated":true}]}}