{"id":11000,"date":"2013-06-29T04:40:29","date_gmt":"2013-06-29T02:40:29","guid":{"rendered":"http:\/\/www.michael-schumacher.es\/noticias-f1\/?p=11000"},"modified":"2013-06-29T04:40:29","modified_gmt":"2013-06-29T02:40:29","slug":"entrenamientos-gp-de-gran-bretana-silverstone-2013-red-bull","status":"publish","type":"post","link":"http:\/\/www.michael-schumacher.es\/noticias-f1\/2013\/06\/29\/entrenamientos-gp-de-gran-bretana-silverstone-2013-red-bull\/","title":{"rendered":"Entrenamientos GP de Gran Breta\u00f1a, Silverstone 2013. Red Bull"},"content":{"rendered":"<p><a href=\"http:\/\/www.michael-schumacher.es\/noticias-f1\/wp-content\/uploads\/2012\/12\/sebastian-vettel-celebracion-3-titulo.jpg\"><img loading=\"lazy\" class=\"alignleft\" alt=\"Sebastian Vettel Celebraci\u00f3n Tercer t\u00edtulo \" src=\"http:\/\/www.michael-schumacher.es\/noticias-f1\/wp-content\/uploads\/2012\/12\/sebastian-vettel-celebracion-3-titulo.jpg\" width=\"199\" height=\"112\" \/><\/a>El equipo Red Bull pese a que solo han tenido una sesi\u00f3n real de trabajo como sus rivales por las condiciones climatol\u00f3gicas de lluvia, ha demostrado que su ritmo en este circuito tambi\u00e9n es muy bueno y que sin duda seguir\u00e1n siendo el rival a batir.<\/p>\n<p><!--more--> <!--noteaser--><\/p>\n<p><a href=\"http:\/\/www.michael-schumacher.es\/noticias-f1\/wp-content\/uploads\/2012\/12\/sebastian-vettel-celebracion-3-titulo.jpg\"><img loading=\"lazy\" class=\"aligncenter size-full wp-image-6637\" alt=\"Sebastian Vettel Celebraci\u00f3n Tercer t\u00edtulo \" src=\"http:\/\/www.michael-schumacher.es\/noticias-f1\/wp-content\/uploads\/2012\/12\/sebastian-vettel-celebracion-3-titulo.jpg\" width=\"650\" height=\"366\" srcset=\"http:\/\/www.michael-schumacher.es\/noticias-f1\/wp-content\/uploads\/2012\/12\/sebastian-vettel-celebracion-3-titulo.jpg 650w, http:\/\/www.michael-schumacher.es\/noticias-f1\/wp-content\/uploads\/2012\/12\/sebastian-vettel-celebracion-3-titulo-300x168.jpg 300w\" sizes=\"(max-width: 650px) 100vw, 650px\" \/><\/a><\/p>\n<p>&nbsp;<\/p>\n<p>El equipo Red Bull pese a que solo han tenido una sesi\u00f3n real de trabajo como sus rivales por las condiciones climatol\u00f3gicas de lluvia, ha demostrado que su ritmo en este circuito tambi\u00e9n es muy bueno y que sin duda seguir\u00e1n siendo el rival a batir.<\/p>\n<p>&nbsp;<\/p>\n<p>Sebastian Vettel que ha finalizado la sesi\u00f3n en tercera posici\u00f3n, est\u00e1 bastante contento con el trabajo de hoy, pese a que considera que hay que seguir trabajando para intentar mejorar, Vettel tambi\u00e9n tiene dudas si deben elegir para el entrenamiento de ma\u00f1ana preparar tandas cortas para calificaci\u00f3n o centrarse en las tandas largas para carrera. Mark Webber termino la sesi\u00f3n de la tarde en segunda posici\u00f3n, en uno de los circuitos que mejor se le dan de la temporada, el piloto considera que han aprovechado bien los 90 minutos que han podido trabajar, obteniendo lo m\u00e1ximo y la m\u00e1xima informaci\u00f3n para trabajar, aunque espera una carrera muy apretada<\/p>\n<p>&nbsp;<\/p>\n<p><strong>Sebastian Vettel:<\/strong> <em>\u00abCreo que en general podemos estar bastante contentos, fue un buen d\u00eda. Obviamente, era importante conseguir algunas vueltas en seco ya que esperamos condiciones secas el domingo. Ahora tenemos que echar un vistazo a lo que podemos mejorar, echar un vistazo lo que hicieron los otros y entonces sabremos un poco m\u00e1s para ma\u00f1ana. Hoy tratamos de hacer las dos tandas cortas y largas. Para FP3 ma\u00f1ana, tenemos que decidir si vamos para tandas cortas, para prepararse para la calificaci\u00f3n, o tandas largas tratando de mirar m\u00e1s en la carrera para este compromiso.\u00bb<\/em><\/p>\n<p>&nbsp;<\/p>\n<p><strong>Mark Webber:<\/strong> <em>\u00abTratamos de hacer lo m\u00e1ximo posible en 90 minutos, nos pusimos los dos compuestos e hicimos diferentes cargas de combustible, as\u00ed que fue una sesi\u00f3n bastante exigente para el equipo. Al final nos dieron lo que podr\u00eda salir de ella. Creo que tanto Seb como yo corrimos con diferentes compuestos y obtuvieron la informaci\u00f3n que necesitamos para la carrera. Hoy hemos hecho una instant\u00e1nea de trabajo para ma\u00f1ana, pero sobre todo el enfoque era para el domingo. Creo que la carrera ser\u00e1 muy apretada, para ser honesto, no creo que haya nadie que se vaya con mucha distancia\u00bb.<\/em><\/p>\n<p>&nbsp;<\/p>\n<p>&nbsp;<\/p>\n<div class=\"sharedaddy sd-sharing-enabled\"><div class=\"robots-nocontent sd-block sd-social sd-social-official sd-sharing\"><h3 class=\"sd-title\">Opciones Sociales:<\/h3><div class=\"sd-content\"><ul><li class=\"share-facebook\"><div class=\"fb-share-button\" data-href=\"http:\/\/www.michael-schumacher.es\/noticias-f1\/2013\/06\/29\/entrenamientos-gp-de-gran-bretana-silverstone-2013-red-bull\/\" data-layout=\"button_count\"><\/div><\/li><li class=\"share-twitter\"><a href=\"https:\/\/twitter.com\/share\" class=\"twitter-share-button\" data-url=\"http:\/\/www.michael-schumacher.es\/noticias-f1\/2013\/06\/29\/entrenamientos-gp-de-gran-bretana-silverstone-2013-red-bull\/\" data-text=\"Entrenamientos GP de Gran Breta\u00f1a, Silverstone 2013. Red Bull\"  >Tweet<\/a><\/li><li class=\"share-email\"><a rel=\"nofollow noopener noreferrer\" data-shared=\"\" class=\"share-email sd-button\" href=\"http:\/\/www.michael-schumacher.es\/noticias-f1\/2013\/06\/29\/entrenamientos-gp-de-gran-bretana-silverstone-2013-red-bull\/?share=email\" target=\"_blank\" title=\"Haz clic para enviar por correo electr\u00f3nico a un amigo\"><span>Correo electr\u00f3nico<\/span><\/a><\/li><li class=\"share-end\"><\/li><\/ul><\/div><\/div><\/div>","protected":false},"excerpt":{"rendered":"<p>El equipo Red Bull pese a que solo han tenido una sesi\u00f3n real de trabajo como sus rivales por las condiciones climatol\u00f3gicas de lluvia, ha demostrado que su ritmo en este circuito tambi\u00e9n es muy bueno y que sin duda seguir\u00e1n siendo el rival a batir.<\/p>\n<div class=\"sharedaddy sd-sharing-enabled\"><div class=\"robots-nocontent sd-block sd-social sd-social-official sd-sharing\"><h3 class=\"sd-title\">Opciones Sociales:<\/h3><div class=\"sd-content\"><ul><li class=\"share-facebook\"><div class=\"fb-share-button\" data-href=\"http:\/\/www.michael-schumacher.es\/noticias-f1\/2013\/06\/29\/entrenamientos-gp-de-gran-bretana-silverstone-2013-red-bull\/\" data-layout=\"button_count\"><\/div><\/li><li class=\"share-twitter\"><a href=\"https:\/\/twitter.com\/share\" class=\"twitter-share-button\" data-url=\"http:\/\/www.michael-schumacher.es\/noticias-f1\/2013\/06\/29\/entrenamientos-gp-de-gran-bretana-silverstone-2013-red-bull\/\" data-text=\"Entrenamientos GP de Gran Breta\u00f1a, Silverstone 2013. Red Bull\"  >Tweet<\/a><\/li><li class=\"share-email\"><a rel=\"nofollow noopener noreferrer\" data-shared=\"\" class=\"share-email sd-button\" href=\"http:\/\/www.michael-schumacher.es\/noticias-f1\/2013\/06\/29\/entrenamientos-gp-de-gran-bretana-silverstone-2013-red-bull\/?share=email\" target=\"_blank\" title=\"Haz clic para enviar por correo electr\u00f3nico a un amigo\"><span>Correo electr\u00f3nico<\/span><\/a><\/li><li class=\"share-end\"><\/li><\/ul><\/div><\/div><\/div>","protected":false},"author":3,"featured_media":0,"comment_status":"open","ping_status":"open","sticky":false,"template":"","format":"standard","meta":{"_monsterinsights_skip_tracking":false,"_monsterinsights_sitenote_active":false,"_monsterinsights_sitenote_note":"","_monsterinsights_sitenote_category":0,"spay_email":"","jetpack_publicize_message":"","jetpack_is_tweetstorm":false,"jetpack_publicize_feature_enabled":true},"categories":[67,3],"tags":[373,131,393,17,15,6,3587,8,379,72,1245,51,71,338,30,73],"jetpack_featured_media_url":"","jetpack_publicize_connections":[],"jetpack_sharing_enabled":true,"jetpack_shortlink":"https:\/\/wp.me\/p27q3P-2Rq","_links":{"self":[{"href":"http:\/\/www.michael-schumacher.es\/noticias-f1\/wp-json\/wp\/v2\/posts\/11000"}],"collection":[{"href":"http:\/\/www.michael-schumacher.es\/noticias-f1\/wp-json\/wp\/v2\/posts"}],"about":[{"href":"http:\/\/www.michael-schumacher.es\/noticias-f1\/wp-json\/wp\/v2\/types\/post"}],"author":[{"embeddable":true,"href":"http:\/\/www.michael-schumacher.es\/noticias-f1\/wp-json\/wp\/v2\/users\/3"}],"replies":[{"embeddable":true,"href":"http:\/\/www.michael-schumacher.es\/noticias-f1\/wp-json\/wp\/v2\/comments?post=11000"}],"version-history":[{"count":0,"href":"http:\/\/www.michael-schumacher.es\/noticias-f1\/wp-json\/wp\/v2\/posts\/11000\/revisions"}],"wp:attachment":[{"href":"http:\/\/www.michael-schumacher.es\/noticias-f1\/wp-json\/wp\/v2\/media?parent=11000"}],"wp:term":[{"taxonomy":"category","embeddable":true,"href":"http:\/\/www.michael-schumacher.es\/noticias-f1\/wp-json\/wp\/v2\/categories?post=11000"},{"taxonomy":"post_tag","embeddable":true,"href":"http:\/\/www.michael-schumacher.es\/noticias-f1\/wp-json\/wp\/v2\/tags?post=11000"}],"curies":[{"name":"wp","href":"https:\/\/api.w.org\/{rel}","templated":true}]}}