{"id":11014,"date":"2013-06-29T22:08:14","date_gmt":"2013-06-29T20:08:14","guid":{"rendered":"http:\/\/www.michael-schumacher.es\/noticias-f1\/?p=11014"},"modified":"2013-06-29T22:08:14","modified_gmt":"2013-06-29T20:08:14","slug":"calificacion-gp-de-gran-bretana-silverstone-2013-mercedes","status":"publish","type":"post","link":"http:\/\/www.michael-schumacher.es\/noticias-f1\/2013\/06\/29\/calificacion-gp-de-gran-bretana-silverstone-2013-mercedes\/","title":{"rendered":"Calificaci\u00f3n GP de Gran Breta\u00f1a, Silverstone 2013. Mercedes"},"content":{"rendered":"<p><a href=\"http:\/\/www.michael-schumacher.es\/noticias-f1\/wp-content\/uploads\/2013\/01\/lewis_hamilton_mercedes-2.png\"><img loading=\"lazy\" class=\"alignleft\" alt=\"lewis_hamilton_mercedes-2\" src=\"http:\/\/www.michael-schumacher.es\/noticias-f1\/wp-content\/uploads\/2013\/01\/lewis_hamilton_mercedes-2.png\" width=\"201\" height=\"109\" \/><\/a>El equipo Mercedes ha conseguido tener a sus pilotos en la primera fila de la parrilla de salida para la carrera de ma\u00f1ana, el equipo reconoce que el duro trabajo y la buena gesti\u00f3n de los neum\u00e1ticos est\u00e1 dando sus frutos, sin duda es evidente que han mejorado como lo demuestra las posiciones de salida, pero habitualmente esta temporada Mercedes es muy r\u00e1pido a una vuelta pero pierden ritmo en carrera por lo que es una inc\u00f3gnita si ma\u00f1ana tendr\u00e1n un buen ritmo o caer\u00e1n posiciones como suele ser normal. El equipo se ha concentrado en ver c\u00f3mo pod\u00edan mejorar sus problemas de gesti\u00f3n de los neum\u00e1ticos y ma\u00f1ana veremos si han conseguido aprender.<\/p>\n<p><!--more--> <!--noteaser--><\/p>\n<p><a href=\"http:\/\/www.michael-schumacher.es\/noticias-f1\/wp-content\/uploads\/2013\/01\/lewis_hamilton_mercedes-2.png\"><img loading=\"lazy\" class=\"aligncenter size-full wp-image-7627\" alt=\"lewis_hamilton_mercedes-2\" src=\"http:\/\/www.michael-schumacher.es\/noticias-f1\/wp-content\/uploads\/2013\/01\/lewis_hamilton_mercedes-2.png\" width=\"650\" height=\"353\" srcset=\"http:\/\/www.michael-schumacher.es\/noticias-f1\/wp-content\/uploads\/2013\/01\/lewis_hamilton_mercedes-2.png 650w, http:\/\/www.michael-schumacher.es\/noticias-f1\/wp-content\/uploads\/2013\/01\/lewis_hamilton_mercedes-2-300x162.png 300w\" sizes=\"(max-width: 650px) 100vw, 650px\" \/><\/a><\/p>\n<p>&nbsp;<\/p>\n<p>El equipo Mercedes ha conseguido tener a sus pilotos en la primera fila de la parrilla de salida para la carrera de ma\u00f1ana, el equipo reconoce que el duro trabajo y la buena gesti\u00f3n de los neum\u00e1ticos est\u00e1 dando sus frutos, sin duda es evidente que han mejorado como lo demuestra las posiciones de salida, pero habitualmente esta temporada Mercedes es muy r\u00e1pido a una vuelta pero pierden ritmo en carrera por lo que es una inc\u00f3gnita si ma\u00f1ana tendr\u00e1n un buen ritmo o caer\u00e1n posiciones como suele ser normal. El equipo se ha concentrado en ver c\u00f3mo pod\u00edan mejorar sus problemas de gesti\u00f3n de los neum\u00e1ticos y ma\u00f1ana veremos si han conseguido aprender.<\/p>\n<p>&nbsp;<\/p>\n<p>Lewis Hamilton saldr\u00e1 ma\u00f1ana desde la pole position en el Gran Premio de Gran Breta\u00f1a, gracias a una excelente vuelta, pese a que no se ha sentido c\u00f3modo con el coche en todo el fin de semana, aunque cree que ser\u00e1 duro mantener a Sebastian Vettel, aunque conf\u00eda en gestionar bien los neum\u00e1ticos y hacer todo lo que pueda. Nico Rosberg ha finalizado en segunda posici\u00f3n por detr\u00e1s de su compa\u00f1ero, y conf\u00eda en haber mejorado el ritmo de carrera, y la gesti\u00f3n de neum\u00e1ticos algo fundamental para mantener detr\u00e1s a los rivales y conseguir un buen resultado.<\/p>\n<p>&nbsp;<\/p>\n<p><strong>Lewis Hamilton:<\/strong> <em>\u00abSe siente incre\u00edble estar en la pole, al igual que en 2007. Tenemos los m\u00e1s grandes fans en el mundo de la F\u00f3rmula Uno aqu\u00ed en Gran Breta\u00f1a y hab\u00eda una gran asistencia hoy, lo que hace que el ambiente tan especial. Mi vuelta en la Q3 fue una vuelta para los fans que estaban por ah\u00ed en todo el circuito. No me he sentido c\u00f3modo en el coche todo el fin de semana, as\u00ed que estaba muy feliz de encontrar una buena vuelta y se siente fant\u00e1stico. El equipo ha hecho un trabajo fenomenal y es una gran recompensa para los chicos aqu\u00ed en la pista, y tambi\u00e9n al volver a la base, especialmente en nuestras dos f\u00e1bricas que est\u00e1n tan cerca de la pista. Pero sabemos que ma\u00f1ana ser\u00e1 otro d\u00eda y nuestra actuaci\u00f3n del domingo no es tan fuerte en este momento. Nuestro ritmo en tandas largas parec\u00eda bien ayer y hemos sido capaces de gestionar los neum\u00e1ticos bastante bien. Va a ser duro para mantener detr\u00e1s a Seb, pero vamos a dar todo lo que tenemos\u00bb.<\/em><\/p>\n<p>&nbsp;<\/p>\n<p><strong>Nico Rosberg:<\/strong> <em>\u201cUn resultado fant\u00e1stico del equipo y es genial para ver el progreso que hemos hecho juntos desde el a\u00f1o pasado. El sentimiento de confianza de que nuestro coche ser\u00e1 r\u00e1pido en la calificaci\u00f3n es fant\u00e1stico y me encanta ir a una carrera sabiendo que tenemos una fuerte posici\u00f3n en la parrilla. El equipo est\u00e1 haciendo un gran trabajo y estamos manteniendo el desarrollo por lo que un gran agradecimiento a todos en las f\u00e1bricas, muchos de los cuales est\u00e1n hoy aqu\u00ed vi\u00e9ndonos. Mi vuelta ha sido buena y partir de la primera fila es grande, pero Lewis hizo un trabajo fant\u00e1stico hoy. Espero que hayamos mejorado nuestro ritmo de carrera, sino que ser\u00e1 todo sobre la gesti\u00f3n de neum\u00e1ticos ma\u00f1ana y manteniendo los dem\u00e1s detr\u00e1s de nosotros. Estoy seguro de que podemos conseguir un buen resultado\u201d.<\/em><\/p>\n<p>&nbsp;<\/p>\n<p><strong>Ross Brawn jefe de equipo:<\/strong> <em>\u201cEl equipo ha trabajado muy bien durante los \u00faltimos meses para lograr un resultado como el de hoy. Hemos estado desmenuzando el rendimiento, en silencio introduciendo nuevas versiones y continuamos empujando, a la vez que concentrar nuestros esfuerzos en c\u00f3mo podemos mejorar nuestros problemas de gesti\u00f3n de los neum\u00e1ticos, y parece estar dando sus frutos. Los ingenieros y los pilotos llevaron los coches en el lugar perfecto para la calificaci\u00f3n y, como el viento baj\u00f3 hacia el final de la sesi\u00f3n, tanto Lewis como Nico fueron capaces de ofrecer buenas actuaciones. Lewis hizo una impresionante vuelta al final de la sesi\u00f3n y es genial ver a \u00e9l y Nico empuj\u00e1ndose uno a otro con tanta fuerza en cada sesi\u00f3n. Ser\u00e1 m\u00e1s que un desaf\u00edo para seguir siendo tan competitivos en la carrera, pero hemos recogido una buena informaci\u00f3n de ayer y tenemos la esperanza de ser capaces de construir sobre eso ma\u00f1ana\u00bb.<\/em><\/p>\n<p>&nbsp;<\/p>\n<p><strong>Toto Wolff director ejecutivo:<\/strong> <em>\u00abUn resultado fant\u00e1stico para todo el equipo, tomar nuestra tercera primera fila este consecutiva en este a\u00f1o. La competencia deportiva es lo que representa Mercedes, mientras que mucho se ha dicho y escrito este fin de semana, lo \u00fanico que realmente importa es lo que sucede en la pista. El enfoque de esta tarde debe estar en nuestros pilotos, Lewis y Nico, y en este fant\u00e1stico equipo que han empujado tan duro para mantener el desarrollo del coche en los momentos dif\u00edciles y resolver nuestros problemas. Lewis hizo una mega vuelta. No s\u00e9 si es el factor de Silverstone o alguna otra cosa, pero eso fue un espect\u00e1culo incre\u00edble. Nico ha sido fuerte durante todo el fin de semana y la segunda posici\u00f3n nos da una gran plataforma para la carrera de ma\u00f1ana. Ma\u00f1ana deber\u00eda ser m\u00e1s c\u00e1lido y hemos luchado con el ritmo de carrera en algunos circuitos en lo que va del a\u00f1o. Sin embargo, la tendencia va en la direcci\u00f3n correcta, y espero que podamos seguir as\u00ed ma\u00f1ana\u00bb.<\/em><\/p>\n<p>&nbsp;<\/p>\n<p>&nbsp;<\/p>\n<div class=\"sharedaddy sd-sharing-enabled\"><div class=\"robots-nocontent sd-block sd-social sd-social-official sd-sharing\"><h3 class=\"sd-title\">Opciones Sociales:<\/h3><div class=\"sd-content\"><ul><li class=\"share-facebook\"><div class=\"fb-share-button\" data-href=\"http:\/\/www.michael-schumacher.es\/noticias-f1\/2013\/06\/29\/calificacion-gp-de-gran-bretana-silverstone-2013-mercedes\/\" data-layout=\"button_count\"><\/div><\/li><li class=\"share-twitter\"><a href=\"https:\/\/twitter.com\/share\" class=\"twitter-share-button\" data-url=\"http:\/\/www.michael-schumacher.es\/noticias-f1\/2013\/06\/29\/calificacion-gp-de-gran-bretana-silverstone-2013-mercedes\/\" data-text=\"Calificaci\u00f3n GP de Gran Breta\u00f1a, Silverstone 2013. Mercedes \"  >Tweet<\/a><\/li><li class=\"share-email\"><a rel=\"nofollow noopener noreferrer\" data-shared=\"\" class=\"share-email sd-button\" href=\"http:\/\/www.michael-schumacher.es\/noticias-f1\/2013\/06\/29\/calificacion-gp-de-gran-bretana-silverstone-2013-mercedes\/?share=email\" target=\"_blank\" title=\"Haz clic para enviar por correo electr\u00f3nico a un amigo\"><span>Correo electr\u00f3nico<\/span><\/a><\/li><li class=\"share-end\"><\/li><\/ul><\/div><\/div><\/div>","protected":false},"excerpt":{"rendered":"<p>El equipo Mercedes ha conseguido tener a sus pilotos en la primera fila de la parrilla de salida para la carrera de ma\u00f1ana, el equipo reconoce que el duro trabajo y la buena gesti\u00f3n de los neum\u00e1ticos est\u00e1 dando sus frutos, sin duda es evidente que han mejorado como lo demuestra las posiciones de salida, [&hellip;]<\/p>\n<div class=\"sharedaddy sd-sharing-enabled\"><div class=\"robots-nocontent sd-block sd-social sd-social-official sd-sharing\"><h3 class=\"sd-title\">Opciones Sociales:<\/h3><div class=\"sd-content\"><ul><li class=\"share-facebook\"><div class=\"fb-share-button\" data-href=\"http:\/\/www.michael-schumacher.es\/noticias-f1\/2013\/06\/29\/calificacion-gp-de-gran-bretana-silverstone-2013-mercedes\/\" data-layout=\"button_count\"><\/div><\/li><li class=\"share-twitter\"><a href=\"https:\/\/twitter.com\/share\" class=\"twitter-share-button\" data-url=\"http:\/\/www.michael-schumacher.es\/noticias-f1\/2013\/06\/29\/calificacion-gp-de-gran-bretana-silverstone-2013-mercedes\/\" data-text=\"Calificaci\u00f3n GP de Gran Breta\u00f1a, Silverstone 2013. Mercedes \"  >Tweet<\/a><\/li><li class=\"share-email\"><a rel=\"nofollow noopener noreferrer\" data-shared=\"\" class=\"share-email sd-button\" href=\"http:\/\/www.michael-schumacher.es\/noticias-f1\/2013\/06\/29\/calificacion-gp-de-gran-bretana-silverstone-2013-mercedes\/?share=email\" target=\"_blank\" title=\"Haz clic para enviar por correo electr\u00f3nico a un amigo\"><span>Correo electr\u00f3nico<\/span><\/a><\/li><li class=\"share-end\"><\/li><\/ul><\/div><\/div><\/div>","protected":false},"author":3,"featured_media":0,"comment_status":"open","ping_status":"open","sticky":false,"template":"","format":"standard","meta":{"_monsterinsights_skip_tracking":false,"_monsterinsights_sitenote_active":false,"_monsterinsights_sitenote_note":"","_monsterinsights_sitenote_category":0,"spay_email":"","jetpack_publicize_message":"","jetpack_is_tweetstorm":false,"jetpack_publicize_feature_enabled":true},"categories":[68,3],"tags":[373,1381,155,159,17,15,6,3587,8,11,10,304,1400,154,259,1380,338,616,617],"jetpack_featured_media_url":"","jetpack_publicize_connections":[],"jetpack_sharing_enabled":true,"jetpack_shortlink":"https:\/\/wp.me\/p27q3P-2RE","_links":{"self":[{"href":"http:\/\/www.michael-schumacher.es\/noticias-f1\/wp-json\/wp\/v2\/posts\/11014"}],"collection":[{"href":"http:\/\/www.michael-schumacher.es\/noticias-f1\/wp-json\/wp\/v2\/posts"}],"about":[{"href":"http:\/\/www.michael-schumacher.es\/noticias-f1\/wp-json\/wp\/v2\/types\/post"}],"author":[{"embeddable":true,"href":"http:\/\/www.michael-schumacher.es\/noticias-f1\/wp-json\/wp\/v2\/users\/3"}],"replies":[{"embeddable":true,"href":"http:\/\/www.michael-schumacher.es\/noticias-f1\/wp-json\/wp\/v2\/comments?post=11014"}],"version-history":[{"count":0,"href":"http:\/\/www.michael-schumacher.es\/noticias-f1\/wp-json\/wp\/v2\/posts\/11014\/revisions"}],"wp:attachment":[{"href":"http:\/\/www.michael-schumacher.es\/noticias-f1\/wp-json\/wp\/v2\/media?parent=11014"}],"wp:term":[{"taxonomy":"category","embeddable":true,"href":"http:\/\/www.michael-schumacher.es\/noticias-f1\/wp-json\/wp\/v2\/categories?post=11014"},{"taxonomy":"post_tag","embeddable":true,"href":"http:\/\/www.michael-schumacher.es\/noticias-f1\/wp-json\/wp\/v2\/tags?post=11014"}],"curies":[{"name":"wp","href":"https:\/\/api.w.org\/{rel}","templated":true}]}}