{"id":11034,"date":"2013-06-30T02:54:53","date_gmt":"2013-06-30T00:54:53","guid":{"rendered":"http:\/\/www.michael-schumacher.es\/noticias-f1\/?p=11034"},"modified":"2013-06-30T02:54:53","modified_gmt":"2013-06-30T00:54:53","slug":"calificacion-gp-de-gran-bretana-silverstone-2013-force-india","status":"publish","type":"post","link":"http:\/\/www.michael-schumacher.es\/noticias-f1\/2013\/06\/30\/calificacion-gp-de-gran-bretana-silverstone-2013-force-india\/","title":{"rendered":"Calificaci\u00f3n GP de Gran Breta\u00f1a, Silverstone 2013. Force India"},"content":{"rendered":"<p><a href=\"http:\/\/www.michael-schumacher.es\/noticias-f1\/wp-content\/uploads\/2012\/08\/david_sarro.di-resta-1.jpg\"><img loading=\"lazy\" class=\"alignleft\" alt=\"Paul di Resta 1 \" src=\"http:\/\/www.michael-schumacher.es\/noticias-f1\/wp-content\/uploads\/2012\/08\/david_sarro.di-resta-1.jpg\" width=\"199\" height=\"132\" \/><\/a>El equipo Force India logr\u00f3 hacer una excelente actuaci\u00f3n en su Gran Premio en casa consiguiendo calificar a sus dos pilotos entre los siete primeros, por lo que esperan mantener estos fant\u00e1sticos resultados en la carrera de ma\u00f1ana.<\/p>\n<p><!--more--> <!--noteaser--><\/p>\n<p><a href=\"http:\/\/www.michael-schumacher.es\/noticias-f1\/wp-content\/uploads\/2012\/08\/david_sarro.di-resta-1.jpg\"><img loading=\"lazy\" class=\"aligncenter size-full wp-image-3231\" alt=\"Paul di Resta 1 \" src=\"http:\/\/www.michael-schumacher.es\/noticias-f1\/wp-content\/uploads\/2012\/08\/david_sarro.di-resta-1.jpg\" width=\"600\" height=\"399\" srcset=\"http:\/\/www.michael-schumacher.es\/noticias-f1\/wp-content\/uploads\/2012\/08\/david_sarro.di-resta-1.jpg 600w, http:\/\/www.michael-schumacher.es\/noticias-f1\/wp-content\/uploads\/2012\/08\/david_sarro.di-resta-1-300x199.jpg 300w\" sizes=\"(max-width: 600px) 100vw, 600px\" \/><\/a><\/p>\n<p>&nbsp;<\/p>\n<p>El equipo Force India logr\u00f3 hacer una excelente actuaci\u00f3n en su Gran Premio en casa consiguiendo calificar a sus dos pilotos entre los siete primeros, por lo que esperan mantener estos fant\u00e1sticos resultados en la carrera de ma\u00f1ana.<\/p>\n<p>&nbsp;<\/p>\n<p>Paul Di Resta ha conseguido calificar en posici\u00f3n quinta, en la que ha sido su mejor resultado en calificaci\u00f3n, por lo que el piloto est\u00e1 muy satisfecho y espera una buena carrera ma\u00f1ana. Adrian Sutil tambi\u00e9n ha obtenido un buen resultado calificando en s\u00e9ptima posici\u00f3n y aunque est\u00e1 muy contento con el resultado, se centra en trabajar esta noche para tener una buena estrategia y un buen resultado en la carrera<\/p>\n<p>&nbsp;<\/p>\n<p><strong>Paul Di Resta:<\/strong><em> \u00abYo estoy en la luna con el resultado de la calificaci\u00f3n y creo que todo el equipo puede sentirse muy satisfecho con el quinto en la parrilla. La sesi\u00f3n de esta ma\u00f1ana fue muy dif\u00edcil por lo que se siente muy bien avanzar y terminar justo detr\u00e1s de los dos Mercedes y dos Red Bulls. Esta pista tiene un gran compromiso y necesitas construir la velocidad, pero creo que nos ahorramos lo mejor para el final &#8211; y es cuando realmente importaba. Para ma\u00f1ana el desgaste de los neum\u00e1ticos se ve saludable y nosotros mismos nos hemos dado una buena oportunidad de conseguir un poco de aire limpio durante la carrera. Voy a dormir bien esta noche y espero que podamos tener una carrera sencilla, y salir con un mont\u00f3n de puntos.\u00bb<\/em><\/p>\n<p>&nbsp;<\/p>\n<p><strong>Adrian Sutil:<\/strong> <em>\u00abEl s\u00e9ptimo puesto es un buen resultado hoy. El coche no era f\u00e1cil de conducir esta ma\u00f1ana, pero hemos hecho algunas mejoras antes de la calificaci\u00f3n y se encontr\u00f3 m\u00e1s velocidad con cada sesi\u00f3n. Si somos capaces de hacer nuestra tarea esta noche, entonces tenemos la posibilidad de tener una gran carrera. Todav\u00eda hay algunas inc\u00f3gnitas con los neum\u00e1ticos a demasiada distancia, porque realmente no he hecho m\u00e1s de diez vueltas en un juego de neum\u00e1ticos, pero me siento c\u00f3modo en ambos compuestos. As\u00ed que podemos estar contentos con el resultado, pero tenemos que concentrarnos en ma\u00f1ana, porque eso es lo que cuenta. En cuanto a la estrategia tenemos que mantener la mente abierta y tener varias opciones para la carrera, as\u00ed podremos reaccionar seg\u00fan como se desarrolla la carrera\u201d.<\/em><\/p>\n<p>&nbsp;<\/p>\n<p><strong>Dr. Vijay Mallya, director del equipo y director gerente:<\/strong> <em>\u00abEstoy encantado con el resultado de la calificaci\u00f3n de hoy. El sol brillaba, las tribunas estaban llenas, y nos pusieron en un espect\u00e1culo fant\u00e1stico. Quinto lugar para Paul en su Gran Premio de casa es un gran esfuerzo, sobre todo en esta v\u00eda de alta velocidad, que no ha sido nuestra mejor carrera en a\u00f1os anteriores. S\u00e9ptimo lugar de Adri\u00e1n confirma lo competitivos que somos este fin de semana y sabemos que tenemos un buen ritmo de carrera. Para ma\u00f1ana, es importante que maximicemos estas posiciones de partida y esperamos ofrecer a nuestros aficionados y socios algo que celebrar a nuestra carrera local.\u00bb<\/em><\/p>\n<p>&nbsp;<\/p>\n<p>*Paul Di Resta, ha sido excluido de la calificaci\u00f3n del Gran Premio de Gran Breta\u00f1a por no alcanzar el peso m\u00ednimo exigido, esto contraviene los art\u00edculos 26.1 del Reglamento Deportivo y el 4.1 del Reglamento T\u00e9cnico, por lo que el piloto es descalificado de los resultados de la sesi\u00f3n de calificaci\u00f3n y deber\u00e1 iniciar la carrera en la \u00faltima posici\u00f3n de la parrilla.<\/p>\n<p>&nbsp;<\/p>\n<p><strong>Imagen:<\/strong> David Sarr\u00f3<\/p>\n<div class=\"sharedaddy sd-sharing-enabled\"><div class=\"robots-nocontent sd-block sd-social sd-social-official sd-sharing\"><h3 class=\"sd-title\">Opciones Sociales:<\/h3><div class=\"sd-content\"><ul><li class=\"share-facebook\"><div class=\"fb-share-button\" data-href=\"http:\/\/www.michael-schumacher.es\/noticias-f1\/2013\/06\/30\/calificacion-gp-de-gran-bretana-silverstone-2013-force-india\/\" data-layout=\"button_count\"><\/div><\/li><li class=\"share-twitter\"><a href=\"https:\/\/twitter.com\/share\" class=\"twitter-share-button\" data-url=\"http:\/\/www.michael-schumacher.es\/noticias-f1\/2013\/06\/30\/calificacion-gp-de-gran-bretana-silverstone-2013-force-india\/\" data-text=\"Calificaci\u00f3n GP de Gran Breta\u00f1a, Silverstone 2013. Force India\"  >Tweet<\/a><\/li><li class=\"share-email\"><a rel=\"nofollow noopener noreferrer\" data-shared=\"\" class=\"share-email sd-button\" href=\"http:\/\/www.michael-schumacher.es\/noticias-f1\/2013\/06\/30\/calificacion-gp-de-gran-bretana-silverstone-2013-force-india\/?share=email\" target=\"_blank\" title=\"Haz clic para enviar por correo electr\u00f3nico a un amigo\"><span>Correo electr\u00f3nico<\/span><\/a><\/li><li class=\"share-end\"><\/li><\/ul><\/div><\/div><\/div>","protected":false},"excerpt":{"rendered":"<p>El equipo Force India logr\u00f3 hacer una excelente actuaci\u00f3n en su Gran Premio en casa consiguiendo calificar a sus dos pilotos entre los siete primeros, por lo que esperan mantener estos fant\u00e1sticos resultados en la carrera de ma\u00f1ana.<\/p>\n<div class=\"sharedaddy sd-sharing-enabled\"><div class=\"robots-nocontent sd-block sd-social sd-social-official sd-sharing\"><h3 class=\"sd-title\">Opciones Sociales:<\/h3><div class=\"sd-content\"><ul><li class=\"share-facebook\"><div class=\"fb-share-button\" data-href=\"http:\/\/www.michael-schumacher.es\/noticias-f1\/2013\/06\/30\/calificacion-gp-de-gran-bretana-silverstone-2013-force-india\/\" data-layout=\"button_count\"><\/div><\/li><li class=\"share-twitter\"><a href=\"https:\/\/twitter.com\/share\" class=\"twitter-share-button\" data-url=\"http:\/\/www.michael-schumacher.es\/noticias-f1\/2013\/06\/30\/calificacion-gp-de-gran-bretana-silverstone-2013-force-india\/\" data-text=\"Calificaci\u00f3n GP de Gran Breta\u00f1a, Silverstone 2013. Force India\"  >Tweet<\/a><\/li><li class=\"share-email\"><a rel=\"nofollow noopener noreferrer\" data-shared=\"\" class=\"share-email sd-button\" href=\"http:\/\/www.michael-schumacher.es\/noticias-f1\/2013\/06\/30\/calificacion-gp-de-gran-bretana-silverstone-2013-force-india\/?share=email\" target=\"_blank\" title=\"Haz clic para enviar por correo electr\u00f3nico a un amigo\"><span>Correo electr\u00f3nico<\/span><\/a><\/li><li class=\"share-end\"><\/li><\/ul><\/div><\/div><\/div>","protected":false},"author":3,"featured_media":0,"comment_status":"open","ping_status":"open","sticky":false,"template":"","format":"standard","meta":{"_monsterinsights_skip_tracking":false,"_monsterinsights_sitenote_active":false,"_monsterinsights_sitenote_note":"","_monsterinsights_sitenote_category":0,"spay_email":"","jetpack_publicize_message":"","jetpack_is_tweetstorm":false,"jetpack_publicize_feature_enabled":true},"categories":[68,3],"tags":[373,732,155,159,110,17,126,15,6,3587,8,379,109,338,733,113],"jetpack_featured_media_url":"","jetpack_publicize_connections":[],"jetpack_sharing_enabled":true,"jetpack_shortlink":"https:\/\/wp.me\/p27q3P-2RY","_links":{"self":[{"href":"http:\/\/www.michael-schumacher.es\/noticias-f1\/wp-json\/wp\/v2\/posts\/11034"}],"collection":[{"href":"http:\/\/www.michael-schumacher.es\/noticias-f1\/wp-json\/wp\/v2\/posts"}],"about":[{"href":"http:\/\/www.michael-schumacher.es\/noticias-f1\/wp-json\/wp\/v2\/types\/post"}],"author":[{"embeddable":true,"href":"http:\/\/www.michael-schumacher.es\/noticias-f1\/wp-json\/wp\/v2\/users\/3"}],"replies":[{"embeddable":true,"href":"http:\/\/www.michael-schumacher.es\/noticias-f1\/wp-json\/wp\/v2\/comments?post=11034"}],"version-history":[{"count":0,"href":"http:\/\/www.michael-schumacher.es\/noticias-f1\/wp-json\/wp\/v2\/posts\/11034\/revisions"}],"wp:attachment":[{"href":"http:\/\/www.michael-schumacher.es\/noticias-f1\/wp-json\/wp\/v2\/media?parent=11034"}],"wp:term":[{"taxonomy":"category","embeddable":true,"href":"http:\/\/www.michael-schumacher.es\/noticias-f1\/wp-json\/wp\/v2\/categories?post=11034"},{"taxonomy":"post_tag","embeddable":true,"href":"http:\/\/www.michael-schumacher.es\/noticias-f1\/wp-json\/wp\/v2\/tags?post=11034"}],"curies":[{"name":"wp","href":"https:\/\/api.w.org\/{rel}","templated":true}]}}