{"id":11048,"date":"2013-06-30T11:43:57","date_gmt":"2013-06-30T09:43:57","guid":{"rendered":"http:\/\/www.michael-schumacher.es\/noticias-f1\/?p=11048"},"modified":"2013-06-30T11:43:57","modified_gmt":"2013-06-30T09:43:57","slug":"paul-di-resta-excluido-de-la-calificacion-saldra-desde-la-ultima-posicion-de-la-parrilla","status":"publish","type":"post","link":"http:\/\/www.michael-schumacher.es\/noticias-f1\/2013\/06\/30\/paul-di-resta-excluido-de-la-calificacion-saldra-desde-la-ultima-posicion-de-la-parrilla\/","title":{"rendered":"Paul Di Resta excluido de la calificaci\u00f3n, saldr\u00e1 desde la \u00faltima posici\u00f3n de la parrilla."},"content":{"rendered":"<p><a href=\"http:\/\/www.michael-schumacher.es\/noticias-f1\/wp-content\/uploads\/2012\/08\/david_sarro.di-resta-1.jpg\"><img loading=\"lazy\" class=\"alignleft\" alt=\"Paul di Resta 1 \" src=\"http:\/\/www.michael-schumacher.es\/noticias-f1\/wp-content\/uploads\/2012\/08\/david_sarro.di-resta-1.jpg\" width=\"201\" height=\"133\" \/><\/a>Di Resta hab\u00eda conseguido la mejor calificaci\u00f3n de su carrera con un quinto puesto hoy, pero su alegr\u00eda y su excelente esfuerzo han durado poco tiempo, ya que, en las comprobaci\u00f3n posterior a la calificaci\u00f3n su monoplaza no ha alcanzado el peso m\u00ednimo exigido por el reglamento de 642 kilogramos.<\/p>\n<p><!--more--> <!--noteaser--><\/p>\n<p><a href=\"http:\/\/www.michael-schumacher.es\/noticias-f1\/wp-content\/uploads\/2012\/08\/david_sarro.di-resta-1.jpg\"><img loading=\"lazy\" class=\"aligncenter size-full wp-image-3231\" alt=\"Paul di Resta 1 \" src=\"http:\/\/www.michael-schumacher.es\/noticias-f1\/wp-content\/uploads\/2012\/08\/david_sarro.di-resta-1.jpg\" width=\"600\" height=\"399\" srcset=\"http:\/\/www.michael-schumacher.es\/noticias-f1\/wp-content\/uploads\/2012\/08\/david_sarro.di-resta-1.jpg 600w, http:\/\/www.michael-schumacher.es\/noticias-f1\/wp-content\/uploads\/2012\/08\/david_sarro.di-resta-1-300x199.jpg 300w\" sizes=\"(max-width: 600px) 100vw, 600px\" \/><\/a><\/p>\n<p>&nbsp;<\/p>\n<p>Po lo que los comisarios han dictaminado que esto contraviene los art\u00edculos 26.1 del Reglamento Deportivo y el 4.1 del Reglamento T\u00e9cnico, por lo que el piloto es descalificado de los resultados de la sesi\u00f3n de calificaci\u00f3n y deber\u00e1 iniciar la carrera en la \u00faltima posici\u00f3n de la parrilla.<\/p>\n<p>&nbsp;<\/p>\n<p>Seg\u00fan la informaci\u00f3n suministrada el\u00a0 Force India VJM06 de Paul Di Resta dio un pes\u00f3 641,5 kilos en el pesaje que se realiz\u00f3 despu\u00e9s de la calificaci\u00f3n con la gasolina dentro, lo cual supone que peso medio kilo menos de lo que el reglamento exige en el coche vac\u00edo. Posteriormente el monoplaza de Di Resta se pes\u00f3 vac\u00edo de combustible y dio un peso de 640 kilogramos, esto supone dos menos del peso que el reglamento exige.<\/p>\n<p>&nbsp;<\/p>\n<p>Cuando se recalibr\u00f3 de las escalas utilizadas por la FIA, se comprob\u00f3 que estos pesos demostrado que los pesos que deben pesar\u00a0 600 kilos, dieron un peso de 599,5. Por lo que el\u00a0 error de peso es \u00fanicamente de 1,5 kilo, en lugar de los dos kilos supuestos en un primer momento, aunque la diferencia no le excluye de incumplir el Reglamento T\u00e9cnico, por lo que se ha impuesto la sanci\u00f3n antes mencionada.<\/p>\n<p>&nbsp;<\/p>\n<p>Con lo cual todos los pilotos que han calificado detr\u00e1s de Di Resta ganaran una posici\u00f3n en parrilla de salida y Ricciardo, Grosjean y Alonso adem\u00e1s de ganar una posici\u00f3n, ahora tomaran la salida por el lado limpio de la pista.<\/p>\n<p>&nbsp;<\/p>\n<p>&nbsp;<\/p>\n<div class=\"sharedaddy sd-sharing-enabled\"><div class=\"robots-nocontent sd-block sd-social sd-social-official sd-sharing\"><h3 class=\"sd-title\">Opciones Sociales:<\/h3><div class=\"sd-content\"><ul><li class=\"share-facebook\"><div class=\"fb-share-button\" data-href=\"http:\/\/www.michael-schumacher.es\/noticias-f1\/2013\/06\/30\/paul-di-resta-excluido-de-la-calificacion-saldra-desde-la-ultima-posicion-de-la-parrilla\/\" data-layout=\"button_count\"><\/div><\/li><li class=\"share-twitter\"><a href=\"https:\/\/twitter.com\/share\" class=\"twitter-share-button\" data-url=\"http:\/\/www.michael-schumacher.es\/noticias-f1\/2013\/06\/30\/paul-di-resta-excluido-de-la-calificacion-saldra-desde-la-ultima-posicion-de-la-parrilla\/\" data-text=\"Paul Di Resta excluido de la calificaci\u00f3n, saldr\u00e1 desde la \u00faltima posici\u00f3n de la parrilla.\"  >Tweet<\/a><\/li><li class=\"share-email\"><a rel=\"nofollow noopener noreferrer\" data-shared=\"\" class=\"share-email sd-button\" href=\"http:\/\/www.michael-schumacher.es\/noticias-f1\/2013\/06\/30\/paul-di-resta-excluido-de-la-calificacion-saldra-desde-la-ultima-posicion-de-la-parrilla\/?share=email\" target=\"_blank\" title=\"Haz clic para enviar por correo electr\u00f3nico a un amigo\"><span>Correo electr\u00f3nico<\/span><\/a><\/li><li class=\"share-end\"><\/li><\/ul><\/div><\/div><\/div>","protected":false},"excerpt":{"rendered":"<p>Di Resta hab\u00eda conseguido la mejor calificaci\u00f3n de su carrera con un quinto puesto hoy, pero su alegr\u00eda y su excelente esfuerzo han durado poco tiempo, ya que, en las comprobaci\u00f3n posterior a la calificaci\u00f3n su monoplaza no ha alcanzado el peso m\u00ednimo exigido por el reglamento de 642 kilogramos.<\/p>\n<div class=\"sharedaddy sd-sharing-enabled\"><div class=\"robots-nocontent sd-block sd-social sd-social-official sd-sharing\"><h3 class=\"sd-title\">Opciones Sociales:<\/h3><div class=\"sd-content\"><ul><li class=\"share-facebook\"><div class=\"fb-share-button\" data-href=\"http:\/\/www.michael-schumacher.es\/noticias-f1\/2013\/06\/30\/paul-di-resta-excluido-de-la-calificacion-saldra-desde-la-ultima-posicion-de-la-parrilla\/\" data-layout=\"button_count\"><\/div><\/li><li class=\"share-twitter\"><a href=\"https:\/\/twitter.com\/share\" class=\"twitter-share-button\" data-url=\"http:\/\/www.michael-schumacher.es\/noticias-f1\/2013\/06\/30\/paul-di-resta-excluido-de-la-calificacion-saldra-desde-la-ultima-posicion-de-la-parrilla\/\" data-text=\"Paul Di Resta excluido de la calificaci\u00f3n, saldr\u00e1 desde la \u00faltima posici\u00f3n de la parrilla.\"  >Tweet<\/a><\/li><li class=\"share-email\"><a rel=\"nofollow noopener noreferrer\" data-shared=\"\" class=\"share-email sd-button\" href=\"http:\/\/www.michael-schumacher.es\/noticias-f1\/2013\/06\/30\/paul-di-resta-excluido-de-la-calificacion-saldra-desde-la-ultima-posicion-de-la-parrilla\/?share=email\" target=\"_blank\" title=\"Haz clic para enviar por correo electr\u00f3nico a un amigo\"><span>Correo electr\u00f3nico<\/span><\/a><\/li><li class=\"share-end\"><\/li><\/ul><\/div><\/div><\/div>","protected":false},"author":3,"featured_media":0,"comment_status":"open","ping_status":"open","sticky":false,"template":"","format":"standard","meta":{"_monsterinsights_skip_tracking":false,"_monsterinsights_sitenote_active":false,"_monsterinsights_sitenote_note":"","_monsterinsights_sitenote_category":0,"spay_email":"","jetpack_publicize_message":"","jetpack_is_tweetstorm":false,"jetpack_publicize_feature_enabled":true},"categories":[68,3],"tags":[155,110,2100,17,126,15,6,3587,551,734,109,3066,959,1165,338,1810],"jetpack_featured_media_url":"","jetpack_publicize_connections":[],"jetpack_sharing_enabled":true,"jetpack_shortlink":"https:\/\/wp.me\/p27q3P-2Sc","_links":{"self":[{"href":"http:\/\/www.michael-schumacher.es\/noticias-f1\/wp-json\/wp\/v2\/posts\/11048"}],"collection":[{"href":"http:\/\/www.michael-schumacher.es\/noticias-f1\/wp-json\/wp\/v2\/posts"}],"about":[{"href":"http:\/\/www.michael-schumacher.es\/noticias-f1\/wp-json\/wp\/v2\/types\/post"}],"author":[{"embeddable":true,"href":"http:\/\/www.michael-schumacher.es\/noticias-f1\/wp-json\/wp\/v2\/users\/3"}],"replies":[{"embeddable":true,"href":"http:\/\/www.michael-schumacher.es\/noticias-f1\/wp-json\/wp\/v2\/comments?post=11048"}],"version-history":[{"count":0,"href":"http:\/\/www.michael-schumacher.es\/noticias-f1\/wp-json\/wp\/v2\/posts\/11048\/revisions"}],"wp:attachment":[{"href":"http:\/\/www.michael-schumacher.es\/noticias-f1\/wp-json\/wp\/v2\/media?parent=11048"}],"wp:term":[{"taxonomy":"category","embeddable":true,"href":"http:\/\/www.michael-schumacher.es\/noticias-f1\/wp-json\/wp\/v2\/categories?post=11048"},{"taxonomy":"post_tag","embeddable":true,"href":"http:\/\/www.michael-schumacher.es\/noticias-f1\/wp-json\/wp\/v2\/tags?post=11048"}],"curies":[{"name":"wp","href":"https:\/\/api.w.org\/{rel}","templated":true}]}}