{"id":1107,"date":"2012-05-26T22:29:41","date_gmt":"2012-05-26T20:29:41","guid":{"rendered":"http:\/\/www.michael-schumacher.es\/noticias-f1\/?p=1107"},"modified":"2012-05-26T22:29:41","modified_gmt":"2012-05-26T20:29:41","slug":"calificacion-gp-de-monaco-monte-carlo-2012-marussia","status":"publish","type":"post","link":"http:\/\/www.michael-schumacher.es\/noticias-f1\/2012\/05\/26\/calificacion-gp-de-monaco-monte-carlo-2012-marussia\/","title":{"rendered":"Calificaci\u00f3n GP de M\u00f3naco, Monte Carlo 2012. Marussia"},"content":{"rendered":"<p><img loading=\"lazy\" class=\"alignleft\" title=\"Marussia\" src=\"http:\/\/img.michael-schumacher.es\/noticias-f1\/marussia\/marussia-1-mini.jpeg\" alt=\"Marussia\" width=\"202\" height=\"100\" \/>Timo ha tenido un mejor tiempo hoy, despu\u00e9s de mejorar su coche en la sesi\u00f3n de esta ma\u00f1ana los entrenamientos libres y hacer otros cambios en el descanso, que tambi\u00e9n ayudo a\u00a0 su camino.Carlos ha sido menos afortunado con el ritmo de su auto frente a la anterior carrera en Espa\u00f1a y tuvo una carrera decepcionante en la calificaci\u00f3n, obstaculizada por la bandera roja y el tr\u00e1fico.<\/p>\n<p><!--more--> <!--noteaser--><\/p>\n<p><img loading=\"lazy\" class=\"aligncenter\" title=\"Marussia\" src=\"http:\/\/img.michael-schumacher.es\/noticias-f1\/marussia\/marussia-1.jpeg\" alt=\"Marussia\" width=\"605\" height=\"300\" \/><\/p>\n<p>Timo ha tenido un mejor tiempo hoy, despu\u00e9s de mejorar su coche en la sesi\u00f3n de esta ma\u00f1ana los entrenamientos libres y hacer otros cambios en el descanso, que tambi\u00e9n ayudo a\u00a0 su camino.Carlos ha sido menos afortunado con el ritmo de su auto frente a la anterior carrera en Espa\u00f1a y tuvo una carrera decepcionante en la calificaci\u00f3n, obstaculizada por la bandera roja y el tr\u00e1fico.<\/p>\n<p>&nbsp;<\/p>\n<p><strong>Timo Glock:<\/strong> \u00abCreo que otro buen d\u00eda para m\u00ed. FP3 esta ma\u00f1ana fue una sesi\u00f3n bastante s\u00f3lida y nos abrimos paso a trav\u00e9s del programa. Como un equipo que hemos trabajado bien juntos todo el fin de semana, mis ingenieros, mec\u00e1nicos y yo, juntos tenemos el coche en buenas condiciones para la calificaci\u00f3n. Hemos hecho algunos peque\u00f1os ajustes entre las dos sesiones y me sent\u00eda contento con el coche. Despu\u00e9s del incidente de P\u00e9rez y la bandera roja, el trabajo era m\u00e1s dif\u00edcil, ya que s\u00f3lo podr\u00eda tener una vuelta en los neum\u00e1ticos s\u00faper blandos y con todo el tr\u00e1fico. As\u00ed que estoy bastante contento con mi vuelta y gracias a mis ingenieros para ponerme en el mejor lugar posible para mi vuelta r\u00e1pida. Ahora espero que llegue ma\u00f1ana y lo que estoy seguro ser\u00e1 una carrera emocionante. Fue muy amable de Mike Rockenfeller DTM que aperecio antes de calificar para una visita sorpresa. Fue muy bueno verlo. \u00bb<\/p>\n<p>&nbsp;<\/p>\n<p><strong>Charles Pic:<\/strong> \u00abEn general no fue una gran calificaci\u00f3n para m\u00ed. Creo que nuestro ritmo aqu\u00ed en M\u00f3naco es menos fuerte de lo que era en Barcelona. Yo tambi\u00e9n tuve algo de tr\u00e1fico en mi vuelta r\u00e1pida por lo que no fue un buen d\u00eda. Ahora tenemos que centrarnos todo lo posible en el ma\u00f1ana y lo que podemos hacer para mejorar. Sabemos que a veces en M\u00f3naco hay oportunidades, por lo que tendremos que ponernos en la mejor posici\u00f3n para ser capaces de tomar ventaja de ellos. \u00bb<\/p>\n<p>&nbsp;<\/p>\n<p><strong>John Booth, director del equipo:<\/strong> \u00abDesafortunadamente nos encontramos con suerte dispar entre los dos coches en la calificaci\u00f3n. El objetivo de entrar en esta carrera era para mejorar el equilibrio de Timo y seguimos viendo Charles mejorar su forma, pero parece que hemos conseguido el primero, pero no ayud\u00f3 a Charles con este \u00faltimo. Para su coche, tenemos que pasar alg\u00fan tiempo la comprensi\u00f3n de las decisiones que hemos tomado entre FP2 y clasificaci\u00f3n. Como equipo tenemos que llegar al punto donde los dos pilotos puedan \u00a0rendir al m\u00e1ximo en la calificaci\u00f3n y este ser\u00e1 nuestro objetivo en el futuro. Para ma\u00f1ana est\u00e1n siendo colocados como \u00a0se esperaba y estoy seguro de que ambos pilotos har\u00e1n un buen progreso y estar listos para tomar ventaja de las situaciones que se presentan en esta carrera llena de acontecimientos por lo general \u00ab.<\/p>\n<div class=\"sharedaddy sd-sharing-enabled\"><div class=\"robots-nocontent sd-block sd-social sd-social-official sd-sharing\"><h3 class=\"sd-title\">Opciones Sociales:<\/h3><div class=\"sd-content\"><ul><li class=\"share-facebook\"><div class=\"fb-share-button\" data-href=\"http:\/\/www.michael-schumacher.es\/noticias-f1\/2012\/05\/26\/calificacion-gp-de-monaco-monte-carlo-2012-marussia\/\" data-layout=\"button_count\"><\/div><\/li><li class=\"share-twitter\"><a href=\"https:\/\/twitter.com\/share\" class=\"twitter-share-button\" data-url=\"http:\/\/www.michael-schumacher.es\/noticias-f1\/2012\/05\/26\/calificacion-gp-de-monaco-monte-carlo-2012-marussia\/\" data-text=\"Calificaci\u00f3n GP de M\u00f3naco, Monte Carlo 2012. Marussia\"  >Tweet<\/a><\/li><li class=\"share-email\"><a rel=\"nofollow noopener noreferrer\" data-shared=\"\" class=\"share-email sd-button\" href=\"http:\/\/www.michael-schumacher.es\/noticias-f1\/2012\/05\/26\/calificacion-gp-de-monaco-monte-carlo-2012-marussia\/?share=email\" target=\"_blank\" title=\"Haz clic para enviar por correo electr\u00f3nico a un amigo\"><span>Correo electr\u00f3nico<\/span><\/a><\/li><li class=\"share-end\"><\/li><\/ul><\/div><\/div><\/div>","protected":false},"excerpt":{"rendered":"<p>Timo ha tenido un mejor tiempo hoy, despu\u00e9s de mejorar su coche en la sesi\u00f3n de esta ma\u00f1ana los entrenamientos libres y hacer otros cambios en el descanso, que tambi\u00e9n ayudo a\u00a0 su camino.Carlos ha sido menos afortunado con el ritmo de su auto frente a la anterior carrera en Espa\u00f1a y tuvo una carrera [&hellip;]<\/p>\n<div class=\"sharedaddy sd-sharing-enabled\"><div class=\"robots-nocontent sd-block sd-social sd-social-official sd-sharing\"><h3 class=\"sd-title\">Opciones Sociales:<\/h3><div class=\"sd-content\"><ul><li class=\"share-facebook\"><div class=\"fb-share-button\" data-href=\"http:\/\/www.michael-schumacher.es\/noticias-f1\/2012\/05\/26\/calificacion-gp-de-monaco-monte-carlo-2012-marussia\/\" data-layout=\"button_count\"><\/div><\/li><li class=\"share-twitter\"><a href=\"https:\/\/twitter.com\/share\" class=\"twitter-share-button\" data-url=\"http:\/\/www.michael-schumacher.es\/noticias-f1\/2012\/05\/26\/calificacion-gp-de-monaco-monte-carlo-2012-marussia\/\" data-text=\"Calificaci\u00f3n GP de M\u00f3naco, Monte Carlo 2012. Marussia\"  >Tweet<\/a><\/li><li class=\"share-email\"><a rel=\"nofollow noopener noreferrer\" data-shared=\"\" class=\"share-email sd-button\" href=\"http:\/\/www.michael-schumacher.es\/noticias-f1\/2012\/05\/26\/calificacion-gp-de-monaco-monte-carlo-2012-marussia\/?share=email\" target=\"_blank\" title=\"Haz clic para enviar por correo electr\u00f3nico a un amigo\"><span>Correo electr\u00f3nico<\/span><\/a><\/li><li class=\"share-end\"><\/li><\/ul><\/div><\/div><\/div>","protected":false},"author":2,"featured_media":0,"comment_status":"open","ping_status":"open","sticky":false,"template":"","format":"standard","meta":{"_monsterinsights_skip_tracking":false,"_monsterinsights_sitenote_active":false,"_monsterinsights_sitenote_note":"","_monsterinsights_sitenote_category":0,"spay_email":"","jetpack_publicize_message":"","jetpack_is_tweetstorm":false,"jetpack_publicize_feature_enabled":true},"categories":[68,3],"tags":[155,116,17,15,119,6,139,404,405,117,406,118],"jetpack_featured_media_url":"","jetpack_publicize_connections":[],"jetpack_sharing_enabled":true,"jetpack_shortlink":"https:\/\/wp.me\/p27q3P-hR","_links":{"self":[{"href":"http:\/\/www.michael-schumacher.es\/noticias-f1\/wp-json\/wp\/v2\/posts\/1107"}],"collection":[{"href":"http:\/\/www.michael-schumacher.es\/noticias-f1\/wp-json\/wp\/v2\/posts"}],"about":[{"href":"http:\/\/www.michael-schumacher.es\/noticias-f1\/wp-json\/wp\/v2\/types\/post"}],"author":[{"embeddable":true,"href":"http:\/\/www.michael-schumacher.es\/noticias-f1\/wp-json\/wp\/v2\/users\/2"}],"replies":[{"embeddable":true,"href":"http:\/\/www.michael-schumacher.es\/noticias-f1\/wp-json\/wp\/v2\/comments?post=1107"}],"version-history":[{"count":0,"href":"http:\/\/www.michael-schumacher.es\/noticias-f1\/wp-json\/wp\/v2\/posts\/1107\/revisions"}],"wp:attachment":[{"href":"http:\/\/www.michael-schumacher.es\/noticias-f1\/wp-json\/wp\/v2\/media?parent=1107"}],"wp:term":[{"taxonomy":"category","embeddable":true,"href":"http:\/\/www.michael-schumacher.es\/noticias-f1\/wp-json\/wp\/v2\/categories?post=1107"},{"taxonomy":"post_tag","embeddable":true,"href":"http:\/\/www.michael-schumacher.es\/noticias-f1\/wp-json\/wp\/v2\/tags?post=1107"}],"curies":[{"name":"wp","href":"https:\/\/api.w.org\/{rel}","templated":true}]}}