{"id":11094,"date":"2013-07-01T03:54:43","date_gmt":"2013-07-01T01:54:43","guid":{"rendered":"http:\/\/www.michael-schumacher.es\/noticias-f1\/?p=11094"},"modified":"2013-07-01T03:54:43","modified_gmt":"2013-07-01T01:54:43","slug":"balance-gp-de-gran-bretana-silverstone-2013-mclaren","status":"publish","type":"post","link":"http:\/\/www.michael-schumacher.es\/noticias-f1\/2013\/07\/01\/balance-gp-de-gran-bretana-silverstone-2013-mclaren\/","title":{"rendered":"Balance GP de Gran Breta\u00f1a, Silverstone 2013. McLaren"},"content":{"rendered":"<p><a href=\"http:\/\/www.michael-schumacher.es\/noticias-f1\/wp-content\/uploads\/2013\/02\/Sergio-Perez-McLaren.jpg\"><img loading=\"lazy\" class=\"alignleft\" alt=\"Sergio Perez McLaren Test Barcelona dia 2\" src=\"http:\/\/www.michael-schumacher.es\/noticias-f1\/wp-content\/uploads\/2013\/02\/Sergio-Perez-McLaren.jpg\" width=\"200\" height=\"106\" \/><\/a>El equipo McLaren sin duda deseaba un mejor resultado en sus Gran Premio en casa, pero sus dos pilotos han quedado fuera de los puntos, pese a que han realizado un buen trabajo, pero ambos pilotos sufrieron complicaciones, aunque su ritmo parece haber mejorado. El equipo agradece el apoyo a todos sus fans y conf\u00eda en tener mejor resultado la pr\u00f3xima semana en Alemania<\/p>\n<p><!--more--> <!--noteaser--><\/p>\n<p><a href=\"http:\/\/www.michael-schumacher.es\/noticias-f1\/wp-content\/uploads\/2013\/02\/Sergio-Perez-McLaren.jpg\"><img loading=\"lazy\" class=\"aligncenter size-full wp-image-8015\" alt=\"Sergio Perez McLaren Test Barcelona dia 2\" src=\"http:\/\/www.michael-schumacher.es\/noticias-f1\/wp-content\/uploads\/2013\/02\/Sergio-Perez-McLaren.jpg\" width=\"660\" height=\"350\" srcset=\"http:\/\/www.michael-schumacher.es\/noticias-f1\/wp-content\/uploads\/2013\/02\/Sergio-Perez-McLaren.jpg 660w, http:\/\/www.michael-schumacher.es\/noticias-f1\/wp-content\/uploads\/2013\/02\/Sergio-Perez-McLaren-300x159.jpg 300w\" sizes=\"(max-width: 660px) 100vw, 660px\" \/><\/a><\/p>\n<p>&nbsp;<\/p>\n<p>El equipo McLaren sin duda deseaba un mejor resultado en sus Gran Premio en casa, pero sus dos pilotos han quedado fuera de los puntos, pese a que han realizado un buen trabajo, pero ambos pilotos sufrieron complicaciones, aunque su ritmo parece haber mejorado. El equipo agradece el apoyo a todos sus fans y conf\u00eda en tener mejor resultado la pr\u00f3xima semana en Alemania<\/p>\n<p>&nbsp;<\/p>\n<p>Jenson Button aunque no ten\u00eda un ritmo muy malo, perdi\u00f3 sus opciones de acabar en los puntos en la \u00faltima salida del safety car, cuando decidieron no entrar y los coches con neum\u00e1ticos m\u00e1s frescos le adelantaron, por lo que finalizo en posici\u00f3n 13\u00ba, por lo que, lo mejor del fin de semana para Jenson ha sido el apoyo de sus fans. Sergio P\u00e9rez fue uno de los cuatro pilotos que sufri\u00f3 revent\u00f3n en la carrera de hoy, por lo que a pesar de haber estado bastantes vueltas en el Top 10, con un s\u00f3lido pilotaje, por lo que ha finalizado la carrera en posici\u00f3n 11\u00ba, pero considera que han mejorado y lo demostraran en las pr\u00f3ximas carreras.<\/p>\n<p>&nbsp;<\/p>\n<p><strong>Jenson Button:<\/strong> <em>\u00abEmpec\u00e9 con el neum\u00e1tico duro, pero que r\u00e1pidamente granulo y me dio problemas desde el principio en el primer stint. Yo era m\u00e1s feliz con los medios. Nuestro ritmo no era demasiado malo, pero la \u00faltima tanda fue particularmente dif\u00edcil. Despu\u00e9s del \u00faltimo coche de seguridad, no quedaba una gran cantidad de banda de rodadura en los neum\u00e1ticos, por lo que llegar a la temperatura era muy dif\u00edcil &#8211; luchamos con eso de todos modos. En las \u00faltimas vueltas, era vulnerable. Todos los coches con los neum\u00e1ticos m\u00e1s frescos estaban luchando para conseguir adelantar, y tan pronto como me fui fuera de l\u00ednea para defender, se hizo a\u00fan m\u00e1s dif\u00edcil conseguir la temperatura de nuevo en el neum\u00e1tico. Por razones de seguridad, las razones de los problemas de los neum\u00e1ticos este fin de semana es necesario solucionarlo. Es peligroso que el conductor del coche, ya que puede perder el control, pero tambi\u00e9n es peligroso para el conductor del coche de atr\u00e1s, ya que puede ser golpeado por una banda de goma. Esperemos que las cosas puedan cambiar para la pr\u00f3xima carrera. Por \u00faltimo, quiero decir un gran\u00bb gracias \u00aba todos los fans que nos han apoyado este fin de semana. Cada a\u00f1o, su apoyo parece crecer m\u00e1s grande, y su pasi\u00f3n por el deporte se hace m\u00e1s profunda &#8211; ha sido un honor y un privilegio poder correr delante de un grupo tan entusiasta de personas. Su apoyo realmente fue lo mejor de mi fin de semana. As\u00ed que, gracias.\u00bb<\/em><\/p>\n<p>&nbsp;<\/p>\n<p><strong>Sergio Perez:<\/strong> <em>\u00abEs una\u00a0 gran lastima para el equipo &#8211; que necesit\u00e1bamos este resultado. Mi carrera ha ido bien. Hab\u00eda estado corriendo en el Top 10 durante la mayor parte de la tarde, cuando el neum\u00e1tico trasero izquierdo de repente explot\u00f3. Sent\u00ed una explosi\u00f3n a lo largo de la recta del Hangar &#8211; no hab\u00eda nada que realmente pudiera hacer al respecto. Los neum\u00e1ticos son una gran preocupaci\u00f3n. Por suerte nada grave ocurri\u00f3 a nadie, pero tenemos que sentarnos juntos, tener una explicaci\u00f3n y hacer algo. En general, hemos hecho una mejora s\u00f3lida a trav\u00e9s del fin de semana. Hemos hecho algunas mejoras \u00fatiles y demostramos que nuestro ritmo es un paso adelante. Esos son todo positivo para quedarnos. Tuvimos muy mala suerte hoy\u00bb.<\/em><\/p>\n<p>&nbsp;<\/p>\n<p><strong>Martin Whitmarsh\u00a0 &#8211; El director del equipo, Vodafone McLaren Mercedes:<\/strong> <em>\u00abEste fue un fin de semana de formaci\u00f3n del car\u00e1cter de Checo, que, por causas ajenas, tuvo que superar una serie de contratiempos tanto el s\u00e1bado como el domingo. Condujo fant\u00e1sticamente bien hoy, lo que muestra la dureza y la resistencia que le ha marcado como un piloto popular. Piloto as\u00ed toda la tarde, y estaba listo para un buen final merecido en los puntos. Para terminar su tarde con otro fallo de los neum\u00e1ticos fue extremadamente cruel. Sin embargo, estoy contento con la forma en que ha tratado r\u00e1pidamente con la adversidad, este fin de semana lo har\u00e1 un competidor a\u00fan m\u00e1s fuerte. Jenson ha tenido mala suerte, tambi\u00e9n. Nosotros optamos por dejarlo fuera durante el per\u00edodo de coche de seguridad final. Sab\u00edamos que iba a ser dif\u00edcil para \u00e9l mantenerse a la cabeza de todos los coches que hab\u00edan cambiado de gomas detr\u00e1s de \u00e9l, pero est\u00e1bamos bastante seguros de que a\u00fan pod\u00eda salvar un buen resultado. Sin embargo, nuestra confianza result\u00f3 estar fuera de lugar, era incapaz de calentar los neum\u00e1ticos para el \u00faltimo sprint a la meta y, en consecuencia, era impotente para defenderse, perdiendo posiciones y terminando fuera de los puntos. Quiero rendir homenaje a las decenas de miles de fans que han apoyado a la F\u00f3rmula 1 a trav\u00e9s de todos los tiempos, este fin de semana. No hace falta decir que los aficionados brit\u00e1nicos son los mayores fans que tenemos, y su apoyo continuo para nuestro equipo, incluso durante un fin de semana complicado como \u00e9ste, ha sido enormemente gratificante. Los fans han sido absolutamente fant\u00e1sticos. En general, este ha sido un fin de semana dif\u00edcil para Vodafone McLaren Mercedes. Sin embargo, hemos aprendido algunas lecciones \u00fatiles, y vamos a aprender de ellos para la carrera del pr\u00f3ximo fin de semana en Alemania, donde vamos a estar buscando un mejor resultado\u201d.<\/em><\/p>\n<p>&nbsp;<\/p>\n<p>&nbsp;<\/p>\n<div class=\"sharedaddy sd-sharing-enabled\"><div class=\"robots-nocontent sd-block sd-social sd-social-official sd-sharing\"><h3 class=\"sd-title\">Opciones Sociales:<\/h3><div class=\"sd-content\"><ul><li class=\"share-facebook\"><div class=\"fb-share-button\" data-href=\"http:\/\/www.michael-schumacher.es\/noticias-f1\/2013\/07\/01\/balance-gp-de-gran-bretana-silverstone-2013-mclaren\/\" data-layout=\"button_count\"><\/div><\/li><li class=\"share-twitter\"><a href=\"https:\/\/twitter.com\/share\" class=\"twitter-share-button\" data-url=\"http:\/\/www.michael-schumacher.es\/noticias-f1\/2013\/07\/01\/balance-gp-de-gran-bretana-silverstone-2013-mclaren\/\" data-text=\"Balance GP de Gran Breta\u00f1a, Silverstone 2013. McLaren\"  >Tweet<\/a><\/li><li class=\"share-email\"><a rel=\"nofollow noopener noreferrer\" data-shared=\"\" class=\"share-email sd-button\" href=\"http:\/\/www.michael-schumacher.es\/noticias-f1\/2013\/07\/01\/balance-gp-de-gran-bretana-silverstone-2013-mclaren\/?share=email\" target=\"_blank\" title=\"Haz clic para enviar por correo electr\u00f3nico a un amigo\"><span>Correo electr\u00f3nico<\/span><\/a><\/li><li class=\"share-end\"><\/li><\/ul><\/div><\/div><\/div>","protected":false},"excerpt":{"rendered":"<p>El equipo McLaren sin duda deseaba un mejor resultado en sus Gran Premio en casa, pero sus dos pilotos han quedado fuera de los puntos, pese a que han realizado un buen trabajo, pero ambos pilotos sufrieron complicaciones, aunque su ritmo parece haber mejorado. El equipo agradece el apoyo a todos sus fans y conf\u00eda [&hellip;]<\/p>\n<div class=\"sharedaddy sd-sharing-enabled\"><div class=\"robots-nocontent sd-block sd-social sd-social-official sd-sharing\"><h3 class=\"sd-title\">Opciones Sociales:<\/h3><div class=\"sd-content\"><ul><li class=\"share-facebook\"><div class=\"fb-share-button\" data-href=\"http:\/\/www.michael-schumacher.es\/noticias-f1\/2013\/07\/01\/balance-gp-de-gran-bretana-silverstone-2013-mclaren\/\" data-layout=\"button_count\"><\/div><\/li><li class=\"share-twitter\"><a href=\"https:\/\/twitter.com\/share\" class=\"twitter-share-button\" data-url=\"http:\/\/www.michael-schumacher.es\/noticias-f1\/2013\/07\/01\/balance-gp-de-gran-bretana-silverstone-2013-mclaren\/\" data-text=\"Balance GP de Gran Breta\u00f1a, Silverstone 2013. McLaren\"  >Tweet<\/a><\/li><li class=\"share-email\"><a rel=\"nofollow noopener noreferrer\" data-shared=\"\" class=\"share-email sd-button\" href=\"http:\/\/www.michael-schumacher.es\/noticias-f1\/2013\/07\/01\/balance-gp-de-gran-bretana-silverstone-2013-mclaren\/?share=email\" target=\"_blank\" title=\"Haz clic para enviar por correo electr\u00f3nico a un amigo\"><span>Correo electr\u00f3nico<\/span><\/a><\/li><li class=\"share-end\"><\/li><\/ul><\/div><\/div><\/div>","protected":false},"author":3,"featured_media":0,"comment_status":"open","ping_status":"open","sticky":false,"template":"","format":"standard","meta":{"_monsterinsights_skip_tracking":false,"_monsterinsights_sitenote_active":false,"_monsterinsights_sitenote_note":"","_monsterinsights_sitenote_category":0,"spay_email":"","jetpack_publicize_message":"","jetpack_is_tweetstorm":false,"jetpack_publicize_feature_enabled":true},"categories":[4,3],"tags":[373,401,64,13,17,15,6,3587,8,12,115,138,90,89,338],"jetpack_featured_media_url":"","jetpack_publicize_connections":[],"jetpack_sharing_enabled":true,"jetpack_shortlink":"https:\/\/wp.me\/p27q3P-2SW","_links":{"self":[{"href":"http:\/\/www.michael-schumacher.es\/noticias-f1\/wp-json\/wp\/v2\/posts\/11094"}],"collection":[{"href":"http:\/\/www.michael-schumacher.es\/noticias-f1\/wp-json\/wp\/v2\/posts"}],"about":[{"href":"http:\/\/www.michael-schumacher.es\/noticias-f1\/wp-json\/wp\/v2\/types\/post"}],"author":[{"embeddable":true,"href":"http:\/\/www.michael-schumacher.es\/noticias-f1\/wp-json\/wp\/v2\/users\/3"}],"replies":[{"embeddable":true,"href":"http:\/\/www.michael-schumacher.es\/noticias-f1\/wp-json\/wp\/v2\/comments?post=11094"}],"version-history":[{"count":0,"href":"http:\/\/www.michael-schumacher.es\/noticias-f1\/wp-json\/wp\/v2\/posts\/11094\/revisions"}],"wp:attachment":[{"href":"http:\/\/www.michael-schumacher.es\/noticias-f1\/wp-json\/wp\/v2\/media?parent=11094"}],"wp:term":[{"taxonomy":"category","embeddable":true,"href":"http:\/\/www.michael-schumacher.es\/noticias-f1\/wp-json\/wp\/v2\/categories?post=11094"},{"taxonomy":"post_tag","embeddable":true,"href":"http:\/\/www.michael-schumacher.es\/noticias-f1\/wp-json\/wp\/v2\/tags?post=11094"}],"curies":[{"name":"wp","href":"https:\/\/api.w.org\/{rel}","templated":true}]}}