{"id":11119,"date":"2013-07-02T02:27:59","date_gmt":"2013-07-02T00:27:59","guid":{"rendered":"http:\/\/www.michael-schumacher.es\/noticias-f1\/?p=11119"},"modified":"2013-07-02T02:27:59","modified_gmt":"2013-07-02T00:27:59","slug":"pirelli-podra-hacer-dos-test-sin-restricciones","status":"publish","type":"post","link":"http:\/\/www.michael-schumacher.es\/noticias-f1\/2013\/07\/02\/pirelli-podra-hacer-dos-test-sin-restricciones\/","title":{"rendered":"Pirelli podr\u00e1 hacer dos test, sin restricciones"},"content":{"rendered":"<p><a href=\"http:\/\/www.michael-schumacher.es\/noticias-f1\/wp-content\/uploads\/2013\/03\/pirelli-motorhome.jpg\"><img loading=\"lazy\" class=\"alignleft\" alt=\"pirelli-motorhome\" src=\"http:\/\/www.michael-schumacher.es\/noticias-f1\/wp-content\/uploads\/2013\/03\/pirelli-motorhome.jpg\" width=\"199\" height=\"149\" \/><\/a>Sin duda el problema que pudimos observar con cuatro pilotos que sufrieron un revent\u00f3n en carrera, es un problema serio que merece respuestas inmediatas, ya que afecta directamente a la seguridad de los pilotos, algo con lo que nadie puede, ni quiere jugar, por lo que la FIA est\u00e1 tomando medidas con rapidez y adem\u00e1s de dejar a los pilotos oficiales que participen en el Test de j\u00f3venes pilotos, en inter\u00e9s de desarrollar los neum\u00e1ticos, tambi\u00e9n han decidido permitir a Pirelli\u00a0 dos sesiones de entrenamientos de tres d\u00edas sin ninguna restricci\u00f3n y lo que incluye con cualquier coche (incluso del 2013),\u00a0 para solventar estos serios\u00a0 problemas.<\/p>\n<p><!--more--> <!--noteaser--><\/p>\n<p><a href=\"http:\/\/www.michael-schumacher.es\/noticias-f1\/wp-content\/uploads\/2013\/03\/pirelli-motorhome.jpg\"><img loading=\"lazy\" class=\"aligncenter size-full wp-image-8460\" alt=\"pirelli-motorhome\" src=\"http:\/\/www.michael-schumacher.es\/noticias-f1\/wp-content\/uploads\/2013\/03\/pirelli-motorhome.jpg\" width=\"650\" height=\"487\" srcset=\"http:\/\/www.michael-schumacher.es\/noticias-f1\/wp-content\/uploads\/2013\/03\/pirelli-motorhome.jpg 650w, http:\/\/www.michael-schumacher.es\/noticias-f1\/wp-content\/uploads\/2013\/03\/pirelli-motorhome-300x224.jpg 300w\" sizes=\"(max-width: 650px) 100vw, 650px\" \/><\/a><\/p>\n<p>&nbsp;<\/p>\n<p>Sin duda el problema que pudimos observar con cuatro pilotos que sufrieron un revent\u00f3n en carrera, es un problema serio que merece respuestas inmediatas, ya que afecta directamente a la seguridad de los pilotos, algo con lo que nadie puede, ni quiere jugar, por lo que la FIA est\u00e1 tomando medidas con rapidez y adem\u00e1s de dejar a los pilotos oficiales que participen en el Test de j\u00f3venes pilotos, en inter\u00e9s de desarrollar los neum\u00e1ticos, tambi\u00e9n han decidido permitir a Pirelli\u00a0 dos sesiones de entrenamientos de tres d\u00edas sin ninguna restricci\u00f3n y lo que incluye con cualquier coche (incluso del 2013),\u00a0 para solventar estos serios\u00a0 problemas.<\/p>\n<p>&nbsp;<\/p>\n<p>Algo como lo que se vivi\u00f3 ayer no se puede repetir, el Gran Premio de Gran Breta\u00f1a cogi\u00f3 tintes dram\u00e1ticos, tras cuatro pilotos que sufrieron un revent\u00f3n, se desconoc\u00edan las razones, pero era obvio que la seguridad de los pilotos no estaba garantizada, afortunadamente nadie tuvo un accidente o sufri\u00f3 ning\u00fan da\u00f1o f\u00edsico, pero el propio Charlie Whiting, director de la carrera, confirm\u00f3 que no estuvo lejos de parar la carrera con una bandera roja:\u00a0<strong> \u00abEstuvo muy cerca de ser detenida por la bandera roja. Pens\u00e9 en ello\u00bb.<\/strong><\/p>\n<p>&nbsp;<\/p>\n<p>Bernie Ecclestone hoy confirmaba que tras las conversaciones entre Jean Todt y el, el presidente de la FIA ha permitido los test a Pirelli: <strong>\u00abPirelli quiere resolver sus problemas, pero no han tenido la oportunidad de probar debido a esas restricciones molestas. Pero habl\u00e9 con Jean Todt, durante el fin de semana y \u00e9l me dijo: \u201cDej\u00e9mosles hacer test\u201d. Todt les ha permitido organizar dos sesiones de tres d\u00edas entre ahora y cuando ellos quieran para prepararse para el pr\u00f3ximo a\u00f1o y los problemas de este a\u00f1o. As\u00ed que eso es exactamente lo que va a ocurrir\u00bb<\/strong><\/p>\n<p>&nbsp;<\/p>\n<p>Tambien Bernie Ecclestone ha confirmado que el test ser\u00e1 sin restricciones: <strong>\u201cNo, no, ellos pueden hacer lo que quieran. Pueden utilizar cualquier coche, incluso el de este a\u00f1o. No hay restricciones.\u201d<\/strong><\/p>\n<p>&nbsp;<\/p>\n<p>Ecclestone reconoce que hubieran preferido no tener que hacer estos test, ya que se pod\u00eda haber sufrido un accidente grave: <strong>\u201cHubi\u00e9ramos preferido que nunca tuvieran que llevar a cabo estos eventos. Podr\u00eda haber habido un accidente grave, pero hay que mantener la cautela, ya que no sabemos las causas exactas.\u201d<\/strong><\/p>\n<p>&nbsp;<\/p>\n<p>&nbsp;<\/p>\n<div class=\"sharedaddy sd-sharing-enabled\"><div class=\"robots-nocontent sd-block sd-social sd-social-official sd-sharing\"><h3 class=\"sd-title\">Opciones Sociales:<\/h3><div class=\"sd-content\"><ul><li class=\"share-facebook\"><div class=\"fb-share-button\" data-href=\"http:\/\/www.michael-schumacher.es\/noticias-f1\/2013\/07\/02\/pirelli-podra-hacer-dos-test-sin-restricciones\/\" data-layout=\"button_count\"><\/div><\/li><li class=\"share-twitter\"><a href=\"https:\/\/twitter.com\/share\" class=\"twitter-share-button\" data-url=\"http:\/\/www.michael-schumacher.es\/noticias-f1\/2013\/07\/02\/pirelli-podra-hacer-dos-test-sin-restricciones\/\" data-text=\"Pirelli podr\u00e1 hacer dos test, sin restricciones\"  >Tweet<\/a><\/li><li class=\"share-email\"><a rel=\"nofollow noopener noreferrer\" data-shared=\"\" class=\"share-email sd-button\" href=\"http:\/\/www.michael-schumacher.es\/noticias-f1\/2013\/07\/02\/pirelli-podra-hacer-dos-test-sin-restricciones\/?share=email\" target=\"_blank\" title=\"Haz clic para enviar por correo electr\u00f3nico a un amigo\"><span>Correo electr\u00f3nico<\/span><\/a><\/li><li class=\"share-end\"><\/li><\/ul><\/div><\/div><\/div>","protected":false},"excerpt":{"rendered":"<p>Sin duda el problema que pudimos observar con cuatro pilotos que sufrieron un revent\u00f3n en carrera, es un problema serio que merece respuestas inmediatas, ya que afecta directamente a la seguridad de los pilotos, algo con lo que nadie puede, ni quiere jugar, por lo que la FIA est\u00e1 tomando medidas con rapidez y adem\u00e1s [&hellip;]<\/p>\n<div class=\"sharedaddy sd-sharing-enabled\"><div class=\"robots-nocontent sd-block sd-social sd-social-official sd-sharing\"><h3 class=\"sd-title\">Opciones Sociales:<\/h3><div class=\"sd-content\"><ul><li class=\"share-facebook\"><div class=\"fb-share-button\" data-href=\"http:\/\/www.michael-schumacher.es\/noticias-f1\/2013\/07\/02\/pirelli-podra-hacer-dos-test-sin-restricciones\/\" data-layout=\"button_count\"><\/div><\/li><li class=\"share-twitter\"><a href=\"https:\/\/twitter.com\/share\" class=\"twitter-share-button\" data-url=\"http:\/\/www.michael-schumacher.es\/noticias-f1\/2013\/07\/02\/pirelli-podra-hacer-dos-test-sin-restricciones\/\" data-text=\"Pirelli podr\u00e1 hacer dos test, sin restricciones\"  >Tweet<\/a><\/li><li class=\"share-email\"><a rel=\"nofollow noopener noreferrer\" data-shared=\"\" class=\"share-email sd-button\" href=\"http:\/\/www.michael-schumacher.es\/noticias-f1\/2013\/07\/02\/pirelli-podra-hacer-dos-test-sin-restricciones\/?share=email\" target=\"_blank\" title=\"Haz clic para enviar por correo electr\u00f3nico a un amigo\"><span>Correo electr\u00f3nico<\/span><\/a><\/li><li class=\"share-end\"><\/li><\/ul><\/div><\/div><\/div>","protected":false},"author":3,"featured_media":0,"comment_status":"open","ping_status":"open","sticky":false,"template":"","format":"standard","meta":{"_monsterinsights_skip_tracking":false,"_monsterinsights_sitenote_active":false,"_monsterinsights_sitenote_note":"","_monsterinsights_sitenote_category":0,"spay_email":"","jetpack_publicize_message":"","jetpack_is_tweetstorm":false,"jetpack_publicize_feature_enabled":true},"categories":[3],"tags":[432,240,1373,17,127,15,468,319,3057,1708,255,223,567,3696,3698,3222,125,3699,3697,215,671],"jetpack_featured_media_url":"","jetpack_publicize_connections":[],"jetpack_sharing_enabled":true,"jetpack_shortlink":"https:\/\/wp.me\/p27q3P-2Tl","_links":{"self":[{"href":"http:\/\/www.michael-schumacher.es\/noticias-f1\/wp-json\/wp\/v2\/posts\/11119"}],"collection":[{"href":"http:\/\/www.michael-schumacher.es\/noticias-f1\/wp-json\/wp\/v2\/posts"}],"about":[{"href":"http:\/\/www.michael-schumacher.es\/noticias-f1\/wp-json\/wp\/v2\/types\/post"}],"author":[{"embeddable":true,"href":"http:\/\/www.michael-schumacher.es\/noticias-f1\/wp-json\/wp\/v2\/users\/3"}],"replies":[{"embeddable":true,"href":"http:\/\/www.michael-schumacher.es\/noticias-f1\/wp-json\/wp\/v2\/comments?post=11119"}],"version-history":[{"count":0,"href":"http:\/\/www.michael-schumacher.es\/noticias-f1\/wp-json\/wp\/v2\/posts\/11119\/revisions"}],"wp:attachment":[{"href":"http:\/\/www.michael-schumacher.es\/noticias-f1\/wp-json\/wp\/v2\/media?parent=11119"}],"wp:term":[{"taxonomy":"category","embeddable":true,"href":"http:\/\/www.michael-schumacher.es\/noticias-f1\/wp-json\/wp\/v2\/categories?post=11119"},{"taxonomy":"post_tag","embeddable":true,"href":"http:\/\/www.michael-schumacher.es\/noticias-f1\/wp-json\/wp\/v2\/tags?post=11119"}],"curies":[{"name":"wp","href":"https:\/\/api.w.org\/{rel}","templated":true}]}}