{"id":11172,"date":"2013-07-04T16:57:12","date_gmt":"2013-07-04T14:57:12","guid":{"rendered":"http:\/\/www.michael-schumacher.es\/noticias-f1\/?p=11172"},"modified":"2013-07-04T16:57:12","modified_gmt":"2013-07-04T14:57:12","slug":"wolff-critico-con-los-equipos-que-no-querian-cambio-de-neumaticos","status":"publish","type":"post","link":"http:\/\/www.michael-schumacher.es\/noticias-f1\/2013\/07\/04\/wolff-critico-con-los-equipos-que-no-querian-cambio-de-neumaticos\/","title":{"rendered":"Wolff cr\u00edtico con los equipos que no quer\u00edan cambio de neum\u00e1ticos"},"content":{"rendered":"<p><a href=\"http:\/\/www.michael-schumacher.es\/noticias-f1\/wp-content\/uploads\/2013\/01\/toto-wolff-3.jpg\"><img loading=\"lazy\" class=\"alignleft\" alt=\"Toto Wolff 3 \" src=\"http:\/\/www.michael-schumacher.es\/noticias-f1\/wp-content\/uploads\/2013\/01\/toto-wolff-3.jpg\" width=\"200\" height=\"99\" \/><\/a>Cambiar la estructura de los neum\u00e1ticos necesitaba una unanimidad, como no se logr\u00f3 no se pudo llevar a cabo ese cambio, Toto Wolff ha criticado a los que no bloquearon ese cambio de neum\u00e1ticos diciendo que eso era una b\u00fasqueda de ventaja oportunista.<\/p>\n<p><!--more--> <!--noteaser--><\/p>\n<p><a href=\"http:\/\/www.michael-schumacher.es\/noticias-f1\/wp-content\/uploads\/2013\/01\/toto-wolff-3.jpg\"><img loading=\"lazy\" class=\"aligncenter size-full wp-image-7553\" alt=\"Toto Wolff 3 \" src=\"http:\/\/www.michael-schumacher.es\/noticias-f1\/wp-content\/uploads\/2013\/01\/toto-wolff-3.jpg\" width=\"650\" height=\"322\" srcset=\"http:\/\/www.michael-schumacher.es\/noticias-f1\/wp-content\/uploads\/2013\/01\/toto-wolff-3.jpg 650w, http:\/\/www.michael-schumacher.es\/noticias-f1\/wp-content\/uploads\/2013\/01\/toto-wolff-3-300x148.jpg 300w\" sizes=\"(max-width: 650px) 100vw, 650px\" \/><\/a><\/p>\n<p>&nbsp;<\/p>\n<p>Cambiar la estructura de los neum\u00e1ticos necesitaba una unanimidad, como no se logr\u00f3 no se pudo llevar a cabo ese cambio, Toto Wolff ha criticado a los que no bloquearon ese cambio de neum\u00e1ticos diciendo que eso era una b\u00fasqueda de ventaja oportunista.<\/p>\n<p>&nbsp;<\/p>\n<p>Ferrari, Lotus y Force India bloquearon el cambio a la nueva estructura con kevlar. Aunque hay que tener en cuenta que antes de esa decisi\u00f3n e incluso ahora Pirelli no ha admitido que sus neum\u00e1ticos de 2013 tengan un problema para la seguridad, pese a todo despu\u00e9s de la carrera de Silverstone los tres equipos aceptaron el cambio por seguridad.<\/p>\n<p>&nbsp;<\/p>\n<p>Aunque Wolff con cierta iron\u00eda, entiende que un proveedor nunca dir\u00e1 que su neum\u00e1tico no es seguro: <strong>\u00abNo creo que se puede esperar cualquier proveedor de neum\u00e1ticos en el mundo vaya a decir que sus neum\u00e1ticos no son seguros\u00bb.<\/strong><\/p>\n<p>&nbsp;<\/p>\n<p>Tras la ca\u00f3tica carrera en el Gran Premio de Alemania, en la que hasta cinco neum\u00e1ticos reventaron, la\u00a0 FIA decidi\u00f3 dar luz verde a la introducci\u00f3n de la modificaci\u00f3n de kevlar, anulando en este caso la necesidad de la unanimidad.<\/p>\n<p>&nbsp;<\/p>\n<p>Sin embargo Toto Wolff sigue criticando a quienes bloquearon este cambio, pese a que estaban en su absoluto derecho y no hab\u00eda entonces motivos para pensar que no eran seguros:<strong> \u201cA veces se necesita dram\u00e1ticos acontecimientos para reunir a todo el mundo. En este caso, no pod\u00eda haber una b\u00fasqueda m\u00e1s oportunista de ventaja\u00bb.<\/strong><\/p>\n<p>&nbsp;<\/p>\n<p>Tambi\u00e9n se podr\u00eda contemplar el caso a la inversa, ya que Mercedes antes de su discreto test luchaba intensamente con la degradaci\u00f3n de los neum\u00e1ticos pero Wolff declara que lo prmero es la seguridad:<strong> \u00abLa seguridad es la prioridad n\u00famero uno.\u00bb<\/strong><\/p>\n<p>&nbsp;<\/p>\n<p>Para Lewis Hamilton este cambio es un descanso, ya que reconoce que en Silverstone sinti\u00f3 que era peligroso y aunque tiene dudas todav\u00eda conf\u00eda en que se han tomado las medidas para que haya seguridad: <strong>\u00abLa primera vez en mi carrera que he sentido que era peligroso. Sigue siendo una preocupaci\u00f3n. Vamos a ver c\u00f3mo va el fin de semana, pero estoy seguro de que se han tomado las medidas adecuadas para que sea seguro\u00bb.<\/strong><\/p>\n<p>&nbsp;<\/p>\n<p>Siguiendo por la senda del oportunismo, Mercedes acepto de buen grado su castigo de no participar en los test para j\u00f3venes pilotos como sanci\u00f3n por sus pol\u00e9micos Test no secretos, pero \u201ddiscretos\u201d donde no aprendieron nada, se han comprometido a no participar en los primeros tres d\u00edas de pruebas, en cumplimiento con la pena impuesta por el Tribunal Internacional de la FIA, ahora bien, como los test han cambiado, ya no lo aceptan de tan buen grado y olvidando que es una sanci\u00f3n y si ahora perjudica m\u00e1s, simplemente es mala suerte, sin embargo, si\u00a0 se a\u00f1ade un cuarto d\u00eda de Test, ellos tambi\u00e9n quieren participar.<\/p>\n<p>&nbsp;<\/p>\n<p>Toto Wolff confirma que aunque han aceptado no ir a la prueba si hay un cuarto d\u00eda lucharan por estar:<strong> \u00abHemos aceptado que no vamos (a prueba). Si hay un cuarto d\u00eda de test, lucharemos por tener ese d\u00eda. Ahora estamos siendo m\u00e1s castigados, porque los otros equipos pueden usar sus propios pilotos, pero nosotros lo aceptamos con el prop\u00f3sito de la seguridad\u00bb.<\/strong><\/p>\n<p>&nbsp;<\/p>\n<p>&nbsp;<\/p>\n<div class=\"sharedaddy sd-sharing-enabled\"><div class=\"robots-nocontent sd-block sd-social sd-social-official sd-sharing\"><h3 class=\"sd-title\">Opciones Sociales:<\/h3><div class=\"sd-content\"><ul><li class=\"share-facebook\"><div class=\"fb-share-button\" data-href=\"http:\/\/www.michael-schumacher.es\/noticias-f1\/2013\/07\/04\/wolff-critico-con-los-equipos-que-no-querian-cambio-de-neumaticos\/\" data-layout=\"button_count\"><\/div><\/li><li class=\"share-twitter\"><a href=\"https:\/\/twitter.com\/share\" class=\"twitter-share-button\" data-url=\"http:\/\/www.michael-schumacher.es\/noticias-f1\/2013\/07\/04\/wolff-critico-con-los-equipos-que-no-querian-cambio-de-neumaticos\/\" data-text=\"Wolff cr\u00edtico con los equipos que no quer\u00edan cambio de neum\u00e1ticos\"  >Tweet<\/a><\/li><li class=\"share-email\"><a rel=\"nofollow noopener noreferrer\" data-shared=\"\" class=\"share-email sd-button\" href=\"http:\/\/www.michael-schumacher.es\/noticias-f1\/2013\/07\/04\/wolff-critico-con-los-equipos-que-no-querian-cambio-de-neumaticos\/?share=email\" target=\"_blank\" title=\"Haz clic para enviar por correo electr\u00f3nico a un amigo\"><span>Correo electr\u00f3nico<\/span><\/a><\/li><li class=\"share-end\"><\/li><\/ul><\/div><\/div><\/div>","protected":false},"excerpt":{"rendered":"<p>Cambiar la estructura de los neum\u00e1ticos necesitaba una unanimidad, como no se logr\u00f3 no se pudo llevar a cabo ese cambio, Toto Wolff ha criticado a los que no bloquearon ese cambio de neum\u00e1ticos diciendo que eso era una b\u00fasqueda de ventaja oportunista.<\/p>\n<div class=\"sharedaddy sd-sharing-enabled\"><div class=\"robots-nocontent sd-block sd-social sd-social-official sd-sharing\"><h3 class=\"sd-title\">Opciones Sociales:<\/h3><div class=\"sd-content\"><ul><li class=\"share-facebook\"><div class=\"fb-share-button\" data-href=\"http:\/\/www.michael-schumacher.es\/noticias-f1\/2013\/07\/04\/wolff-critico-con-los-equipos-que-no-querian-cambio-de-neumaticos\/\" data-layout=\"button_count\"><\/div><\/li><li class=\"share-twitter\"><a href=\"https:\/\/twitter.com\/share\" class=\"twitter-share-button\" data-url=\"http:\/\/www.michael-schumacher.es\/noticias-f1\/2013\/07\/04\/wolff-critico-con-los-equipos-que-no-querian-cambio-de-neumaticos\/\" data-text=\"Wolff cr\u00edtico con los equipos que no quer\u00edan cambio de neum\u00e1ticos\"  >Tweet<\/a><\/li><li class=\"share-email\"><a rel=\"nofollow noopener noreferrer\" data-shared=\"\" class=\"share-email sd-button\" href=\"http:\/\/www.michael-schumacher.es\/noticias-f1\/2013\/07\/04\/wolff-critico-con-los-equipos-que-no-querian-cambio-de-neumaticos\/?share=email\" target=\"_blank\" title=\"Haz clic para enviar por correo electr\u00f3nico a un amigo\"><span>Correo electr\u00f3nico<\/span><\/a><\/li><li class=\"share-end\"><\/li><\/ul><\/div><\/div><\/div>","protected":false},"author":3,"featured_media":0,"comment_status":"open","ping_status":"open","sticky":false,"template":"","format":"standard","meta":{"_monsterinsights_skip_tracking":false,"_monsterinsights_sitenote_active":false,"_monsterinsights_sitenote_note":"","_monsterinsights_sitenote_category":0,"spay_email":"","jetpack_publicize_message":"","jetpack_is_tweetstorm":false,"jetpack_publicize_feature_enabled":true},"categories":[3],"tags":[543,3714,521,417,3055,256,3587,531,3716,304,218,3715,523,223,3698,621,125,215,616,3074,617],"jetpack_featured_media_url":"","jetpack_publicize_connections":[],"jetpack_sharing_enabled":true,"jetpack_shortlink":"https:\/\/wp.me\/p27q3P-2Uc","_links":{"self":[{"href":"http:\/\/www.michael-schumacher.es\/noticias-f1\/wp-json\/wp\/v2\/posts\/11172"}],"collection":[{"href":"http:\/\/www.michael-schumacher.es\/noticias-f1\/wp-json\/wp\/v2\/posts"}],"about":[{"href":"http:\/\/www.michael-schumacher.es\/noticias-f1\/wp-json\/wp\/v2\/types\/post"}],"author":[{"embeddable":true,"href":"http:\/\/www.michael-schumacher.es\/noticias-f1\/wp-json\/wp\/v2\/users\/3"}],"replies":[{"embeddable":true,"href":"http:\/\/www.michael-schumacher.es\/noticias-f1\/wp-json\/wp\/v2\/comments?post=11172"}],"version-history":[{"count":0,"href":"http:\/\/www.michael-schumacher.es\/noticias-f1\/wp-json\/wp\/v2\/posts\/11172\/revisions"}],"wp:attachment":[{"href":"http:\/\/www.michael-schumacher.es\/noticias-f1\/wp-json\/wp\/v2\/media?parent=11172"}],"wp:term":[{"taxonomy":"category","embeddable":true,"href":"http:\/\/www.michael-schumacher.es\/noticias-f1\/wp-json\/wp\/v2\/categories?post=11172"},{"taxonomy":"post_tag","embeddable":true,"href":"http:\/\/www.michael-schumacher.es\/noticias-f1\/wp-json\/wp\/v2\/tags?post=11172"}],"curies":[{"name":"wp","href":"https:\/\/api.w.org\/{rel}","templated":true}]}}