{"id":11224,"date":"2013-07-06T01:54:22","date_gmt":"2013-07-05T23:54:22","guid":{"rendered":"http:\/\/www.michael-schumacher.es\/noticias-f1\/?p=11224"},"modified":"2013-07-06T01:54:22","modified_gmt":"2013-07-05T23:54:22","slug":"entrenamientos-gp-de-alemania-nurburgring-2013-toro-rosso","status":"publish","type":"post","link":"http:\/\/www.michael-schumacher.es\/noticias-f1\/2013\/07\/06\/entrenamientos-gp-de-alemania-nurburgring-2013-toro-rosso\/","title":{"rendered":"Entrenamientos GP de Alemania, N\u00fcrburgring 2013. Toro Rosso"},"content":{"rendered":"<p><a href=\"http:\/\/www.michael-schumacher.es\/noticias-f1\/wp-content\/uploads\/2013\/03\/jean-eric_vergne_test-bcn-2013_david-sarro.jpg\"><img loading=\"lazy\" class=\"alignleft\" alt=\"Jean-Eric Vergne - Test Bcn 2013 David Sarr\u00f3\" src=\"http:\/\/www.michael-schumacher.es\/noticias-f1\/wp-content\/uploads\/2013\/03\/jean-eric_vergne_test-bcn-2013_david-sarro.jpg\" width=\"199\" height=\"132\" \/><\/a>El equipo Toro Rosso ha trabajado duro en especial en analizar los cambios en los neum\u00e1ticos y lo que representan, en cuanto a su rendimiento es como ya esperaban inferior al obtenido en Silverstone, pero intentaran estudiar cada detalle para lograr mejorar.<\/p>\n<p><!--more--> <!--noteaser--><\/p>\n<p><a href=\"http:\/\/www.michael-schumacher.es\/noticias-f1\/wp-content\/uploads\/2013\/03\/jean-eric_vergne_test-bcn-2013_david-sarro.jpg\"><img loading=\"lazy\" class=\"aligncenter size-full wp-image-8335\" alt=\"Jean-Eric Vergne - Test Bcn 2013 David Sarr\u00f3\" src=\"http:\/\/www.michael-schumacher.es\/noticias-f1\/wp-content\/uploads\/2013\/03\/jean-eric_vergne_test-bcn-2013_david-sarro.jpg\" width=\"650\" height=\"433\" srcset=\"http:\/\/www.michael-schumacher.es\/noticias-f1\/wp-content\/uploads\/2013\/03\/jean-eric_vergne_test-bcn-2013_david-sarro.jpg 650w, http:\/\/www.michael-schumacher.es\/noticias-f1\/wp-content\/uploads\/2013\/03\/jean-eric_vergne_test-bcn-2013_david-sarro-300x199.jpg 300w\" sizes=\"(max-width: 650px) 100vw, 650px\" \/><\/a><\/p>\n<p>&nbsp;<\/p>\n<p>El equipo Toro Rosso ha trabajado duro en especial en analizar los cambios en los neum\u00e1ticos y lo que representan, en cuanto a su rendimiento es como ya esperaban inferior al obtenido en Silverstone, pero intentaran estudiar cada detalle para lograr mejorar.<\/p>\n<p>&nbsp;<\/p>\n<p>Daniel Ricciardo ha logrado finalizar la primera sesi\u00f3n de entrenamientos en posici\u00f3n 13\u00ba\u00a0 y en la segunda sesi\u00f3n finaliz\u00f3 en posici\u00f3n 12\u00ba, el piloto considera que el d\u00eda ha sido suave aunque el rendimiento se ve menor que en Silverstone, algo que ya esperaban pero conf\u00eda que como hay margen de mejora lo har\u00e1n para ma\u00f1ana. Jean-Eric Vergne ha finalizado la sesi\u00f3n de la ma\u00f1ana en posici\u00f3n 14\u00ba y en la segunda sesi\u00f3n ha logrado la posici\u00f3n 13\u00ba, en la primera vez que pilota un F1 en este circuito, Vergne no est\u00e1 satisfecho con el rendimiento por lo que tienen que trabajar mucho durante la noche, pero tiene la esperanza de poder encontrar soluci\u00f3n durante la noche para que el coche mejore para el resto del fin de semana<\/p>\n<p>&nbsp;<\/p>\n<p><strong>Daniel Ricciardo:<\/strong> <em>\u00abHemos tenido un d\u00eda bastante suave, sin problemas en el coche o con los neum\u00e1ticos y me las arregl\u00e9 para hacer un mont\u00f3n de vueltas. No parecemos tener el ritmo que vimos la semana pasada en Silverstone, cuando tuvimos un buen fin de semana. Ser\u00eda bueno seguir as\u00ed, pero sab\u00edamos este circuito no ser\u00eda tan favorable para nosotros. Yo necesito ver los tiempos de vuelta de nuestros competidores para obtener una mejor comprensi\u00f3n de d\u00f3nde estamos realmente en la parrilla. Mi \u00faltimo sector parec\u00eda muy fuerte, pero nos falta en el primero, que s\u00f3lo tiene algunas curvas as\u00ed que tenemos que encontrar algo m\u00e1s de ritmo. Mi tanda larga se sent\u00eda bien, pero hay un margen para mejorar y si se puede llegar a algunas ideas para afinar la puesta a punto durante la noche, creo que podemos mejorar ma\u00f1ana\u00bb.<\/em><\/p>\n<p>&nbsp;<\/p>\n<p><strong>Jean-Eric Vergne:<\/strong> <em>\u00abEs la primera vez que he conducido un coche de F\u00f3rmula 1 en esta pista, pero que no ten\u00eda ning\u00fan efecto en mi d\u00eda. El tipo diferente del neum\u00e1tico est\u00e1 funcionando m\u00e1s o menos como nos esper\u00e1bamos, y desde el punto de vista de la seguridad, no hemos visto ninguna se\u00f1al de los problemas, lo que es una cosa positiva. En t\u00e9rminos de rendimiento puro del coche, tenemos que trabajar mucho durante la noche, porque no estamos donde quer\u00edamos estar. Incluso si conoci\u00e9ramos la configuraci\u00f3n de N\u00fcrburgring, que no nos conviene tan bien, tengo razonablemente la esperanza de que podemos encontrar algunas cosas que hacer para que el coche mejore para el resto del fin de semana\u201d.<\/em><\/p>\n<p>&nbsp;<\/p>\n<p><strong>Laurent Mekies (responsable de rendimiento del veh\u00edculo):<\/strong> <em>\u00abTuvimos un viernes productivo. Obviamente, los neum\u00e1ticos han cambiado aqu\u00ed y as\u00ed que pasamos una parte razonable de nuestro tiempo mirando que implicaciones ten\u00edan. Tuvimos un primer vistazo a estos neum\u00e1ticos en Canad\u00e1, pero que no conseguimos muchas vueltas all\u00ed. En general, todo se ve bien. En lo que se refiere a nuestro rendimiento, sab\u00edamos que el trazado de la pista en este caso ser\u00eda menos favorable para nosotros que Silverstone, as\u00ed que nuestro ritmo de hoy no fue una sorpresa. Yo dir\u00eda que est\u00e1 muy cerca entre McLaren, Force India y nosotros aqu\u00ed, por lo que va a ser para todos, los peque\u00f1os detalles que podemos poner juntos esta noche para tratar de salir adelante de este grupo. Ser\u00e1 un fin de semana m\u00e1s dif\u00edcil para nosotros que el \u00faltimo\u201d.<\/em><\/p>\n<p>&nbsp;<\/p>\n<p><strong>Imagen:<\/strong> David Sarr\u00f3<\/p>\n<div class=\"sharedaddy sd-sharing-enabled\"><div class=\"robots-nocontent sd-block sd-social sd-social-official sd-sharing\"><h3 class=\"sd-title\">Opciones Sociales:<\/h3><div class=\"sd-content\"><ul><li class=\"share-facebook\"><div class=\"fb-share-button\" data-href=\"http:\/\/www.michael-schumacher.es\/noticias-f1\/2013\/07\/06\/entrenamientos-gp-de-alemania-nurburgring-2013-toro-rosso\/\" data-layout=\"button_count\"><\/div><\/li><li class=\"share-twitter\"><a href=\"https:\/\/twitter.com\/share\" class=\"twitter-share-button\" data-url=\"http:\/\/www.michael-schumacher.es\/noticias-f1\/2013\/07\/06\/entrenamientos-gp-de-alemania-nurburgring-2013-toro-rosso\/\" data-text=\"Entrenamientos GP de Alemania, N\u00fcrburgring 2013. Toro Rosso\"  >Tweet<\/a><\/li><li class=\"share-email\"><a rel=\"nofollow noopener noreferrer\" data-shared=\"\" class=\"share-email sd-button\" href=\"http:\/\/www.michael-schumacher.es\/noticias-f1\/2013\/07\/06\/entrenamientos-gp-de-alemania-nurburgring-2013-toro-rosso\/?share=email\" target=\"_blank\" title=\"Haz clic para enviar por correo electr\u00f3nico a un amigo\"><span>Correo electr\u00f3nico<\/span><\/a><\/li><li class=\"share-end\"><\/li><\/ul><\/div><\/div><\/div>","protected":false},"excerpt":{"rendered":"<p>El equipo Toro Rosso ha trabajado duro en especial en analizar los cambios en los neum\u00e1ticos y lo que representan, en cuanto a su rendimiento es como ya esperaban inferior al obtenido en Silverstone, pero intentaran estudiar cada detalle para lograr mejorar.<\/p>\n<div class=\"sharedaddy sd-sharing-enabled\"><div class=\"robots-nocontent sd-block sd-social sd-social-official sd-sharing\"><h3 class=\"sd-title\">Opciones Sociales:<\/h3><div class=\"sd-content\"><ul><li class=\"share-facebook\"><div class=\"fb-share-button\" data-href=\"http:\/\/www.michael-schumacher.es\/noticias-f1\/2013\/07\/06\/entrenamientos-gp-de-alemania-nurburgring-2013-toro-rosso\/\" data-layout=\"button_count\"><\/div><\/li><li class=\"share-twitter\"><a href=\"https:\/\/twitter.com\/share\" class=\"twitter-share-button\" data-url=\"http:\/\/www.michael-schumacher.es\/noticias-f1\/2013\/07\/06\/entrenamientos-gp-de-alemania-nurburgring-2013-toro-rosso\/\" data-text=\"Entrenamientos GP de Alemania, N\u00fcrburgring 2013. Toro Rosso\"  >Tweet<\/a><\/li><li class=\"share-email\"><a rel=\"nofollow noopener noreferrer\" data-shared=\"\" class=\"share-email sd-button\" href=\"http:\/\/www.michael-schumacher.es\/noticias-f1\/2013\/07\/06\/entrenamientos-gp-de-alemania-nurburgring-2013-toro-rosso\/?share=email\" target=\"_blank\" title=\"Haz clic para enviar por correo electr\u00f3nico a un amigo\"><span>Correo electr\u00f3nico<\/span><\/a><\/li><li class=\"share-end\"><\/li><\/ul><\/div><\/div><\/div>","protected":false},"author":3,"featured_media":0,"comment_status":"open","ping_status":"open","sticky":false,"template":"","format":"standard","meta":{"_monsterinsights_skip_tracking":false,"_monsterinsights_sitenote_active":false,"_monsterinsights_sitenote_note":"","_monsterinsights_sitenote_category":0,"spay_email":"","jetpack_publicize_message":"","jetpack_is_tweetstorm":false,"jetpack_publicize_feature_enabled":true},"categories":[67,3],"tags":[373,543,101,131,393,17,15,6,8,99,379,580,1245,102,103,100],"jetpack_featured_media_url":"","jetpack_publicize_connections":[],"jetpack_sharing_enabled":true,"jetpack_shortlink":"https:\/\/wp.me\/p27q3P-2V2","_links":{"self":[{"href":"http:\/\/www.michael-schumacher.es\/noticias-f1\/wp-json\/wp\/v2\/posts\/11224"}],"collection":[{"href":"http:\/\/www.michael-schumacher.es\/noticias-f1\/wp-json\/wp\/v2\/posts"}],"about":[{"href":"http:\/\/www.michael-schumacher.es\/noticias-f1\/wp-json\/wp\/v2\/types\/post"}],"author":[{"embeddable":true,"href":"http:\/\/www.michael-schumacher.es\/noticias-f1\/wp-json\/wp\/v2\/users\/3"}],"replies":[{"embeddable":true,"href":"http:\/\/www.michael-schumacher.es\/noticias-f1\/wp-json\/wp\/v2\/comments?post=11224"}],"version-history":[{"count":0,"href":"http:\/\/www.michael-schumacher.es\/noticias-f1\/wp-json\/wp\/v2\/posts\/11224\/revisions"}],"wp:attachment":[{"href":"http:\/\/www.michael-schumacher.es\/noticias-f1\/wp-json\/wp\/v2\/media?parent=11224"}],"wp:term":[{"taxonomy":"category","embeddable":true,"href":"http:\/\/www.michael-schumacher.es\/noticias-f1\/wp-json\/wp\/v2\/categories?post=11224"},{"taxonomy":"post_tag","embeddable":true,"href":"http:\/\/www.michael-schumacher.es\/noticias-f1\/wp-json\/wp\/v2\/tags?post=11224"}],"curies":[{"name":"wp","href":"https:\/\/api.w.org\/{rel}","templated":true}]}}