{"id":11278,"date":"2013-07-07T03:30:26","date_gmt":"2013-07-07T01:30:26","guid":{"rendered":"http:\/\/www.michael-schumacher.es\/noticias-f1\/?p=11278"},"modified":"2013-07-07T03:30:26","modified_gmt":"2013-07-07T01:30:26","slug":"calificacion-gp-de-alemania-nurburgring-2013-toro-rosso","status":"publish","type":"post","link":"http:\/\/www.michael-schumacher.es\/noticias-f1\/2013\/07\/07\/calificacion-gp-de-alemania-nurburgring-2013-toro-rosso\/","title":{"rendered":"Calificaci\u00f3n GP de Alemania, N\u00fcrburgring 2013. Toro Rosso"},"content":{"rendered":"<p><a href=\"http:\/\/www.michael-schumacher.es\/noticias-f1\/wp-content\/uploads\/2013\/03\/jean-eric_vergne_test-bcn-2013_david-sarro.jpg\"><img loading=\"lazy\" class=\"alignleft\" alt=\"Jean-Eric Vergne - Test Bcn 2013 David Sarr\u00f3\" src=\"http:\/\/www.michael-schumacher.es\/noticias-f1\/wp-content\/uploads\/2013\/03\/jean-eric_vergne_test-bcn-2013_david-sarro.jpg\" width=\"200\" height=\"133\" \/><\/a>El equipo Toro Rosso ha logrado meter a uno de sus coches en Q3, en la sexta mejor posici\u00f3n, por lo que es un buen d\u00eda e inesperado de clasificaci\u00f3n, pese a que su otro monoplaza no ha podido pasar de Q2. Aunque intentaran tener una buena carrera con ambos pilotos.<\/p>\n<p><!--more--> <!--noteaser--><\/p>\n<p><a href=\"http:\/\/www.michael-schumacher.es\/noticias-f1\/wp-content\/uploads\/2013\/03\/jean-eric_vergne_test-bcn-2013_david-sarro.jpg\"><img loading=\"lazy\" class=\"aligncenter size-full wp-image-8335\" alt=\"Jean-Eric Vergne - Test Bcn 2013 David Sarr\u00f3\" src=\"http:\/\/www.michael-schumacher.es\/noticias-f1\/wp-content\/uploads\/2013\/03\/jean-eric_vergne_test-bcn-2013_david-sarro.jpg\" width=\"650\" height=\"433\" srcset=\"http:\/\/www.michael-schumacher.es\/noticias-f1\/wp-content\/uploads\/2013\/03\/jean-eric_vergne_test-bcn-2013_david-sarro.jpg 650w, http:\/\/www.michael-schumacher.es\/noticias-f1\/wp-content\/uploads\/2013\/03\/jean-eric_vergne_test-bcn-2013_david-sarro-300x199.jpg 300w\" sizes=\"(max-width: 650px) 100vw, 650px\" \/><\/a><\/p>\n<p>&nbsp;<\/p>\n<p>El equipo Toro Rosso ha logrado meter a uno de sus coches en Q3, en la sexta mejor posici\u00f3n, por lo que es un buen d\u00eda e inesperado de clasificaci\u00f3n, pese a que su otro monoplaza no ha podido pasar de Q2. Aunque intentaran tener una buena carrera con ambos pilotos.<\/p>\n<p>&nbsp;<\/p>\n<p>Daniel Ricciardo ha conseguido finalizar la calificaci\u00f3n contento con su sexta posici\u00f3n para la que considera que han hecho lo mejor que se pod\u00eda hoy adem\u00e1s algo inesperado ya que no parec\u00edan tan fuertes. Ahora centrado en la carrera van a ir a por todo, el podio de ser posible. Jean-Eric Vergne sin embargo no ha encontrado velocidad para luchar m\u00e1s fuerte y ha finalizado la calificaci\u00f3n en posici\u00f3n 16\u00ba, aunque no sabe los motivos del bajo rendimiento, espera ser m\u00e1s competitivo ma\u00f1ana.<\/p>\n<p>&nbsp;<\/p>\n<p><strong>Daniel Ricciardo:<\/strong> <em>\u00abEstoy muy contento con la forma en la calificaci\u00f3n fue y es muy alentador el sexto m\u00e1s r\u00e1pido en la segunda carrera consecutiva, lo que significa que estamos viendo se\u00f1ales de progreso y consistencia. Sin embargo, no era tan sencillo como aqu\u00ed en Silverstone la semana pasada y sin duda ten\u00eda que sacar algo de la bolsa para hacer el tiempo y entrar en la Q3. Hemos superado nuestras expectativas, hoy como FP3 no nos parec\u00eda tan fuerte. Estoy particularmente satisfecho con mi vuelta de Q2. Creo que hicimos lo mejor que pudimos hoy y ahora miro hacia adelante para la carrera. La semana pasada me sent\u00ed que pod\u00eda haber un resultado mejor que octavo y me gustar\u00eda ir mejor que s\u00e9ptimo, que es mi mejor resultado hasta el momento. Si existe la posibilidad de un podio, vamos a ir a por ello! Nada es imposible. La estrategia de neum\u00e1ticos va a ser muy interesante, con algunos de los diez primeros en la parrilla de salida en Medios\u201d.<\/em><\/p>\n<p>&nbsp;<\/p>\n<p><strong>\u00a0Jean-Eric Vergne:<\/strong> <em>\u00abSimplemente no era lo suficientemente r\u00e1pido esta tarde. Todos los fines de semana mi coche ha sido muy dif\u00edcil de conducir y que la situaci\u00f3n no ha mejorado desde el viernes y nunca realmente han logrado reunir una buena vuelta. En la calificaci\u00f3n, no he cometido ning\u00fan error y lo esperaba mucho mejor. Incluso si no podemos trabajar en los coches antes de la carrera, tenemos que entender exactamente lo que caus\u00f3 esta ca\u00edda en el rendimiento. Tal vez est\u00e1 relacionado con los neum\u00e1ticos, la temperatura o la presi\u00f3n, pero no estoy seguro. Vamos a ver qu\u00e9 podemos hacer ma\u00f1ana, donde espero ser m\u00e1s competitivo y poder empujar con m\u00e1s fuerza\u201d.<\/em><\/p>\n<p>&nbsp;<\/p>\n<p><strong>\u00a0Laurent Mekies (responsable de rendimiento del veh\u00edculo):<\/strong> <em>\u00abDaniel calificado en la misma posici\u00f3n que lo hizo en Silverstone, pero hoy fue m\u00e1s inesperado. No parec\u00eda que ayer prometedora y hemos cambiado muchas cosas en los dos coches y con diferentes direcciones en los dos coches, en t\u00e9rminos de nuestro enfoque a la clasificaci\u00f3n, para tratar de recoger a nuestro nivel de rendimiento. Claramente, tuvimos m\u00e1s \u00e9xito con Daniel que con Jev, incluso teniendo en cuenta algunas de las diferentes estrategias de neum\u00e1ticos que vimos en la Q3, por lo que ser\u00e1 interesante ver c\u00f3mo se juega el d\u00eda de ma\u00f1ana. La conclusi\u00f3n es que se recuper\u00f3 el ritmo hoy y aunque hay una gran brecha en la parrilla entre los dos coches, se espera que tengan un ritmo de carrera similar. Estaremos haciendo todo lo posible para intentar darle\u00a0 a Jev una buena estrategia para ganar posiciones ma\u00f1ana. En cuanto a Daniel, \u00e9l clav\u00f3 su vuelta en Q1 y Q2 y luego produjo otra buena vuelta en la Q3 y fue definitivo para\u00a0 golpear esta tarde. \u00ab<\/em><\/p>\n<p>&nbsp;<\/p>\n<p><strong>Imagen:<\/strong> David Sarr\u00f3<\/p>\n<div class=\"sharedaddy sd-sharing-enabled\"><div class=\"robots-nocontent sd-block sd-social sd-social-official sd-sharing\"><h3 class=\"sd-title\">Opciones Sociales:<\/h3><div class=\"sd-content\"><ul><li class=\"share-facebook\"><div class=\"fb-share-button\" data-href=\"http:\/\/www.michael-schumacher.es\/noticias-f1\/2013\/07\/07\/calificacion-gp-de-alemania-nurburgring-2013-toro-rosso\/\" data-layout=\"button_count\"><\/div><\/li><li class=\"share-twitter\"><a href=\"https:\/\/twitter.com\/share\" class=\"twitter-share-button\" data-url=\"http:\/\/www.michael-schumacher.es\/noticias-f1\/2013\/07\/07\/calificacion-gp-de-alemania-nurburgring-2013-toro-rosso\/\" data-text=\"Calificaci\u00f3n GP de Alemania, N\u00fcrburgring 2013. Toro Rosso\"  >Tweet<\/a><\/li><li class=\"share-email\"><a rel=\"nofollow noopener noreferrer\" data-shared=\"\" class=\"share-email sd-button\" href=\"http:\/\/www.michael-schumacher.es\/noticias-f1\/2013\/07\/07\/calificacion-gp-de-alemania-nurburgring-2013-toro-rosso\/?share=email\" target=\"_blank\" title=\"Haz clic para enviar por correo electr\u00f3nico a un amigo\"><span>Correo electr\u00f3nico<\/span><\/a><\/li><li class=\"share-end\"><\/li><\/ul><\/div><\/div><\/div>","protected":false},"excerpt":{"rendered":"<p>El equipo Toro Rosso ha logrado meter a uno de sus coches en Q3, en la sexta mejor posici\u00f3n, por lo que es un buen d\u00eda e inesperado de clasificaci\u00f3n, pese a que su otro monoplaza no ha podido pasar de Q2. Aunque intentaran tener una buena carrera con ambos pilotos.<\/p>\n<div class=\"sharedaddy sd-sharing-enabled\"><div class=\"robots-nocontent sd-block sd-social sd-social-official sd-sharing\"><h3 class=\"sd-title\">Opciones Sociales:<\/h3><div class=\"sd-content\"><ul><li class=\"share-facebook\"><div class=\"fb-share-button\" data-href=\"http:\/\/www.michael-schumacher.es\/noticias-f1\/2013\/07\/07\/calificacion-gp-de-alemania-nurburgring-2013-toro-rosso\/\" data-layout=\"button_count\"><\/div><\/li><li class=\"share-twitter\"><a href=\"https:\/\/twitter.com\/share\" class=\"twitter-share-button\" data-url=\"http:\/\/www.michael-schumacher.es\/noticias-f1\/2013\/07\/07\/calificacion-gp-de-alemania-nurburgring-2013-toro-rosso\/\" data-text=\"Calificaci\u00f3n GP de Alemania, N\u00fcrburgring 2013. Toro Rosso\"  >Tweet<\/a><\/li><li class=\"share-email\"><a rel=\"nofollow noopener noreferrer\" data-shared=\"\" class=\"share-email sd-button\" href=\"http:\/\/www.michael-schumacher.es\/noticias-f1\/2013\/07\/07\/calificacion-gp-de-alemania-nurburgring-2013-toro-rosso\/?share=email\" target=\"_blank\" title=\"Haz clic para enviar por correo electr\u00f3nico a un amigo\"><span>Correo electr\u00f3nico<\/span><\/a><\/li><li class=\"share-end\"><\/li><\/ul><\/div><\/div><\/div>","protected":false},"author":3,"featured_media":0,"comment_status":"open","ping_status":"open","sticky":false,"template":"","format":"standard","meta":{"_monsterinsights_skip_tracking":false,"_monsterinsights_sitenote_active":false,"_monsterinsights_sitenote_note":"","_monsterinsights_sitenote_category":0,"spay_email":"","jetpack_publicize_message":"","jetpack_is_tweetstorm":false,"jetpack_publicize_feature_enabled":true},"categories":[68,3],"tags":[373,543,155,159,101,17,15,6,8,99,580,102,103,100],"jetpack_featured_media_url":"","jetpack_publicize_connections":[],"jetpack_sharing_enabled":true,"jetpack_shortlink":"https:\/\/wp.me\/p27q3P-2VU","_links":{"self":[{"href":"http:\/\/www.michael-schumacher.es\/noticias-f1\/wp-json\/wp\/v2\/posts\/11278"}],"collection":[{"href":"http:\/\/www.michael-schumacher.es\/noticias-f1\/wp-json\/wp\/v2\/posts"}],"about":[{"href":"http:\/\/www.michael-schumacher.es\/noticias-f1\/wp-json\/wp\/v2\/types\/post"}],"author":[{"embeddable":true,"href":"http:\/\/www.michael-schumacher.es\/noticias-f1\/wp-json\/wp\/v2\/users\/3"}],"replies":[{"embeddable":true,"href":"http:\/\/www.michael-schumacher.es\/noticias-f1\/wp-json\/wp\/v2\/comments?post=11278"}],"version-history":[{"count":0,"href":"http:\/\/www.michael-schumacher.es\/noticias-f1\/wp-json\/wp\/v2\/posts\/11278\/revisions"}],"wp:attachment":[{"href":"http:\/\/www.michael-schumacher.es\/noticias-f1\/wp-json\/wp\/v2\/media?parent=11278"}],"wp:term":[{"taxonomy":"category","embeddable":true,"href":"http:\/\/www.michael-schumacher.es\/noticias-f1\/wp-json\/wp\/v2\/categories?post=11278"},{"taxonomy":"post_tag","embeddable":true,"href":"http:\/\/www.michael-schumacher.es\/noticias-f1\/wp-json\/wp\/v2\/tags?post=11278"}],"curies":[{"name":"wp","href":"https:\/\/api.w.org\/{rel}","templated":true}]}}