{"id":11389,"date":"2013-07-12T02:02:20","date_gmt":"2013-07-12T00:02:20","guid":{"rendered":"http:\/\/www.michael-schumacher.es\/noticias-f1\/?p=11389"},"modified":"2013-07-12T02:02:20","modified_gmt":"2013-07-12T00:02:20","slug":"honda-ha-confirmado-que-tendra-su-sede-en-milton-keynes","status":"publish","type":"post","link":"http:\/\/www.michael-schumacher.es\/noticias-f1\/2013\/07\/12\/honda-ha-confirmado-que-tendra-su-sede-en-milton-keynes\/","title":{"rendered":"Honda ha confirmado que tendr\u00e1 su sede en Milton Keynes"},"content":{"rendered":"<p><a href=\"http:\/\/www.michael-schumacher.es\/noticias-f1\/wp-content\/uploads\/2013\/05\/mclaren-honda-.2015.png\"><img loading=\"lazy\" class=\"alignleft\" alt=\"mclaren-honda-.2015\" src=\"http:\/\/www.michael-schumacher.es\/noticias-f1\/wp-content\/uploads\/2013\/05\/mclaren-honda-.2015.png\" width=\"200\" height=\"133\" \/><\/a>Cuando anunci\u00f3 su regreso a F1 el fabricante japon\u00e9s, ya explic\u00f3 que aunque Honda tiene su f\u00e1brica donde construir\u00e1n y desarrollaran los nuevos motores turbo V6, en Jap\u00f3n, consideraban de inter\u00e9s tener una base de apoyo europea para su regreso en 2015 y ya la tienen en Milton Keynes.<\/p>\n<p><!--more--> <!--noteaser--><\/p>\n<p><a href=\"http:\/\/www.michael-schumacher.es\/noticias-f1\/wp-content\/uploads\/2013\/05\/mclaren-honda-.2015.png\"><img loading=\"lazy\" class=\"aligncenter size-full wp-image-9933\" alt=\"mclaren-honda-.2015\" src=\"http:\/\/www.michael-schumacher.es\/noticias-f1\/wp-content\/uploads\/2013\/05\/mclaren-honda-.2015.png\" width=\"650\" height=\"433\" srcset=\"http:\/\/www.michael-schumacher.es\/noticias-f1\/wp-content\/uploads\/2013\/05\/mclaren-honda-.2015.png 650w, http:\/\/www.michael-schumacher.es\/noticias-f1\/wp-content\/uploads\/2013\/05\/mclaren-honda-.2015-300x199.png 300w\" sizes=\"(max-width: 650px) 100vw, 650px\" \/><\/a><\/p>\n<p>&nbsp;<\/p>\n<p>Cuando anunci\u00f3 su regreso a F1 el fabricante japon\u00e9s, ya explic\u00f3 que aunque Honda tiene su f\u00e1brica donde construir\u00e1n y desarrollaran los nuevos motores turbo V6, en Jap\u00f3n, consideraban de inter\u00e9s tener una base de apoyo europea para su regreso en 2015 y ya la tienen en Milton Keynes.<\/p>\n<p>&nbsp;<\/p>\n<p>Honda tiene previsto comenzar a operar en Milton Keynes, para junio de 2014. En Milton Keynes tambi\u00e9n tiene su base Red Bull.<\/p>\n<p>&nbsp;<\/p>\n<p>Yasuhisa Arai, director de deportes de motor de Honda, lo ha confirmado:<strong> \u00abCon la confirmaci\u00f3n de una nueva base de operaciones F1 en el Reino Unido, nuestra preparaci\u00f3n para incorporarnos a la F1 se ha vuelto m\u00e1s espec\u00edfica y concreta. Para satisfacer y superar las expectativas de nuestros fans, vamos a acelerar nuestro desarrollo para traer de vuelta el sonido \u00fanico del motor Honda en la pista.\u00bb<\/strong><\/p>\n<p>&nbsp;<\/p>\n<p>&nbsp;<\/p>\n<div class=\"sharedaddy sd-sharing-enabled\"><div class=\"robots-nocontent sd-block sd-social sd-social-official sd-sharing\"><h3 class=\"sd-title\">Opciones Sociales:<\/h3><div class=\"sd-content\"><ul><li class=\"share-facebook\"><div class=\"fb-share-button\" data-href=\"http:\/\/www.michael-schumacher.es\/noticias-f1\/2013\/07\/12\/honda-ha-confirmado-que-tendra-su-sede-en-milton-keynes\/\" data-layout=\"button_count\"><\/div><\/li><li class=\"share-twitter\"><a href=\"https:\/\/twitter.com\/share\" class=\"twitter-share-button\" data-url=\"http:\/\/www.michael-schumacher.es\/noticias-f1\/2013\/07\/12\/honda-ha-confirmado-que-tendra-su-sede-en-milton-keynes\/\" data-text=\"Honda ha confirmado que tendr\u00e1 su sede en Milton Keynes\"  >Tweet<\/a><\/li><li class=\"share-email\"><a rel=\"nofollow noopener noreferrer\" data-shared=\"\" class=\"share-email sd-button\" href=\"http:\/\/www.michael-schumacher.es\/noticias-f1\/2013\/07\/12\/honda-ha-confirmado-que-tendra-su-sede-en-milton-keynes\/?share=email\" target=\"_blank\" title=\"Haz clic para enviar por correo electr\u00f3nico a un amigo\"><span>Correo electr\u00f3nico<\/span><\/a><\/li><li class=\"share-end\"><\/li><\/ul><\/div><\/div><\/div>","protected":false},"excerpt":{"rendered":"<p>Cuando anunci\u00f3 su regreso a F1 el fabricante japon\u00e9s, ya explic\u00f3 que aunque Honda tiene su f\u00e1brica donde construir\u00e1n y desarrollaran los nuevos motores turbo V6, en Jap\u00f3n, consideraban de inter\u00e9s tener una base de apoyo europea para su regreso en 2015 y ya la tienen en Milton Keynes.<\/p>\n<div class=\"sharedaddy sd-sharing-enabled\"><div class=\"robots-nocontent sd-block sd-social sd-social-official sd-sharing\"><h3 class=\"sd-title\">Opciones Sociales:<\/h3><div class=\"sd-content\"><ul><li class=\"share-facebook\"><div class=\"fb-share-button\" data-href=\"http:\/\/www.michael-schumacher.es\/noticias-f1\/2013\/07\/12\/honda-ha-confirmado-que-tendra-su-sede-en-milton-keynes\/\" data-layout=\"button_count\"><\/div><\/li><li class=\"share-twitter\"><a href=\"https:\/\/twitter.com\/share\" class=\"twitter-share-button\" data-url=\"http:\/\/www.michael-schumacher.es\/noticias-f1\/2013\/07\/12\/honda-ha-confirmado-que-tendra-su-sede-en-milton-keynes\/\" data-text=\"Honda ha confirmado que tendr\u00e1 su sede en Milton Keynes\"  >Tweet<\/a><\/li><li class=\"share-email\"><a rel=\"nofollow noopener noreferrer\" data-shared=\"\" class=\"share-email sd-button\" href=\"http:\/\/www.michael-schumacher.es\/noticias-f1\/2013\/07\/12\/honda-ha-confirmado-que-tendra-su-sede-en-milton-keynes\/?share=email\" target=\"_blank\" title=\"Haz clic para enviar por correo electr\u00f3nico a un amigo\"><span>Correo electr\u00f3nico<\/span><\/a><\/li><li class=\"share-end\"><\/li><\/ul><\/div><\/div><\/div>","protected":false},"author":3,"featured_media":0,"comment_status":"open","ping_status":"open","sticky":false,"template":"","format":"standard","meta":{"_monsterinsights_skip_tracking":false,"_monsterinsights_sitenote_active":false,"_monsterinsights_sitenote_note":"","_monsterinsights_sitenote_category":0,"spay_email":"","jetpack_publicize_message":"","jetpack_is_tweetstorm":false,"jetpack_publicize_feature_enabled":true},"categories":[3],"tags":[373,758,1043,1681,3098,17,15,3405,342,138,2331,51,238],"jetpack_featured_media_url":"","jetpack_publicize_connections":[],"jetpack_sharing_enabled":true,"jetpack_shortlink":"https:\/\/wp.me\/p27q3P-2XH","_links":{"self":[{"href":"http:\/\/www.michael-schumacher.es\/noticias-f1\/wp-json\/wp\/v2\/posts\/11389"}],"collection":[{"href":"http:\/\/www.michael-schumacher.es\/noticias-f1\/wp-json\/wp\/v2\/posts"}],"about":[{"href":"http:\/\/www.michael-schumacher.es\/noticias-f1\/wp-json\/wp\/v2\/types\/post"}],"author":[{"embeddable":true,"href":"http:\/\/www.michael-schumacher.es\/noticias-f1\/wp-json\/wp\/v2\/users\/3"}],"replies":[{"embeddable":true,"href":"http:\/\/www.michael-schumacher.es\/noticias-f1\/wp-json\/wp\/v2\/comments?post=11389"}],"version-history":[{"count":0,"href":"http:\/\/www.michael-schumacher.es\/noticias-f1\/wp-json\/wp\/v2\/posts\/11389\/revisions"}],"wp:attachment":[{"href":"http:\/\/www.michael-schumacher.es\/noticias-f1\/wp-json\/wp\/v2\/media?parent=11389"}],"wp:term":[{"taxonomy":"category","embeddable":true,"href":"http:\/\/www.michael-schumacher.es\/noticias-f1\/wp-json\/wp\/v2\/categories?post=11389"},{"taxonomy":"post_tag","embeddable":true,"href":"http:\/\/www.michael-schumacher.es\/noticias-f1\/wp-json\/wp\/v2\/tags?post=11389"}],"curies":[{"name":"wp","href":"https:\/\/api.w.org\/{rel}","templated":true}]}}