{"id":1140,"date":"2012-05-27T22:01:41","date_gmt":"2012-05-27T20:01:41","guid":{"rendered":"http:\/\/www.michael-schumacher.es\/noticias-f1\/?p=1140"},"modified":"2012-05-27T22:27:11","modified_gmt":"2012-05-27T20:27:11","slug":"balance-gp-de-monaco-monte-carlo-2012-williams","status":"publish","type":"post","link":"http:\/\/www.michael-schumacher.es\/noticias-f1\/2012\/05\/27\/balance-gp-de-monaco-monte-carlo-2012-williams\/","title":{"rendered":"Balance GP de M\u00f3naco, Monte Carlo 2012. Williams"},"content":{"rendered":"<p><img loading=\"lazy\" class=\"alignleft\" title=\"Balance GP de M\u00f3naco Willams\" src=\"http:\/\/img.michael-schumacher.es\/noticias-f1\/williams\/williams-1-mini.jpg\" alt=\"Balance GP de M\u00f3naco Willams\" width=\"202\" height=\"100\" \/>Ha sido un d\u00eda agridulce para el equipo Williams F1, con Bruno Senna acabo en los puntos en el Gran Premio de M\u00f3naco. Pastor Maldonado, termin\u00f3 un fin de semana con problemas al retirarse en la primera vuelta, despu\u00e9s de iniciar en la \u00faltima fila de la parrilla despu\u00e9s de dos sanciones.<\/p>\n<p><!--more--> <!--noteaser--><\/p>\n<p style=\"text-align: center;\">\u00a0<img loading=\"lazy\" class=\"aligncenter\" title=\"Balance GP de M\u00f3naco Williams\" src=\"http:\/\/img.michael-schumacher.es\/noticias-f1\/williams\/williams-1.jpg\" alt=\"Balance GP de M\u00f3naco Williams\" width=\"605\" height=\"300\" \/><\/p>\n<p>Ha sido un d\u00eda agridulce para el equipo Williams F1, con Bruno Senna acabo en los puntos en el Gran Premio de M\u00f3naco. Pastor Maldonado, termin\u00f3 un fin de semana con problemas al retirarse en la primera vuelta, despu\u00e9s de iniciar en la \u00faltima fila de la parrilla despu\u00e9s de dos sanciones.<\/p>\n<p>&nbsp;<\/p>\n<p>Bruno hizo una buena salida desde la 13 \u00aa en la parrilla, evitando los incidentes de primera vuelta y realizo algunos tiempos competitivos para llevar su Williams-Renault casa en la 10 \u00aa posici\u00f3n.<\/p>\n<p>&nbsp;<\/p>\n<p><strong>Bruno Senna:<\/strong> \u201cEstoy feliz de obtener un punto en una carrera muy dura. Hemos merecido m\u00e1s y me pareci\u00f3 que podr\u00eda ser m\u00e1s fuerte que esto, pero hoy no fue as\u00ed y as\u00ed lo hicimos lo mejor que pod\u00edamos hacer. Es bueno estar en el top 10, pero tengo sentimientos agridulces. Ahora que se iremos para Canad\u00e1 y estoy realmente esperando con inter\u00e9s la carrera. Tengo un mont\u00f3n de confianza en que lo estamos consiguiendo con la puesta a punto del coche, as\u00ed que no puedo esperar para ir de nuevo.\u201d<\/p>\n<p>&nbsp;<\/p>\n<p><strong>Pastor Maldonado:<\/strong> \u201cFue un fin de semana dif\u00edcil para mi. Estoy decepcionado porque esperaba algo m\u00e1s de la carrera. Ten\u00edamos una gran estrategia, pero despu\u00e9s de un buen comienzo yo estaba en el medio de la pista, y con un poco de mala suerte atrapados en la lucha contra los coches por delante. Me encerraron y no pod\u00eda dejar el coche en el lado sucio de la pista en la curva seis. El fin de semana se vio comprometida despu\u00e9s de que las penas ayer, as\u00ed que ahora estamos mirando adelante a la pr\u00f3xima carrera. Tenemos un coche competitivo y va a ser muy diferente en Canad\u00e1, es una pista diferente y una situaci\u00f3n diferente.\u201d<\/p>\n<p>&nbsp;<\/p>\n<p><strong>Mark Gillan, Ingeniero Jefe de Operaciones:<\/strong>\u00a0 \u201cSi bien estamos muy contentos de conseguir un punto hoy con Bruno estamos igualmente frustrados ya que el coche y los conductores ten\u00edan ritmo mucho m\u00e1s que los de \u00a0inmediatamente delante de ellos. Desafortunadamente la carrera de \u00a0Pastor termin\u00f3 en la primera vuelta al golpear Pedro de la Rosa, quien fue a su vez,\u00a0 freno bruscamente debido al incidente Grosjean por delante. Bruno ha hecho una carrera muy buena empujando a R\u00e4ikk\u00f6nen duro todo el camino hasta el final, pero no pudo simplemente intentar pasar. Ahora vamos a reagruparnos para Canad\u00e1 y la esperanza de hacer un mejor trabajo en Montreal.\u201d<\/p>\n<p>&nbsp;<\/p>\n<p><strong>Laurent Debout, Renault Sport F1 Team:<\/strong> \u201c M\u00f3naco es una pista dif\u00edcil para los ingenieros de motores, ya que es diferente a cualquier otro circuito en el calendario debido al elevado n\u00famero de curvas de baja velocidad. Pero este fin de semana ha sido dif\u00edcil en general. Desde tan atr\u00e1s significa que es dif\u00edcil de recuperar posiciones pero un punto para Bruno es un resultado razonable. Estamos mirando adelante a Montreal para un mejor resultado.\u201d<\/p>\n<div class=\"sharedaddy sd-sharing-enabled\"><div class=\"robots-nocontent sd-block sd-social sd-social-official sd-sharing\"><h3 class=\"sd-title\">Opciones Sociales:<\/h3><div class=\"sd-content\"><ul><li class=\"share-facebook\"><div class=\"fb-share-button\" data-href=\"http:\/\/www.michael-schumacher.es\/noticias-f1\/2012\/05\/27\/balance-gp-de-monaco-monte-carlo-2012-williams\/\" data-layout=\"button_count\"><\/div><\/li><li class=\"share-twitter\"><a href=\"https:\/\/twitter.com\/share\" class=\"twitter-share-button\" data-url=\"http:\/\/www.michael-schumacher.es\/noticias-f1\/2012\/05\/27\/balance-gp-de-monaco-monte-carlo-2012-williams\/\" data-text=\"Balance GP de M\u00f3naco, Monte Carlo 2012. Williams\"  >Tweet<\/a><\/li><li class=\"share-email\"><a rel=\"nofollow noopener noreferrer\" data-shared=\"\" class=\"share-email sd-button\" href=\"http:\/\/www.michael-schumacher.es\/noticias-f1\/2012\/05\/27\/balance-gp-de-monaco-monte-carlo-2012-williams\/?share=email\" target=\"_blank\" title=\"Haz clic para enviar por correo electr\u00f3nico a un amigo\"><span>Correo electr\u00f3nico<\/span><\/a><\/li><li class=\"share-end\"><\/li><\/ul><\/div><\/div><\/div>","protected":false},"excerpt":{"rendered":"<p>Ha sido un d\u00eda agridulce para el equipo Williams F1, con Bruno Senna acabo en los puntos en el Gran Premio de M\u00f3naco. Pastor Maldonado, termin\u00f3 un fin de semana con problemas al retirarse en la primera vuelta, despu\u00e9s de iniciar en la \u00faltima fila de la parrilla despu\u00e9s de dos sanciones.<\/p>\n<div class=\"sharedaddy sd-sharing-enabled\"><div class=\"robots-nocontent sd-block sd-social sd-social-official sd-sharing\"><h3 class=\"sd-title\">Opciones Sociales:<\/h3><div class=\"sd-content\"><ul><li class=\"share-facebook\"><div class=\"fb-share-button\" data-href=\"http:\/\/www.michael-schumacher.es\/noticias-f1\/2012\/05\/27\/balance-gp-de-monaco-monte-carlo-2012-williams\/\" data-layout=\"button_count\"><\/div><\/li><li class=\"share-twitter\"><a href=\"https:\/\/twitter.com\/share\" class=\"twitter-share-button\" data-url=\"http:\/\/www.michael-schumacher.es\/noticias-f1\/2012\/05\/27\/balance-gp-de-monaco-monte-carlo-2012-williams\/\" data-text=\"Balance GP de M\u00f3naco, Monte Carlo 2012. Williams\"  >Tweet<\/a><\/li><li class=\"share-email\"><a rel=\"nofollow noopener noreferrer\" data-shared=\"\" class=\"share-email sd-button\" href=\"http:\/\/www.michael-schumacher.es\/noticias-f1\/2012\/05\/27\/balance-gp-de-monaco-monte-carlo-2012-williams\/?share=email\" target=\"_blank\" title=\"Haz clic para enviar por correo electr\u00f3nico a un amigo\"><span>Correo electr\u00f3nico<\/span><\/a><\/li><li class=\"share-end\"><\/li><\/ul><\/div><\/div><\/div>","protected":false},"author":2,"featured_media":0,"comment_status":"open","ping_status":"open","sticky":false,"template":"","format":"standard","meta":{"_monsterinsights_skip_tracking":false,"_monsterinsights_sitenote_active":false,"_monsterinsights_sitenote_note":"","_monsterinsights_sitenote_category":0,"spay_email":"","jetpack_publicize_message":"","jetpack_is_tweetstorm":false,"jetpack_publicize_feature_enabled":true},"categories":[4,3],"tags":[401,64,94,17,15,6,97,404,405,96,406,95,93],"jetpack_featured_media_url":"","jetpack_publicize_connections":[],"jetpack_sharing_enabled":true,"jetpack_shortlink":"https:\/\/wp.me\/p27q3P-io","_links":{"self":[{"href":"http:\/\/www.michael-schumacher.es\/noticias-f1\/wp-json\/wp\/v2\/posts\/1140"}],"collection":[{"href":"http:\/\/www.michael-schumacher.es\/noticias-f1\/wp-json\/wp\/v2\/posts"}],"about":[{"href":"http:\/\/www.michael-schumacher.es\/noticias-f1\/wp-json\/wp\/v2\/types\/post"}],"author":[{"embeddable":true,"href":"http:\/\/www.michael-schumacher.es\/noticias-f1\/wp-json\/wp\/v2\/users\/2"}],"replies":[{"embeddable":true,"href":"http:\/\/www.michael-schumacher.es\/noticias-f1\/wp-json\/wp\/v2\/comments?post=1140"}],"version-history":[{"count":0,"href":"http:\/\/www.michael-schumacher.es\/noticias-f1\/wp-json\/wp\/v2\/posts\/1140\/revisions"}],"wp:attachment":[{"href":"http:\/\/www.michael-schumacher.es\/noticias-f1\/wp-json\/wp\/v2\/media?parent=1140"}],"wp:term":[{"taxonomy":"category","embeddable":true,"href":"http:\/\/www.michael-schumacher.es\/noticias-f1\/wp-json\/wp\/v2\/categories?post=1140"},{"taxonomy":"post_tag","embeddable":true,"href":"http:\/\/www.michael-schumacher.es\/noticias-f1\/wp-json\/wp\/v2\/tags?post=1140"}],"curies":[{"name":"wp","href":"https:\/\/api.w.org\/{rel}","templated":true}]}}