{"id":11407,"date":"2013-07-13T00:31:20","date_gmt":"2013-07-12T22:31:20","guid":{"rendered":"http:\/\/www.michael-schumacher.es\/noticias-f1\/?p=11407"},"modified":"2013-07-12T22:29:38","modified_gmt":"2013-07-12T20:29:38","slug":"red-bull-esta-estudiando-hacer-una-prueba-con-pirelli","status":"publish","type":"post","link":"http:\/\/www.michael-schumacher.es\/noticias-f1\/2013\/07\/13\/red-bull-esta-estudiando-hacer-una-prueba-con-pirelli\/","title":{"rendered":"Red Bull est\u00e1 estudiando hacer una prueba con Pirelli"},"content":{"rendered":"<p><a href=\"http:\/\/www.michael-schumacher.es\/noticias-f1\/wp-content\/uploads\/2013\/01\/Red-Bull-fabrica.jpg\"><img loading=\"lazy\" class=\"alignleft\" alt=\"Red Bull fabrica\" src=\"http:\/\/www.michael-schumacher.es\/noticias-f1\/wp-content\/uploads\/2013\/01\/Red-Bull-fabrica.jpg\" width=\"201\" height=\"124\" \/><\/a>Aunque ahora ser\u00eda legal usar un coche del 2013, tal como aprob\u00f3 la FIA, con supervisi\u00f3n, algo que no era as\u00ed cuando Mercedes hizo su pol\u00e9mico test con Pirelli, producto del cual, el caso lleg\u00f3 al Tribunal Internacional de la FIA, por el que Mercedes fue castigado a la prohibici\u00f3n de participar en las pruebas de j\u00f3venes pilotos de Silverstone, los pr\u00f3ximos d\u00edas 17, 18 y 19. El equipo Red Bull querr\u00eda utilizar el coche del 2011, tal como hizo Ferrari, tras el Gran Premio de Bahr\u00e9in<\/p>\n<p><!--more--> <!--noteaser--><\/p>\n<p><a href=\"http:\/\/www.michael-schumacher.es\/noticias-f1\/wp-content\/uploads\/2013\/01\/Red-Bull-fabrica.jpg\"><img loading=\"lazy\" class=\"aligncenter size-full wp-image-7336\" alt=\"Red Bull fabrica\" src=\"http:\/\/www.michael-schumacher.es\/noticias-f1\/wp-content\/uploads\/2013\/01\/Red-Bull-fabrica.jpg\" width=\"650\" height=\"402\" srcset=\"http:\/\/www.michael-schumacher.es\/noticias-f1\/wp-content\/uploads\/2013\/01\/Red-Bull-fabrica.jpg 650w, http:\/\/www.michael-schumacher.es\/noticias-f1\/wp-content\/uploads\/2013\/01\/Red-Bull-fabrica-300x185.jpg 300w\" sizes=\"(max-width: 650px) 100vw, 650px\" \/><\/a><\/p>\n<p>&nbsp;<\/p>\n<p>Aunque ahora ser\u00eda legal usar un coche del 2013, tal como aprob\u00f3 la FIA, con supervisi\u00f3n, algo que no era as\u00ed cuando Mercedes hizo su pol\u00e9mico test con Pirelli, producto del cual, el caso lleg\u00f3 al Tribunal Internacional de la FIA, por el que Mercedes fue castigado a la prohibici\u00f3n de participar en las pruebas de j\u00f3venes pilotos de Silverstone, los pr\u00f3ximos d\u00edas 17, 18 y 19. El equipo Red Bull querr\u00eda utilizar el coche del 2011, tal como hizo Ferrari, tras el Gran Premio de Bahr\u00e9in<\/p>\n<p>&nbsp;<\/p>\n<p>Christian Horner, el jefe de Red Bull, as\u00ed lo quiere, pero por el contrario el proveedor Pirelli, que quieren hacer este test con el coche actual, ya que ser\u00eda m\u00e1s representativo<\/p>\n<p>&nbsp;<\/p>\n<p>Paul Hembery de Pirelli Motorsport, repite que necesita hacer pruebas, con el coche del 2013 y los equipos lo quieren hacer con el del 2011: <strong>\u201cEstamos pidiendo un coche de 2013. Tenemos un par de equipos interesados en cubrir 1.000 kilometros, pero con los coches de 2011 y creo que es una buena cosa. Sin embargo, nos gustar\u00eda que se pruebe con los coches de 2013\u201d.<\/strong><\/p>\n<p>&nbsp;<\/p>\n<p>Chistian Horner, lo que tiene claro es que si hace las pruebas quiere transparencia y disparando a la diana de Mercedes, tambi\u00e9n explica que no quiere a sus pilotos con cascos irreconocibles: <strong>\u201cVamos a ver, esto es algo que tenemos que decidir con Pirelli. Es Pirelli quien debe juzgar la importancia de esta prueba, lo que necesitan y lo que quieren con estas pruebas. Lo que suceda se debe hacer con transparencia de lo que est\u00e1 sucediendo. No queremos que las personas que trabajan a puertas cerradas y los pilotos que usen cascos irreconocibles\u201d.<\/strong><\/p>\n<p>&nbsp;<\/p>\n<p>&nbsp;<\/p>\n<p>&nbsp;<\/p>\n<div class=\"sharedaddy sd-sharing-enabled\"><div class=\"robots-nocontent sd-block sd-social sd-social-official sd-sharing\"><h3 class=\"sd-title\">Opciones Sociales:<\/h3><div class=\"sd-content\"><ul><li class=\"share-facebook\"><div class=\"fb-share-button\" data-href=\"http:\/\/www.michael-schumacher.es\/noticias-f1\/2013\/07\/13\/red-bull-esta-estudiando-hacer-una-prueba-con-pirelli\/\" data-layout=\"button_count\"><\/div><\/li><li class=\"share-twitter\"><a href=\"https:\/\/twitter.com\/share\" class=\"twitter-share-button\" data-url=\"http:\/\/www.michael-schumacher.es\/noticias-f1\/2013\/07\/13\/red-bull-esta-estudiando-hacer-una-prueba-con-pirelli\/\" data-text=\"Red Bull est\u00e1 estudiando hacer una prueba con Pirelli\"  >Tweet<\/a><\/li><li class=\"share-email\"><a rel=\"nofollow noopener noreferrer\" data-shared=\"\" class=\"share-email sd-button\" href=\"http:\/\/www.michael-schumacher.es\/noticias-f1\/2013\/07\/13\/red-bull-esta-estudiando-hacer-una-prueba-con-pirelli\/?share=email\" target=\"_blank\" title=\"Haz clic para enviar por correo electr\u00f3nico a un amigo\"><span>Correo electr\u00f3nico<\/span><\/a><\/li><li class=\"share-end\"><\/li><\/ul><\/div><\/div><\/div>","protected":false},"excerpt":{"rendered":"<p>Aunque ahora ser\u00eda legal usar un coche del 2013, tal como aprob\u00f3 la FIA, con supervisi\u00f3n, algo que no era as\u00ed cuando Mercedes hizo su pol\u00e9mico test con Pirelli, producto del cual, el caso lleg\u00f3 al Tribunal Internacional de la FIA, por el que Mercedes fue castigado a la prohibici\u00f3n de participar en las pruebas [&hellip;]<\/p>\n<div class=\"sharedaddy sd-sharing-enabled\"><div class=\"robots-nocontent sd-block sd-social sd-social-official sd-sharing\"><h3 class=\"sd-title\">Opciones Sociales:<\/h3><div class=\"sd-content\"><ul><li class=\"share-facebook\"><div class=\"fb-share-button\" data-href=\"http:\/\/www.michael-schumacher.es\/noticias-f1\/2013\/07\/13\/red-bull-esta-estudiando-hacer-una-prueba-con-pirelli\/\" data-layout=\"button_count\"><\/div><\/li><li class=\"share-twitter\"><a href=\"https:\/\/twitter.com\/share\" class=\"twitter-share-button\" data-url=\"http:\/\/www.michael-schumacher.es\/noticias-f1\/2013\/07\/13\/red-bull-esta-estudiando-hacer-una-prueba-con-pirelli\/\" data-text=\"Red Bull est\u00e1 estudiando hacer una prueba con Pirelli\"  >Tweet<\/a><\/li><li class=\"share-email\"><a rel=\"nofollow noopener noreferrer\" data-shared=\"\" class=\"share-email sd-button\" href=\"http:\/\/www.michael-schumacher.es\/noticias-f1\/2013\/07\/13\/red-bull-esta-estudiando-hacer-una-prueba-con-pirelli\/?share=email\" target=\"_blank\" title=\"Haz clic para enviar por correo electr\u00f3nico a un amigo\"><span>Correo electr\u00f3nico<\/span><\/a><\/li><li class=\"share-end\"><\/li><\/ul><\/div><\/div><\/div>","protected":false},"author":3,"featured_media":0,"comment_status":"open","ping_status":"open","sticky":false,"template":"","format":"standard","meta":{"_monsterinsights_skip_tracking":false,"_monsterinsights_sitenote_active":false,"_monsterinsights_sitenote_note":"","_monsterinsights_sitenote_category":0,"spay_email":"","jetpack_publicize_message":"","jetpack_is_tweetstorm":false,"jetpack_publicize_feature_enabled":true},"categories":[3],"tags":[53,373,3432,3757,550,3755,141,127,3756,304,837,223,2721,51,215,3758,3561],"jetpack_featured_media_url":"","jetpack_publicize_connections":[],"jetpack_sharing_enabled":true,"jetpack_shortlink":"https:\/\/wp.me\/p27q3P-2XZ","_links":{"self":[{"href":"http:\/\/www.michael-schumacher.es\/noticias-f1\/wp-json\/wp\/v2\/posts\/11407"}],"collection":[{"href":"http:\/\/www.michael-schumacher.es\/noticias-f1\/wp-json\/wp\/v2\/posts"}],"about":[{"href":"http:\/\/www.michael-schumacher.es\/noticias-f1\/wp-json\/wp\/v2\/types\/post"}],"author":[{"embeddable":true,"href":"http:\/\/www.michael-schumacher.es\/noticias-f1\/wp-json\/wp\/v2\/users\/3"}],"replies":[{"embeddable":true,"href":"http:\/\/www.michael-schumacher.es\/noticias-f1\/wp-json\/wp\/v2\/comments?post=11407"}],"version-history":[{"count":0,"href":"http:\/\/www.michael-schumacher.es\/noticias-f1\/wp-json\/wp\/v2\/posts\/11407\/revisions"}],"wp:attachment":[{"href":"http:\/\/www.michael-schumacher.es\/noticias-f1\/wp-json\/wp\/v2\/media?parent=11407"}],"wp:term":[{"taxonomy":"category","embeddable":true,"href":"http:\/\/www.michael-schumacher.es\/noticias-f1\/wp-json\/wp\/v2\/categories?post=11407"},{"taxonomy":"post_tag","embeddable":true,"href":"http:\/\/www.michael-schumacher.es\/noticias-f1\/wp-json\/wp\/v2\/tags?post=11407"}],"curies":[{"name":"wp","href":"https:\/\/api.w.org\/{rel}","templated":true}]}}