{"id":11429,"date":"2013-07-15T01:10:54","date_gmt":"2013-07-14T23:10:54","guid":{"rendered":"http:\/\/www.michael-schumacher.es\/noticias-f1\/?p=11429"},"modified":"2013-07-15T01:10:54","modified_gmt":"2013-07-14T23:10:54","slug":"mark-gillan-considera-que-raikkonen-no-podia-ganar-en-alemania","status":"publish","type":"post","link":"http:\/\/www.michael-schumacher.es\/noticias-f1\/2013\/07\/15\/mark-gillan-considera-que-raikkonen-no-podia-ganar-en-alemania\/","title":{"rendered":"Mark Gillan considera, que Raikkonen no pod\u00eda ganar en Alemania"},"content":{"rendered":"<p><a href=\"http:\/\/www.michael-schumacher.es\/noticias-f1\/wp-content\/uploads\/2013\/02\/kimi_raikkonen_jerez_2013_4-dia.jpg\"><img loading=\"lazy\" class=\"alignleft\" alt=\"Kimi Raikkonen - Test Jerez 2013  \" src=\"http:\/\/www.michael-schumacher.es\/noticias-f1\/wp-content\/uploads\/2013\/02\/kimi_raikkonen_jerez_2013_4-dia.jpg\" width=\"198\" height=\"132\" \/><\/a>Mark Gillan ex dise\u00f1ador jefe de Williams, al contrario de lo que muchos pensaban, piensa que Kimi Raikkonen no pod\u00eda haber ganado la carrera en Alemania, ya que seg\u00fan dice los neum\u00e1ticos de Kimi Raikkonen tambi\u00e9n estaban bastante gastados, esto deber\u00eda ser un descanso para Eric Boullier, ya que algunos consideraban que hab\u00eda vuelto a tener un error t\u00e1ctico.<\/p>\n<p><!--more--> <!--noteaser--><\/p>\n<p><a href=\"http:\/\/www.michael-schumacher.es\/noticias-f1\/wp-content\/uploads\/2013\/02\/kimi_raikkonen_jerez_2013_4-dia.jpg\"><img loading=\"lazy\" class=\"aligncenter size-full wp-image-7873\" alt=\"Kimi Raikkonen - Test Jerez 2013  \" src=\"http:\/\/www.michael-schumacher.es\/noticias-f1\/wp-content\/uploads\/2013\/02\/kimi_raikkonen_jerez_2013_4-dia.jpg\" width=\"650\" height=\"435\" srcset=\"http:\/\/www.michael-schumacher.es\/noticias-f1\/wp-content\/uploads\/2013\/02\/kimi_raikkonen_jerez_2013_4-dia.jpg 650w, http:\/\/www.michael-schumacher.es\/noticias-f1\/wp-content\/uploads\/2013\/02\/kimi_raikkonen_jerez_2013_4-dia-300x200.jpg 300w\" sizes=\"(max-width: 650px) 100vw, 650px\" \/><\/a><\/p>\n<p>&nbsp;<\/p>\n<p>Mark Gillan ex dise\u00f1ador jefe de Williams, al contrario de lo que muchos pensaban, piensa que Kimi Raikkonen no pod\u00eda haber ganado la carrera en Alemania, ya que seg\u00fan dice los neum\u00e1ticos de Kimi Raikkonen tambi\u00e9n estaban bastante gastados, esto deber\u00eda ser un descanso para Eric Boullier, ya que algunos consideraban que hab\u00eda vuelto a tener un error t\u00e1ctico.<\/p>\n<p>&nbsp;<\/p>\n<p>Gillan al contrario que muchos observadores considera que aunque la carrera hubiese\u00a0 durado dos o tres vueltas m\u00e1s, Vettel seguir\u00eda ganado: <strong>\u00abSi nos fijamos en los datos se puede ver que R\u00e4ikk\u00f6nen tambi\u00e9n explot\u00f3 sus neum\u00e1ticos blandos en el \u00faltimo relevo, por lo que no ten\u00eda la velocidad en las \u00faltimas rondas. En mi opini\u00f3n, no es el caso, que pudiera haber ganado aunque la carrera hubiera tenido unas cuantas rondas m\u00e1s. Los neum\u00e1ticos de Raikkonen no estaban en buena forma.\u00bb<\/strong><\/p>\n<p>&nbsp;<\/p>\n<p>Aunque Mark Gillan si considera que Kimi y Lotus son un fuerte rival ya que obligaron a Vettel a forzar el ritmo: <strong>\u00abVettel tiende a no forzar demasiado en la segunda mitad de la carrera. Pero en Alemania ten\u00eda que atacar porque Raikkonen le alcanz\u00f3\u201d.<\/strong><\/p>\n<p>&nbsp;<\/p>\n<div class=\"sharedaddy sd-sharing-enabled\"><div class=\"robots-nocontent sd-block sd-social sd-social-official sd-sharing\"><h3 class=\"sd-title\">Opciones Sociales:<\/h3><div class=\"sd-content\"><ul><li class=\"share-facebook\"><div class=\"fb-share-button\" data-href=\"http:\/\/www.michael-schumacher.es\/noticias-f1\/2013\/07\/15\/mark-gillan-considera-que-raikkonen-no-podia-ganar-en-alemania\/\" data-layout=\"button_count\"><\/div><\/li><li class=\"share-twitter\"><a href=\"https:\/\/twitter.com\/share\" class=\"twitter-share-button\" data-url=\"http:\/\/www.michael-schumacher.es\/noticias-f1\/2013\/07\/15\/mark-gillan-considera-que-raikkonen-no-podia-ganar-en-alemania\/\" data-text=\"Mark Gillan considera, que Raikkonen no pod\u00eda ganar en Alemania\"  >Tweet<\/a><\/li><li class=\"share-email\"><a rel=\"nofollow noopener noreferrer\" data-shared=\"\" class=\"share-email sd-button\" href=\"http:\/\/www.michael-schumacher.es\/noticias-f1\/2013\/07\/15\/mark-gillan-considera-que-raikkonen-no-podia-ganar-en-alemania\/?share=email\" target=\"_blank\" title=\"Haz clic para enviar por correo electr\u00f3nico a un amigo\"><span>Correo electr\u00f3nico<\/span><\/a><\/li><li class=\"share-end\"><\/li><\/ul><\/div><\/div><\/div>","protected":false},"excerpt":{"rendered":"<p>Mark Gillan ex dise\u00f1ador jefe de Williams, al contrario de lo que muchos pensaban, piensa que Kimi Raikkonen no pod\u00eda haber ganado la carrera en Alemania, ya que seg\u00fan dice los neum\u00e1ticos de Kimi Raikkonen tambi\u00e9n estaban bastante gastados, esto deber\u00eda ser un descanso para Eric Boullier, ya que algunos consideraban que hab\u00eda vuelto a [&hellip;]<\/p>\n<div class=\"sharedaddy sd-sharing-enabled\"><div class=\"robots-nocontent sd-block sd-social sd-social-official sd-sharing\"><h3 class=\"sd-title\">Opciones Sociales:<\/h3><div class=\"sd-content\"><ul><li class=\"share-facebook\"><div class=\"fb-share-button\" data-href=\"http:\/\/www.michael-schumacher.es\/noticias-f1\/2013\/07\/15\/mark-gillan-considera-que-raikkonen-no-podia-ganar-en-alemania\/\" data-layout=\"button_count\"><\/div><\/li><li class=\"share-twitter\"><a href=\"https:\/\/twitter.com\/share\" class=\"twitter-share-button\" data-url=\"http:\/\/www.michael-schumacher.es\/noticias-f1\/2013\/07\/15\/mark-gillan-considera-que-raikkonen-no-podia-ganar-en-alemania\/\" data-text=\"Mark Gillan considera, que Raikkonen no pod\u00eda ganar en Alemania\"  >Tweet<\/a><\/li><li class=\"share-email\"><a rel=\"nofollow noopener noreferrer\" data-shared=\"\" class=\"share-email sd-button\" href=\"http:\/\/www.michael-schumacher.es\/noticias-f1\/2013\/07\/15\/mark-gillan-considera-que-raikkonen-no-podia-ganar-en-alemania\/?share=email\" target=\"_blank\" title=\"Haz clic para enviar por correo electr\u00f3nico a un amigo\"><span>Correo electr\u00f3nico<\/span><\/a><\/li><li class=\"share-end\"><\/li><\/ul><\/div><\/div><\/div>","protected":false},"author":3,"featured_media":0,"comment_status":"open","ping_status":"open","sticky":false,"template":"","format":"standard","meta":{"_monsterinsights_skip_tracking":false,"_monsterinsights_sitenote_active":false,"_monsterinsights_sitenote_note":"","_monsterinsights_sitenote_category":0,"spay_email":"","jetpack_publicize_message":"","jetpack_is_tweetstorm":false,"jetpack_publicize_feature_enabled":true},"categories":[3],"tags":[543,17,15,326,3772,6,8,81,26,136,3774,3773,24,51,71],"jetpack_featured_media_url":"","jetpack_publicize_connections":[],"jetpack_sharing_enabled":true,"jetpack_shortlink":"https:\/\/wp.me\/p27q3P-2Yl","_links":{"self":[{"href":"http:\/\/www.michael-schumacher.es\/noticias-f1\/wp-json\/wp\/v2\/posts\/11429"}],"collection":[{"href":"http:\/\/www.michael-schumacher.es\/noticias-f1\/wp-json\/wp\/v2\/posts"}],"about":[{"href":"http:\/\/www.michael-schumacher.es\/noticias-f1\/wp-json\/wp\/v2\/types\/post"}],"author":[{"embeddable":true,"href":"http:\/\/www.michael-schumacher.es\/noticias-f1\/wp-json\/wp\/v2\/users\/3"}],"replies":[{"embeddable":true,"href":"http:\/\/www.michael-schumacher.es\/noticias-f1\/wp-json\/wp\/v2\/comments?post=11429"}],"version-history":[{"count":0,"href":"http:\/\/www.michael-schumacher.es\/noticias-f1\/wp-json\/wp\/v2\/posts\/11429\/revisions"}],"wp:attachment":[{"href":"http:\/\/www.michael-schumacher.es\/noticias-f1\/wp-json\/wp\/v2\/media?parent=11429"}],"wp:term":[{"taxonomy":"category","embeddable":true,"href":"http:\/\/www.michael-schumacher.es\/noticias-f1\/wp-json\/wp\/v2\/categories?post=11429"},{"taxonomy":"post_tag","embeddable":true,"href":"http:\/\/www.michael-schumacher.es\/noticias-f1\/wp-json\/wp\/v2\/tags?post=11429"}],"curies":[{"name":"wp","href":"https:\/\/api.w.org\/{rel}","templated":true}]}}