{"id":11464,"date":"2013-07-17T03:34:41","date_gmt":"2013-07-17T01:34:41","guid":{"rendered":"http:\/\/www.michael-schumacher.es\/noticias-f1\/?p=11464"},"modified":"2013-07-17T03:34:41","modified_gmt":"2013-07-17T01:34:41","slug":"carlos-sainz-jr-tambien-probara-el-toro-rosso-en-silverstone","status":"publish","type":"post","link":"http:\/\/www.michael-schumacher.es\/noticias-f1\/2013\/07\/17\/carlos-sainz-jr-tambien-probara-el-toro-rosso-en-silverstone\/","title":{"rendered":"Carlos Sainz Jr. tambi\u00e9n probar\u00e1 el Toro Rosso en Silverstone"},"content":{"rendered":"<p><a href=\"http:\/\/www.michael-schumacher.es\/noticias-f1\/wp-content\/uploads\/2013\/02\/STR08-2.jpg\"><img loading=\"lazy\" class=\"alignleft\" alt=\"STR08-2\" src=\"http:\/\/www.michael-schumacher.es\/noticias-f1\/wp-content\/uploads\/2013\/02\/STR08-2.jpg\" width=\"200\" height=\"141\" \/><\/a>Entre los pilotos que llevar\u00e1 el equipo Toro Rosso est\u00e1 el piloto madrile\u00f1o, Carlos Sainz Jr. Que se pondr\u00e1 a los mandos del STR8 la ma\u00f1ana del jueves. Carlos Sainz tambi\u00e9n pilotar\u00e1 el Red Bull-RB9 en la ma\u00f1ana del viernes. Adem\u00e1s Cecotto y Daniil Kvyat, son los j\u00f3venes pilotos que probaran junto a los pilotos oficiales Daniel Ricciardo y Jean Eric Vergne.<\/p>\n<p><!--more--> <!--noteaser--><\/p>\n<p><a href=\"http:\/\/www.michael-schumacher.es\/noticias-f1\/wp-content\/uploads\/2013\/02\/STR08-2.jpg\"><img loading=\"lazy\" class=\"aligncenter size-full wp-image-7796\" alt=\"STR08-2\" src=\"http:\/\/www.michael-schumacher.es\/noticias-f1\/wp-content\/uploads\/2013\/02\/STR08-2.jpg\" width=\"650\" height=\"460\" srcset=\"http:\/\/www.michael-schumacher.es\/noticias-f1\/wp-content\/uploads\/2013\/02\/STR08-2.jpg 650w, http:\/\/www.michael-schumacher.es\/noticias-f1\/wp-content\/uploads\/2013\/02\/STR08-2-300x212.jpg 300w\" sizes=\"(max-width: 650px) 100vw, 650px\" \/><\/a><\/p>\n<p>&nbsp;<\/p>\n<p>Entre los pilotos que llevar\u00e1 el equipo Toro Rosso est\u00e1 el piloto madrile\u00f1o, Carlos Sainz Jr. Que se pondr\u00e1 a los mandos del STR8 la ma\u00f1ana del jueves. Carlos Sainz tambi\u00e9n pilotar\u00e1 el Red Bull-RB9 en la ma\u00f1ana del viernes. Adem\u00e1s Cecotto y Daniil Kvyat, son los j\u00f3venes pilotos que probaran junto a los pilotos oficiales Daniel Ricciardo y Jean Eric Vergne.<\/p>\n<p>&nbsp;<\/p>\n<p>El venezolano Johnny Cecotto que compite en la GP2 ser\u00e1 el encargado de probar con el Toro Rosso durante todo el mi\u00e9rcoles. El jueves como ya mencionamos ser\u00e1 el turno por la ma\u00f1ana de Carlos Sainz Jr. Por la tarde del jueves ser\u00e1 Daniel Ricciardo el encargado de estar a los mandos del STR8. El viernes Jean Eric Vergne se ocupar\u00e1 de probar por la ma\u00f1ana y por la tarde ser\u00e1 el turno del ruso\u00a0 Daniil Kvyat miembro del Programa de J\u00f3venes Pilotos Red\u00a0 Bull , y\u00a0 actualmente compite en la GP3.<\/p>\n<p>&nbsp;<\/p>\n<p><strong>Mi\u00e9rcoles 19.<\/strong><\/p>\n<p>Ma\u00f1ana &#8211; Johnny Cecotto<br \/>\nTarde &#8211; Johnny Cecotto<\/p>\n<p><strong>Jueves 18.<\/strong><\/p>\n<p>Ma\u00f1ana &#8211; Carlos Sainz J\u00fanior<\/p>\n<p>Tarde \u2013 Daniel Ricciardo<\/p>\n<p><strong>Viernes 19.<\/strong><\/p>\n<p>Ma\u00f1ana- Jean Eric Vergne<br \/>\nTarde \u2013 Daniil Kvyat<\/p>\n<p>&nbsp;<\/p>\n<p>&nbsp;<\/p>\n<div class=\"sharedaddy sd-sharing-enabled\"><div class=\"robots-nocontent sd-block sd-social sd-social-official sd-sharing\"><h3 class=\"sd-title\">Opciones Sociales:<\/h3><div class=\"sd-content\"><ul><li class=\"share-facebook\"><div class=\"fb-share-button\" data-href=\"http:\/\/www.michael-schumacher.es\/noticias-f1\/2013\/07\/17\/carlos-sainz-jr-tambien-probara-el-toro-rosso-en-silverstone\/\" data-layout=\"button_count\"><\/div><\/li><li class=\"share-twitter\"><a href=\"https:\/\/twitter.com\/share\" class=\"twitter-share-button\" data-url=\"http:\/\/www.michael-schumacher.es\/noticias-f1\/2013\/07\/17\/carlos-sainz-jr-tambien-probara-el-toro-rosso-en-silverstone\/\" data-text=\"Carlos Sainz Jr. tambi\u00e9n probar\u00e1 el Toro Rosso en Silverstone\"  >Tweet<\/a><\/li><li class=\"share-email\"><a rel=\"nofollow noopener noreferrer\" data-shared=\"\" class=\"share-email sd-button\" href=\"http:\/\/www.michael-schumacher.es\/noticias-f1\/2013\/07\/17\/carlos-sainz-jr-tambien-probara-el-toro-rosso-en-silverstone\/?share=email\" target=\"_blank\" title=\"Haz clic para enviar por correo electr\u00f3nico a un amigo\"><span>Correo electr\u00f3nico<\/span><\/a><\/li><li class=\"share-end\"><\/li><\/ul><\/div><\/div><\/div>","protected":false},"excerpt":{"rendered":"<p>Entre los pilotos que llevar\u00e1 el equipo Toro Rosso est\u00e1 el piloto madrile\u00f1o, Carlos Sainz Jr. Que se pondr\u00e1 a los mandos del STR8 la ma\u00f1ana del jueves. Carlos Sainz tambi\u00e9n pilotar\u00e1 el Red Bull-RB9 en la ma\u00f1ana del viernes. Adem\u00e1s Cecotto y Daniil Kvyat, son los j\u00f3venes pilotos que probaran junto a los pilotos [&hellip;]<\/p>\n<div class=\"sharedaddy sd-sharing-enabled\"><div class=\"robots-nocontent sd-block sd-social sd-social-official sd-sharing\"><h3 class=\"sd-title\">Opciones Sociales:<\/h3><div class=\"sd-content\"><ul><li class=\"share-facebook\"><div class=\"fb-share-button\" data-href=\"http:\/\/www.michael-schumacher.es\/noticias-f1\/2013\/07\/17\/carlos-sainz-jr-tambien-probara-el-toro-rosso-en-silverstone\/\" data-layout=\"button_count\"><\/div><\/li><li class=\"share-twitter\"><a href=\"https:\/\/twitter.com\/share\" class=\"twitter-share-button\" data-url=\"http:\/\/www.michael-schumacher.es\/noticias-f1\/2013\/07\/17\/carlos-sainz-jr-tambien-probara-el-toro-rosso-en-silverstone\/\" data-text=\"Carlos Sainz Jr. tambi\u00e9n probar\u00e1 el Toro Rosso en Silverstone\"  >Tweet<\/a><\/li><li class=\"share-email\"><a rel=\"nofollow noopener noreferrer\" data-shared=\"\" class=\"share-email sd-button\" href=\"http:\/\/www.michael-schumacher.es\/noticias-f1\/2013\/07\/17\/carlos-sainz-jr-tambien-probara-el-toro-rosso-en-silverstone\/?share=email\" target=\"_blank\" title=\"Haz clic para enviar por correo electr\u00f3nico a un amigo\"><span>Correo electr\u00f3nico<\/span><\/a><\/li><li class=\"share-end\"><\/li><\/ul><\/div><\/div><\/div>","protected":false},"author":3,"featured_media":0,"comment_status":"open","ping_status":"open","sticky":false,"template":"","format":"standard","meta":{"_monsterinsights_skip_tracking":false,"_monsterinsights_sitenote_active":false,"_monsterinsights_sitenote_note":"","_monsterinsights_sitenote_category":0,"spay_email":"","jetpack_publicize_message":"","jetpack_is_tweetstorm":false,"jetpack_publicize_feature_enabled":true},"categories":[3],"tags":[373,1872,647,3793,101,3796,17,15,3795,3794,531,1118,255,51,102,338,238,215,103],"jetpack_featured_media_url":"","jetpack_publicize_connections":[],"jetpack_sharing_enabled":true,"jetpack_shortlink":"https:\/\/wp.me\/p27q3P-2YU","_links":{"self":[{"href":"http:\/\/www.michael-schumacher.es\/noticias-f1\/wp-json\/wp\/v2\/posts\/11464"}],"collection":[{"href":"http:\/\/www.michael-schumacher.es\/noticias-f1\/wp-json\/wp\/v2\/posts"}],"about":[{"href":"http:\/\/www.michael-schumacher.es\/noticias-f1\/wp-json\/wp\/v2\/types\/post"}],"author":[{"embeddable":true,"href":"http:\/\/www.michael-schumacher.es\/noticias-f1\/wp-json\/wp\/v2\/users\/3"}],"replies":[{"embeddable":true,"href":"http:\/\/www.michael-schumacher.es\/noticias-f1\/wp-json\/wp\/v2\/comments?post=11464"}],"version-history":[{"count":0,"href":"http:\/\/www.michael-schumacher.es\/noticias-f1\/wp-json\/wp\/v2\/posts\/11464\/revisions"}],"wp:attachment":[{"href":"http:\/\/www.michael-schumacher.es\/noticias-f1\/wp-json\/wp\/v2\/media?parent=11464"}],"wp:term":[{"taxonomy":"category","embeddable":true,"href":"http:\/\/www.michael-schumacher.es\/noticias-f1\/wp-json\/wp\/v2\/categories?post=11464"},{"taxonomy":"post_tag","embeddable":true,"href":"http:\/\/www.michael-schumacher.es\/noticias-f1\/wp-json\/wp\/v2\/tags?post=11464"}],"curies":[{"name":"wp","href":"https:\/\/api.w.org\/{rel}","templated":true}]}}