{"id":11468,"date":"2013-07-17T12:33:26","date_gmt":"2013-07-17T10:33:26","guid":{"rendered":"http:\/\/www.michael-schumacher.es\/noticias-f1\/?p=11468"},"modified":"2013-07-17T12:33:26","modified_gmt":"2013-07-17T10:33:26","slug":"test-de-silverstone-alineacion-de-pilotos","status":"publish","type":"post","link":"http:\/\/www.michael-schumacher.es\/noticias-f1\/2013\/07\/17\/test-de-silverstone-alineacion-de-pilotos\/","title":{"rendered":"Test de Silverstone, alineaci\u00f3n de pilotos"},"content":{"rendered":"<p><a href=\"http:\/\/www.michael-schumacher.es\/noticias-f1\/wp-content\/uploads\/2013\/04\/vista-aerea-circuito-silverstone.jpg\"><img loading=\"lazy\" class=\"alignleft\" alt=\"vista-aerea-circuito-silverstone\" src=\"http:\/\/www.michael-schumacher.es\/noticias-f1\/wp-content\/uploads\/2013\/04\/vista-aerea-circuito-silverstone.jpg\" width=\"200\" height=\"133\" \/><\/a>Las pruebas de j\u00f3venes pilotos se inician el mi\u00e9rcoles 17 hasta el viernes 19, ya est\u00e1n confirmados todos los pilotos que participaran por cada equipo y el orden en que lo har\u00e1n. A excepci\u00f3n de Force India, que ha confirmado a los pilotos, pero no el d\u00eda que probara cada piloto. As\u00ed como el equipo Caterham que no ha confirmado cu\u00e1l de sus pilotos oficiales Giedo van der Garde y Charles Pic, que probaran el viernes 19, lo har\u00e1n por la ma\u00f1ana o por la tarde.<\/p>\n<p><!--more--> <!--noteaser--><\/p>\n<p><a href=\"http:\/\/www.michael-schumacher.es\/noticias-f1\/wp-content\/uploads\/2013\/04\/vista-aerea-circuito-silverstone.jpg\"><img loading=\"lazy\" class=\"aligncenter size-full wp-image-9396\" alt=\"vista-aerea-circuito-silverstone\" src=\"http:\/\/www.michael-schumacher.es\/noticias-f1\/wp-content\/uploads\/2013\/04\/vista-aerea-circuito-silverstone.jpg\" width=\"650\" height=\"433\" srcset=\"http:\/\/www.michael-schumacher.es\/noticias-f1\/wp-content\/uploads\/2013\/04\/vista-aerea-circuito-silverstone.jpg 650w, http:\/\/www.michael-schumacher.es\/noticias-f1\/wp-content\/uploads\/2013\/04\/vista-aerea-circuito-silverstone-300x199.jpg 300w\" sizes=\"(max-width: 650px) 100vw, 650px\" \/><\/a><\/p>\n<p>&nbsp;<\/p>\n<p>Las pruebas de j\u00f3venes pilotos se inician el mi\u00e9rcoles 17 hasta el viernes 19, ya est\u00e1n confirmados todos los pilotos que participaran por cada equipo y el orden en que lo har\u00e1n. A excepci\u00f3n de Force India, que ha confirmado a los pilotos, pero no el d\u00eda que probara cada piloto. As\u00ed como el equipo Caterham que no ha confirmado cu\u00e1l de sus pilotos oficiales Giedo van der Garde y Charles Pic, que probaran el viernes 19, lo har\u00e1n por la ma\u00f1ana o por la tarde.<\/p>\n<p>&nbsp;<\/p>\n<p><strong>Red Bull<\/strong><\/p>\n<p>Miercoles 19.<br \/>\nMa\u00f1ana &#8211; Antonio F\u00e9lix da Costa<br \/>\nTarde &#8211; Daniel Ricciardo<\/p>\n<p>Jueves 18.<br \/>\nMa\u00f1ana &#8211; Antonio F\u00e9lix da Costa<br \/>\nTarde \u2013 Mark Webber<\/p>\n<p>Viernes 19.<br \/>\nMa\u00f1ana- Carlos Sainz J\u00fanior<br \/>\nTarde \u2013 Sebastian Vettel<\/p>\n<p>&nbsp;<\/p>\n<p><strong>Ferrari<\/strong><\/p>\n<p>Miercoles 19.<br \/>\nMa\u00f1ana &#8211; Davide Rigon<br \/>\nTarde &#8211; Davide Rigon<\/p>\n<p>Jueves 18.<br \/>\nMa\u00f1ana &#8211; Davide Rigon<br \/>\nTarde \u2013 Davide Rigon<\/p>\n<p>Viernes 19.<br \/>\nMa\u00f1ana- Felipe Massa<br \/>\nTarde \u2013 Davide Rigon<\/p>\n<p>&nbsp;<\/p>\n<p><strong>Lotus<\/strong><\/p>\n<p>Miercoles 19.<br \/>\nMa\u00f1ana &#8211; Nicolas Prost<br \/>\nTarde &#8211; Nicolas Prost<\/p>\n<p>Jueves 18.<br \/>\nMa\u00f1ana &#8211; Davide Valsecchi<br \/>\nTarde \u2013 Davide Valsecchi<\/p>\n<p>Viernes 19.<br \/>\nMa\u00f1ana- Kimi Raikkonen<br \/>\nTarde \u2013 Kimi Raikkonen<\/p>\n<p>&nbsp;<\/p>\n<p><strong>Force India<\/strong><\/p>\n<p>No han confirmado el d\u00eda que probara cada piloto<br \/>\nJames Calado<br \/>\nAdrian Sutil<br \/>\nPaul Di Resta<\/p>\n<p>&nbsp;<\/p>\n<p><strong>McLaren<\/strong><\/p>\n<p>Miercoles 19.<br \/>\nMa\u00f1ana &#8211; Kevin Magnussen<br \/>\nTarde &#8211; Kevin Magnussen<\/p>\n<p>Jueves 18.<br \/>\nMa\u00f1ana &#8211; Oliver Turvey<br \/>\nTarde \u2013 Oliver Turvey<\/p>\n<p>Viernes 19.<br \/>\nMa\u00f1ana- Gary Paffett<br \/>\nTarde \u2013 Gary Paffett<\/p>\n<p>&nbsp;<\/p>\n<p><strong>Toro Rosso<\/strong><\/p>\n<p>Mi\u00e9rcoles 19.<br \/>\nMa\u00f1ana &#8211; Johnny Cecotto<br \/>\nTarde &#8211; Johnny Cecotto<\/p>\n<p>Jueves 18.<br \/>\nMa\u00f1ana &#8211; Carlos Sainz J\u00fanior<br \/>\nTarde \u2013 Daniel Ricciardo<\/p>\n<p>Viernes 19.<br \/>\nMa\u00f1ana- Jean Eric Vergne<br \/>\nTarde \u2013 Daniil Kvyat<\/p>\n<p>&nbsp;<\/p>\n<p><strong>Sauber<\/strong><\/p>\n<p>Miercoles 19.<br \/>\nMa\u00f1ana &#8211; Robin Frijns<br \/>\nTarde &#8211; Robin Frijns<\/p>\n<p>Jueves 18.<br \/>\nMa\u00f1ana &#8211; Robin Frijns<br \/>\nTarde \u2013 Nico H\u00fclkenberg<\/p>\n<p>Viernes 19.<br \/>\nMa\u00f1ana- Kimiya Sato<br \/>\nTarde \u2013 Kimiya Sato<\/p>\n<p>&nbsp;<\/p>\n<p><strong>Williams<\/strong><\/p>\n<p>Miercoles 19.<br \/>\nMa\u00f1ana &#8211; Daniel Juncadella<br \/>\nTarde &#8211; Daniel Juncadella<\/p>\n<p>Jueves 18.<br \/>\nMa\u00f1ana &#8211; Pastor Maldonado<br \/>\nTarde \u2013 Pastor Maldonado<\/p>\n<p>Viernes 19.<br \/>\nMa\u00f1ana- Susie Wolff<br \/>\nTarde \u2013 Susie Wolff<\/p>\n<p><strong>Caterham.<\/strong><\/p>\n<p>Mi\u00e9rcoles 19.<br \/>\nMa\u00f1ana &#8211; Alexander Rossi<br \/>\nTarde &#8211; Alexander Rossi<\/p>\n<p>Jueves 18.<br \/>\nMa\u00f1ana &#8211; Will Stevens<br \/>\nTarde \u2013 Will Stevens<\/p>\n<p>Viernes 19.<br \/>\nNo est\u00e1 confirmado el orden de los pilotos.<br \/>\nGiedo van der Garde<br \/>\nCharles Pic<\/p>\n<p><strong>Marussia<\/strong><\/p>\n<p>Miercoles 19.<br \/>\nMa\u00f1ana &#8211; Tio Ellinas<br \/>\nTarde &#8211; Max Chilton<\/p>\n<p>Jueves 18.<br \/>\nMa\u00f1ana &#8211; Rodolfo Gonz\u00e1lez<br \/>\nTarde \u2013 Rodolfo Gonz\u00e1lez<\/p>\n<p>Viernes 19.<br \/>\nMa\u00f1ana- Rodolfo Gonz\u00e1lez<br \/>\nTarde \u2013 Jules Bianchi<\/p>\n<div class=\"sharedaddy sd-sharing-enabled\"><div class=\"robots-nocontent sd-block sd-social sd-social-official sd-sharing\"><h3 class=\"sd-title\">Opciones Sociales:<\/h3><div class=\"sd-content\"><ul><li class=\"share-facebook\"><div class=\"fb-share-button\" data-href=\"http:\/\/www.michael-schumacher.es\/noticias-f1\/2013\/07\/17\/test-de-silverstone-alineacion-de-pilotos\/\" data-layout=\"button_count\"><\/div><\/li><li class=\"share-twitter\"><a href=\"https:\/\/twitter.com\/share\" class=\"twitter-share-button\" data-url=\"http:\/\/www.michael-schumacher.es\/noticias-f1\/2013\/07\/17\/test-de-silverstone-alineacion-de-pilotos\/\" data-text=\"Test de Silverstone, alineaci\u00f3n de pilotos\"  >Tweet<\/a><\/li><li class=\"share-email\"><a rel=\"nofollow noopener noreferrer\" data-shared=\"\" class=\"share-email sd-button\" href=\"http:\/\/www.michael-schumacher.es\/noticias-f1\/2013\/07\/17\/test-de-silverstone-alineacion-de-pilotos\/?share=email\" target=\"_blank\" title=\"Haz clic para enviar por correo electr\u00f3nico a un amigo\"><span>Correo electr\u00f3nico<\/span><\/a><\/li><li class=\"share-end\"><\/li><\/ul><\/div><\/div><\/div>","protected":false},"excerpt":{"rendered":"<p>Las pruebas de j\u00f3venes pilotos se inician el mi\u00e9rcoles 17 hasta el viernes 19, ya est\u00e1n confirmados todos los pilotos que participaran por cada equipo y el orden en que lo har\u00e1n. A excepci\u00f3n de Force India, que ha confirmado a los pilotos, pero no el d\u00eda que probara cada piloto. As\u00ed como el equipo [&hellip;]<\/p>\n<div class=\"sharedaddy sd-sharing-enabled\"><div class=\"robots-nocontent sd-block sd-social sd-social-official sd-sharing\"><h3 class=\"sd-title\">Opciones Sociales:<\/h3><div class=\"sd-content\"><ul><li class=\"share-facebook\"><div class=\"fb-share-button\" data-href=\"http:\/\/www.michael-schumacher.es\/noticias-f1\/2013\/07\/17\/test-de-silverstone-alineacion-de-pilotos\/\" data-layout=\"button_count\"><\/div><\/li><li class=\"share-twitter\"><a href=\"https:\/\/twitter.com\/share\" class=\"twitter-share-button\" data-url=\"http:\/\/www.michael-schumacher.es\/noticias-f1\/2013\/07\/17\/test-de-silverstone-alineacion-de-pilotos\/\" data-text=\"Test de Silverstone, alineaci\u00f3n de pilotos\"  >Tweet<\/a><\/li><li class=\"share-email\"><a rel=\"nofollow noopener noreferrer\" data-shared=\"\" class=\"share-email sd-button\" href=\"http:\/\/www.michael-schumacher.es\/noticias-f1\/2013\/07\/17\/test-de-silverstone-alineacion-de-pilotos\/?share=email\" target=\"_blank\" title=\"Haz clic para enviar por correo electr\u00f3nico a un amigo\"><span>Correo electr\u00f3nico<\/span><\/a><\/li><li class=\"share-end\"><\/li><\/ul><\/div><\/div><\/div>","protected":false},"author":3,"featured_media":0,"comment_status":"open","ping_status":"open","sticky":false,"template":"","format":"standard","meta":{"_monsterinsights_skip_tracking":false,"_monsterinsights_sitenote_active":false,"_monsterinsights_sitenote_note":"","_monsterinsights_sitenote_category":0,"spay_email":"","jetpack_publicize_message":"","jetpack_is_tweetstorm":false,"jetpack_publicize_feature_enabled":true},"categories":[3],"tags":[1872,256,17,15,531,304,3057,255,223,282,621,338,215],"jetpack_featured_media_url":"","jetpack_publicize_connections":[],"jetpack_sharing_enabled":true,"jetpack_shortlink":"https:\/\/wp.me\/p27q3P-2YY","_links":{"self":[{"href":"http:\/\/www.michael-schumacher.es\/noticias-f1\/wp-json\/wp\/v2\/posts\/11468"}],"collection":[{"href":"http:\/\/www.michael-schumacher.es\/noticias-f1\/wp-json\/wp\/v2\/posts"}],"about":[{"href":"http:\/\/www.michael-schumacher.es\/noticias-f1\/wp-json\/wp\/v2\/types\/post"}],"author":[{"embeddable":true,"href":"http:\/\/www.michael-schumacher.es\/noticias-f1\/wp-json\/wp\/v2\/users\/3"}],"replies":[{"embeddable":true,"href":"http:\/\/www.michael-schumacher.es\/noticias-f1\/wp-json\/wp\/v2\/comments?post=11468"}],"version-history":[{"count":0,"href":"http:\/\/www.michael-schumacher.es\/noticias-f1\/wp-json\/wp\/v2\/posts\/11468\/revisions"}],"wp:attachment":[{"href":"http:\/\/www.michael-schumacher.es\/noticias-f1\/wp-json\/wp\/v2\/media?parent=11468"}],"wp:term":[{"taxonomy":"category","embeddable":true,"href":"http:\/\/www.michael-schumacher.es\/noticias-f1\/wp-json\/wp\/v2\/categories?post=11468"},{"taxonomy":"post_tag","embeddable":true,"href":"http:\/\/www.michael-schumacher.es\/noticias-f1\/wp-json\/wp\/v2\/tags?post=11468"}],"curies":[{"name":"wp","href":"https:\/\/api.w.org\/{rel}","templated":true}]}}