{"id":11510,"date":"2013-07-21T02:37:42","date_gmt":"2013-07-21T00:37:42","guid":{"rendered":"http:\/\/www.michael-schumacher.es\/noticias-f1\/?p=11510"},"modified":"2013-07-21T02:37:42","modified_gmt":"2013-07-21T00:37:42","slug":"boullier-quiere-mantener-a-raikkonen-en-lotus","status":"publish","type":"post","link":"http:\/\/www.michael-schumacher.es\/noticias-f1\/2013\/07\/21\/boullier-quiere-mantener-a-raikkonen-en-lotus\/","title":{"rendered":"Boullier quiere mantener a Raikkonen en Lotus"},"content":{"rendered":"<p><a href=\"http:\/\/www.michael-schumacher.es\/noticias-f1\/wp-content\/uploads\/2012\/09\/eric-boullier-kimi-raikkonen-romain-grosjean.jpg\"><img loading=\"lazy\" class=\"alignleft\" alt=\"Eric Boullier - Kimi Raikkonen - Romain Grosjean \" src=\"http:\/\/www.michael-schumacher.es\/noticias-f1\/wp-content\/uploads\/2012\/09\/eric-boullier-kimi-raikkonen-romain-grosjean.jpg\" width=\"200\" height=\"146\" \/><\/a>Evidentemente no es un secreto que Lotus quiere mantener a un gran piloto como Kimi Raikkonen para la pr\u00f3xima temporada de F\u00f3rmula Uno, tampoco es un secreto que Mark Webber abandona la F1 y uno de los asientos m\u00e1s golosos de la categor\u00eda reina queda desierto y en la b\u00fasqueda de un piloto que se ponga a los mandos del Red Bull, pero llegados a este punto, Eric Boullier no esconde que su objetivo es conservar a Kimi y que hacen todo los que pueden para ello.<\/p>\n<p><!--more--> <!--noteaser--><\/p>\n<p><a href=\"http:\/\/www.michael-schumacher.es\/noticias-f1\/wp-content\/uploads\/2012\/09\/eric-boullier-kimi-raikkonen-romain-grosjean.jpg\"><img loading=\"lazy\" class=\"aligncenter size-full wp-image-3676\" alt=\"Eric Boullier - Kimi Raikkonen - Romain Grosjean \" src=\"http:\/\/www.michael-schumacher.es\/noticias-f1\/wp-content\/uploads\/2012\/09\/eric-boullier-kimi-raikkonen-romain-grosjean.jpg\" width=\"600\" height=\"440\" srcset=\"http:\/\/www.michael-schumacher.es\/noticias-f1\/wp-content\/uploads\/2012\/09\/eric-boullier-kimi-raikkonen-romain-grosjean.jpg 600w, http:\/\/www.michael-schumacher.es\/noticias-f1\/wp-content\/uploads\/2012\/09\/eric-boullier-kimi-raikkonen-romain-grosjean-300x220.jpg 300w\" sizes=\"(max-width: 600px) 100vw, 600px\" \/><\/a><\/p>\n<p>&nbsp;<\/p>\n<p>Evidentemente no es un secreto que Lotus quiere mantener a un gran piloto como Kimi Raikkonen para la pr\u00f3xima temporada de F\u00f3rmula Uno, tampoco es un secreto que Mark Webber abandona la F1 y uno de los asientos m\u00e1s golosos de la categor\u00eda reina queda desierto y en la b\u00fasqueda de un piloto que se ponga a los mandos del Red Bull, pero llegados a este punto, Eric Boullier no esconde que su objetivo es conservar a Kimi y que hacen todo los que pueden para ello.<\/p>\n<p>&nbsp;<\/p>\n<p>Sin duda Kimi Raikkonen es un piloto diferente a la mayor\u00eda y tiene una personalidad especial y est\u00e1 muy claro que Lotus le entiende y el piloto se siente c\u00f3modo en un equipo donde la pol\u00edtica y las promociones no agobian a Kimi e incluso apoyan sus iniciativas ir\u00f3nicas o sarc\u00e1sticas en ocasi\u00f3n, d\u00e1ndole cobertura con sentido del humor, tampoco el dinero es un factor determinante para Kimi, ahora bien, es un piloto muy fuerte y muy competitivo y para retener a Kimi, Lotus tendr\u00e1 que trabajar fuerte y prometer un coche competitivo.<\/p>\n<p>&nbsp;<\/p>\n<p>Eric Boullier est\u00e1 trabajando para retener a Kimi y hacen lo posible para conseguirlo: <strong>\u00abEst\u00e1 claro que Lotus es un equipo en el cual se quiere estar, y sabemos que se habla mucho sobre el futuro de Kimi. Sabemos que Kimi decidir\u00e1 por s\u00ed mismo en el momento indicado. Naturalmente queremos que contin\u00fae con nosotros, entonces estamos haciendo todo lo posible para que eso suceda\u00bb.<\/strong><\/p>\n<p>&nbsp;<\/p>\n<p>Eric Boullier es optimista tras el GP de Alemania ya que sus dos pilotos terminaron en el podio y as\u00ed es como quieren seguir: <strong>\u201cEst\u00e1 claro que hemos tenido muy buenos unos fines de semana y otros donde no hemos tenido los resultados esperados. Nuestro \u00faltimo rendimiento en Alemania es el tipo de rendimiento que queremos para las siguientes carreras para poder pelear por el campeonato mundial\u00bb.<\/strong><\/p>\n<p>&nbsp;<\/p>\n<p>&nbsp;<\/p>\n<div class=\"sharedaddy sd-sharing-enabled\"><div class=\"robots-nocontent sd-block sd-social sd-social-official sd-sharing\"><h3 class=\"sd-title\">Opciones Sociales:<\/h3><div class=\"sd-content\"><ul><li class=\"share-facebook\"><div class=\"fb-share-button\" data-href=\"http:\/\/www.michael-schumacher.es\/noticias-f1\/2013\/07\/21\/boullier-quiere-mantener-a-raikkonen-en-lotus\/\" data-layout=\"button_count\"><\/div><\/li><li class=\"share-twitter\"><a href=\"https:\/\/twitter.com\/share\" class=\"twitter-share-button\" data-url=\"http:\/\/www.michael-schumacher.es\/noticias-f1\/2013\/07\/21\/boullier-quiere-mantener-a-raikkonen-en-lotus\/\" data-text=\"Boullier quiere mantener a Raikkonen en Lotus\"  >Tweet<\/a><\/li><li class=\"share-email\"><a rel=\"nofollow noopener noreferrer\" data-shared=\"\" class=\"share-email sd-button\" href=\"http:\/\/www.michael-schumacher.es\/noticias-f1\/2013\/07\/21\/boullier-quiere-mantener-a-raikkonen-en-lotus\/?share=email\" target=\"_blank\" title=\"Haz clic para enviar por correo electr\u00f3nico a un amigo\"><span>Correo electr\u00f3nico<\/span><\/a><\/li><li class=\"share-end\"><\/li><\/ul><\/div><\/div><\/div>","protected":false},"excerpt":{"rendered":"<p>Evidentemente no es un secreto que Lotus quiere mantener a un gran piloto como Kimi Raikkonen para la pr\u00f3xima temporada de F\u00f3rmula Uno, tampoco es un secreto que Mark Webber abandona la F1 y uno de los asientos m\u00e1s golosos de la categor\u00eda reina queda desierto y en la b\u00fasqueda de un piloto que se [&hellip;]<\/p>\n<div class=\"sharedaddy sd-sharing-enabled\"><div class=\"robots-nocontent sd-block sd-social sd-social-official sd-sharing\"><h3 class=\"sd-title\">Opciones Sociales:<\/h3><div class=\"sd-content\"><ul><li class=\"share-facebook\"><div class=\"fb-share-button\" data-href=\"http:\/\/www.michael-schumacher.es\/noticias-f1\/2013\/07\/21\/boullier-quiere-mantener-a-raikkonen-en-lotus\/\" data-layout=\"button_count\"><\/div><\/li><li class=\"share-twitter\"><a href=\"https:\/\/twitter.com\/share\" class=\"twitter-share-button\" data-url=\"http:\/\/www.michael-schumacher.es\/noticias-f1\/2013\/07\/21\/boullier-quiere-mantener-a-raikkonen-en-lotus\/\" data-text=\"Boullier quiere mantener a Raikkonen en Lotus\"  >Tweet<\/a><\/li><li class=\"share-email\"><a rel=\"nofollow noopener noreferrer\" data-shared=\"\" class=\"share-email sd-button\" href=\"http:\/\/www.michael-schumacher.es\/noticias-f1\/2013\/07\/21\/boullier-quiere-mantener-a-raikkonen-en-lotus\/?share=email\" target=\"_blank\" title=\"Haz clic para enviar por correo electr\u00f3nico a un amigo\"><span>Correo electr\u00f3nico<\/span><\/a><\/li><li class=\"share-end\"><\/li><\/ul><\/div><\/div><\/div>","protected":false},"author":3,"featured_media":0,"comment_status":"open","ping_status":"open","sticky":false,"template":"","format":"standard","meta":{"_monsterinsights_skip_tracking":false,"_monsterinsights_sitenote_active":false,"_monsterinsights_sitenote_note":"","_monsterinsights_sitenote_category":0,"spay_email":"","jetpack_publicize_message":"","jetpack_is_tweetstorm":false,"jetpack_publicize_feature_enabled":true},"categories":[3],"tags":[373,758,443,500,381,232,17,15,557,444,81,26,1321,72,1680,24,51,238],"jetpack_featured_media_url":"","jetpack_publicize_connections":[],"jetpack_sharing_enabled":true,"jetpack_shortlink":"https:\/\/wp.me\/p27q3P-2ZE","_links":{"self":[{"href":"http:\/\/www.michael-schumacher.es\/noticias-f1\/wp-json\/wp\/v2\/posts\/11510"}],"collection":[{"href":"http:\/\/www.michael-schumacher.es\/noticias-f1\/wp-json\/wp\/v2\/posts"}],"about":[{"href":"http:\/\/www.michael-schumacher.es\/noticias-f1\/wp-json\/wp\/v2\/types\/post"}],"author":[{"embeddable":true,"href":"http:\/\/www.michael-schumacher.es\/noticias-f1\/wp-json\/wp\/v2\/users\/3"}],"replies":[{"embeddable":true,"href":"http:\/\/www.michael-schumacher.es\/noticias-f1\/wp-json\/wp\/v2\/comments?post=11510"}],"version-history":[{"count":0,"href":"http:\/\/www.michael-schumacher.es\/noticias-f1\/wp-json\/wp\/v2\/posts\/11510\/revisions"}],"wp:attachment":[{"href":"http:\/\/www.michael-schumacher.es\/noticias-f1\/wp-json\/wp\/v2\/media?parent=11510"}],"wp:term":[{"taxonomy":"category","embeddable":true,"href":"http:\/\/www.michael-schumacher.es\/noticias-f1\/wp-json\/wp\/v2\/categories?post=11510"},{"taxonomy":"post_tag","embeddable":true,"href":"http:\/\/www.michael-schumacher.es\/noticias-f1\/wp-json\/wp\/v2\/tags?post=11510"}],"curies":[{"name":"wp","href":"https:\/\/api.w.org\/{rel}","templated":true}]}}